{"id":1022,"date":"2017-01-24T16:39:51","date_gmt":"2017-01-24T16:39:51","guid":{"rendered":"http:\/\/amadalamazigh.press.ma\/fr\/?p=1022"},"modified":"2017-06-09T18:22:16","modified_gmt":"2017-06-09T18:22:16","slug":"la-chaine-canal-france-algerie-a-ete-lancee-en-france","status":"publish","type":"post","link":"https:\/\/amadalamazigh.press.ma\/fr\/la-chaine-canal-france-algerie-a-ete-lancee-en-france\/","title":{"rendered":"La cha\u00eene Canal France Alg\u00e9rie a \u00e9t\u00e9 lanc\u00e9e en France"},"content":{"rendered":"<p style=\"text-align: justify;\"><img data-recalc-dims=\"1\" loading=\"lazy\" decoding=\"async\" class=\"size-medium wp-image-1248 alignleft\" src=\"https:\/\/i0.wp.com\/amadalamazigh.press.ma\/fr\/wp-content\/uploads\/2017\/01\/canal-444x250.jpg?resize=444%2C250\" alt=\"\" width=\"444\" height=\"250\" srcset=\"https:\/\/i0.wp.com\/amadalamazigh.press.ma\/fr\/wp-content\/uploads\/2017\/01\/canal.jpg?resize=444%2C250&amp;ssl=1 444w, https:\/\/i0.wp.com\/amadalamazigh.press.ma\/fr\/wp-content\/uploads\/2017\/01\/canal.jpg?w=575&amp;ssl=1 575w\" sizes=\"auto, (max-width: 444px) 100vw, 444px\" \/>Une nouvelle cha\u00eene de t\u00e9l\u00e9vision alg\u00e9rienne est n\u00e9e dans le paysage m\u00e9diatique fran\u00e7ais. Il s\u2019agit de Canal France Alg\u00e9rie, projet port\u00e9 par Djamel Guessoum, professionnel du terrain social et politique.<\/p>\n<p style=\"text-align: justify;\">La nouvelle cha\u00eene Tv a d\u00e9marr\u00e9 ses programmes le 5 janvier 2017. Elle est pr\u00e9sent\u00e9e comme\u00a0<em>\u00ab\u00a0le m\u00e9dia fait par des Alg\u00e9riens pour les Alg\u00e9riens ici en France\u00a0\u00bb<\/em>, selon le propos de Djamel Guessoum. L\u2019offre est un m\u00e9lange de contenus sur la religion, la politique, la culture, la musique ou encore la beaut\u00e9.<\/p>\n<p style=\"text-align: justify;\">La cha\u00eene Canal France Alg\u00e9rie trouve sur le march\u00e9 deux concurrentes\u00a0: Beur Tv et Berb\u00e8re Tv. Le probl\u00e8me auquel ces m\u00e9dias font face est celui du manque de financement.<\/p>\n<p style=\"text-align: justify;\">Berb\u00e8re Tv est essentiellement regard\u00e9e au sein de la communaut\u00e9 berb\u00e8re en France. La cha\u00eene a m\u00eame r\u00e9duit son activit\u00e9 \u00e0 la promotion des artistes et acteurs politiques kabyles. En France, Berb\u00e8re Tv et ses trois d\u00e9clinaisons (junior et chansons) sont disponibles sur la BOX. Mais la cha\u00eene est absente en Alg\u00e9rie o\u00f9 il existe un public d\u00e9sireux de s\u2019informer sur l\u2019importante diaspora alg\u00e9rienne en France.<\/p>\n<p style=\"text-align: justify;\">Quant \u00e0 la cha\u00eene Beur Tv, elle peine \u00e0 exister aupr\u00e8s des immigr\u00e9s alg\u00e9riens en France. Finalement, c\u2019est sa version Mena qui est regard\u00e9e en Alg\u00e9rie et dans le Moyen-Orient.<\/p>\n<p>Voil\u00e0 autant de d\u00e9fis et d\u2019obstacles que doit relever la nouvelle cha\u00eene Canal France Alg\u00e9rie. Mais pour ses promoteurs, les difficult\u00e9s rencontr\u00e9es par la concurrence montrent qu\u2019il y a de la place pour faire mieux.<\/p>\n","protected":false},"excerpt":{"rendered":"<p>Une nouvelle cha\u00eene de t\u00e9l\u00e9vision alg\u00e9rienne est n\u00e9e dans le paysage m\u00e9diatique fran\u00e7ais. Il s\u2019agit de Canal France Alg\u00e9rie, projet port\u00e9 par Djamel Guessoum, professionnel du terrain social et politique. La nouvelle cha\u00eene Tv a d\u00e9marr\u00e9 ses programmes le 5 janvier 2017. Elle est pr\u00e9sent\u00e9e comme\u00a0\u00ab\u00a0le m\u00e9dia fait par des Alg\u00e9riens pour les Alg\u00e9riens ici &hellip;<\/p>\n","protected":false},"author":2,"featured_media":1248,"comment_status":"open","ping_status":"open","sticky":false,"template":"","format":"standard","meta":{"jetpack_post_was_ever_published":false,"_jetpack_newsletter_access":"","_jetpack_dont_email_post_to_subs":false,"_jetpack_newsletter_tier_id":0,"_jetpack_memberships_contains_paywalled_content":false,"_jetpack_memberships_contains_paid_content":false,"footnotes":"","jetpack_publicize_message":"","jetpack_publicize_feature_enabled":true,"jetpack_social_post_already_shared":true,"jetpack_social_options":{"image_generator_settings":{"template":"highway","default_image_id":0,"font":"","enabled":false},"version":2}},"categories":[26,18],"tags":[],"class_list":["post-1022","post","type-post","status-publish","format-standard","has-post-thumbnail","","category-agenda","category-hors-tamazgha"],"jetpack_publicize_connections":[],"jetpack_featured_media_url":"https:\/\/i0.wp.com\/amadalamazigh.press.ma\/fr\/wp-content\/uploads\/2017\/01\/canal.jpg?fit=575%2C324&ssl=1","jetpack_shortlink":"https:\/\/wp.me\/p9uxE2-gu","jetpack_sharing_enabled":true,"_links":{"self":[{"href":"https:\/\/amadalamazigh.press.ma\/fr\/wp-json\/wp\/v2\/posts\/1022","targetHints":{"allow":["GET"]}}],"collection":[{"href":"https:\/\/amadalamazigh.press.ma\/fr\/wp-json\/wp\/v2\/posts"}],"about":[{"href":"https:\/\/amadalamazigh.press.ma\/fr\/wp-json\/wp\/v2\/types\/post"}],"author":[{"embeddable":true,"href":"https:\/\/amadalamazigh.press.ma\/fr\/wp-json\/wp\/v2\/users\/2"}],"replies":[{"embeddable":true,"href":"https:\/\/amadalamazigh.press.ma\/fr\/wp-json\/wp\/v2\/comments?post=1022"}],"version-history":[{"count":3,"href":"https:\/\/amadalamazigh.press.ma\/fr\/wp-json\/wp\/v2\/posts\/1022\/revisions"}],"predecessor-version":[{"id":1250,"href":"https:\/\/amadalamazigh.press.ma\/fr\/wp-json\/wp\/v2\/posts\/1022\/revisions\/1250"}],"wp:featuredmedia":[{"embeddable":true,"href":"https:\/\/amadalamazigh.press.ma\/fr\/wp-json\/wp\/v2\/media\/1248"}],"wp:attachment":[{"href":"https:\/\/amadalamazigh.press.ma\/fr\/wp-json\/wp\/v2\/media?parent=1022"}],"wp:term":[{"taxonomy":"category","embeddable":true,"href":"https:\/\/amadalamazigh.press.ma\/fr\/wp-json\/wp\/v2\/categories?post=1022"},{"taxonomy":"post_tag","embeddable":true,"href":"https:\/\/amadalamazigh.press.ma\/fr\/wp-json\/wp\/v2\/tags?post=1022"}],"curies":[{"name":"wp","href":"https:\/\/api.w.org\/{rel}","templated":true}]}}