{"id":1026,"date":"2017-01-30T14:56:52","date_gmt":"2017-01-30T14:56:52","guid":{"rendered":"http:\/\/amadalamazigh.press.ma\/fr\/?p=1026"},"modified":"2017-01-30T14:56:52","modified_gmt":"2017-01-30T14:56:52","slug":"appel-pour-la-reconnaissance-des-crimes-coloniaux-commis-par-la-france","status":"publish","type":"post","link":"https:\/\/amadalamazigh.press.ma\/fr\/appel-pour-la-reconnaissance-des-crimes-coloniaux-commis-par-la-france\/","title":{"rendered":"Appel pour la reconnaissance des crimes coloniaux commis par la France"},"content":{"rendered":"<p style=\"text-align: justify;\"><img data-recalc-dims=\"1\" loading=\"lazy\" decoding=\"async\" class=\"size-medium wp-image-1027 alignleft\" src=\"https:\/\/i0.wp.com\/amadalamazigh.press.ma\/fr\/wp-content\/uploads\/2017\/01\/8-Mai-1945-Massacre-de-S%C3%A9tif-358x250.jpg?resize=358%2C250\" alt=\"\" width=\"358\" height=\"250\" srcset=\"https:\/\/i0.wp.com\/amadalamazigh.press.ma\/fr\/wp-content\/uploads\/2017\/01\/8-Mai-1945-Massacre-de-S%C3%A9tif.jpg?resize=358%2C250&amp;ssl=1 358w, https:\/\/i0.wp.com\/amadalamazigh.press.ma\/fr\/wp-content\/uploads\/2017\/01\/8-Mai-1945-Massacre-de-S%C3%A9tif.jpg?w=600&amp;ssl=1 600w\" sizes=\"auto, (max-width: 358px) 100vw, 358px\" \/>vendredi 27 janvier 2017<\/p>\n<p style=\"text-align: justify;\"><a href=\"http:\/\/www.4acg.org\/Appel-pour-la-reconnaissance-des-crimes-coloniaux-commis-par-la-France\" target=\"_blank\">http:\/\/www.4acg.org\/Appel-pour-la-reconnaissance-des-crimes-coloniaux-commis-par-la-France<\/a><\/p>\n<p style=\"text-align: justify;\">Populations \u00abindig\u00e8nes\u00bb soumises au travail forc\u00e9, dispositions racistes et d\u2019exception \u2013 codes de l\u2019indig\u00e9nat, internement administratif, responsabilit\u00e9 collective, etc\u2026 &#8211; impos\u00e9es aux colonis\u00e9s qui, dans leur \u00e9crasante majorit\u00e9, n\u2019\u00e9taient pas consid\u00e9r\u00e9s comme des citoyens mais comme des \u00ab sujets fran\u00e7ais \u00bb jusqu\u2019\u00e0 la Lib\u00e9ration, d\u00e9portations, ex\u00e9cutions sommaires et massacres ; autant de pratiques qui ont \u00e9t\u00e9 constitutives de la construction et de la d\u00e9fense de l\u2019empire colonial fran\u00e7ais. Les massacres de Thiaroye au S\u00e9n\u00e9gal (d\u00e9cembre 1944), ceux de S\u00e9tif, Guelma et Kherrata en Alg\u00e9rie, qui d\u00e9butent le 8 mai 1945 et leurs dizaines de milliers de morts, en t\u00e9moignent sinistrement.<\/p>\n<p style=\"text-align: justify;\">Il y a soixante-dix ans, au mois de mars 1947, la guerre d\u2019Indochine et l\u2019insurrection malgache d\u00e9butaient. Le 1er novembre 1954, un conflit long et sanglant commen\u00e7ait en Alg\u00e9rie. Entre 1945 et 1962, la France a donc \u00e9t\u00e9 presque constamment engag\u00e9e dans des op\u00e9rations militaires coloniales qui se sont sold\u00e9es par pr\u00e8s d\u2019un million de morts. N\u2019oublions pas la guerre longtemps occult\u00e9e men\u00e9e au Cameroun (1955-1971) et les r\u00e9pressions sanglantes des militants guadeloup\u00e9ens et kanaks.<\/p>\n<p style=\"text-align: justify;\">Si la loi Taubira et les initiatives de la soci\u00e9t\u00e9 civile ont permis un d\u00e9but de reconnaissance sociale et politique de l\u2019esclavage et de la traite n\u00e9gri\u00e8re, il n\u2019en est pas de m\u00eame pour les crimes commis avant ou apr\u00e8s la Seconde Guerre mondiale. Cette situation est inacceptable, car elle ajoute aux massacres, l\u2019outrage aux victimes, \u00e0 leurs descendants et leurs proches.<\/p>\n<p style=\"text-align: justify;\">Aussi, nous demandons aux plus hautes autorit\u00e9s de l\u2019Etat et aux candidat-e-s \u00e0 l\u2019\u00e9lection pr\u00e9sidentielle qu\u2019ils se prononcent pour la cr\u00e9ation d\u2019un lieu du souvenir \u00e0 la m\u00e9moire de celles et ceux qui furent assassin\u00e9s, l\u2019ouverture de toutes les archives relatives \u00e0 ces diff\u00e9rents \u00e9v\u00e9nements et la reconnaissance de ces crimes de guerre et de ces crimes d\u2019Etat. C\u2019est ainsi que justice sera rendue aux h\u00e9ritiers de l\u2019immigration coloniale et post-coloniale, et que les discriminations m\u00e9morielles qui les affectent toujours pourront \u00eatre combattues. Enfin, de tels actes permettront \u00e0 tous les Fran\u00e7ais-e-s de mieux conna\u00eetre cette histoire singuli\u00e8re.<\/p>\n<p style=\"text-align: justify;\"><strong><span style=\"color: #ff0000;\">Signataires :<\/span><\/strong><\/p>\n<p style=\"text-align: justify;\">Alacarz, Nadia, \u00e9crivaine. Aouina, Hamadi, artiste groupe Zyriab. Bantigny, Ludivine, historienne. Barbier, Mich\u00e8le, pr\u00e9sidente de la LDH Saint-Pons Hauts Cantons. Benaissa, Yourid, syndicaliste. Benna\u00ef, Farid, membre du r\u00e9seau Reprenons l\u2019initiative contre les politiques de racialisation. Bihr, Alain, sociologue. Bouamama, Sa\u00efd, sociologue et membre du FUIQP. Boumediene, Alima, avocate. Braun, Henri, avocat. Briant, Jo, militant associatif. Brossat, Alain, philosophe. Brun, Fran\u00e7ois, militant NPA. Boutault, Jacques, maire du 2e arrondissement de Paris, (Eelv). Candas, Viviane, cin\u00e9aste. Charansonnet, Alexis, historien. Clerval, Anne, g\u00e9ographe. Cours-Salies, Pierre, sociologue. Daeninckx, Didier, \u00e9crivain. Dayan-Herzbrun, Sonia, sociologue. Desjardin, Alain, pr\u00e9sident de l\u2019association Anciens Appel\u00e9s en Alg\u00e9rie et leurs Amis contre la Guerre (4ACG). Delphy, Christine, sociologue. Deltombe, Thomas, \u00e9diteur. Epsztajn, Didier, animateur du blog Entre les lignes. Entre les mots. Farbiaz. Patrick. Fassin, Eric, sociologue. Favre, Jean-Louis. Furon, Ferial, pr\u00e9sidente de l\u2019association Franco-Alg\u00e9riens R\u00e9publicains Rassembl\u00e9s (FARR). Garcia, Marcela, sociologue. Gassa, Amelle, maire-adjointe en charge des affaires juridiques (Givors). G\u00e8ze, Fran\u00e7ois, \u00e9diteur. Hedna, Toufik, pr\u00e9sident de l\u2019association Les Amis de l\u2019Alg\u00e9rie (Rennes). Ivekovic, Rada, philosophe, Johsua, Samy, \u00e9lu Front de Gauche, (Marseille). Kahoul, Yamina, maire-adjointe au d\u00e9veloppement \u00e9conomique (Givors). Kaki, Mhamed, pr\u00e9sident de l\u2019association Les Oranges. Khalfa, Pierre, co-pr\u00e9sident de la Fondation Copernic. Kodjo-Granvaux, S\u00e9verine, philosophe. Kupferstein, Daniel, r\u00e9alisateur. Laffitte, Roland, chercheur ind\u00e9pendant. Lahmer, Annie, conseill\u00e8re r\u00e9gionale Ile-de-France (Eelv). Lallaoui, Mehdi, r\u00e9alisateur. Lavignotte, St\u00e9phane, th\u00e9ologien. Le Cour Grandmaison, Olivier, universitaire. Lowy, Elise, membre du bureau ex\u00e9cutif d\u2019Eelv, d\u00e9l\u00e9gu\u00e9e aux relations internationales. Luste Boulbina, Seloua, philosophe. Maherzi, A\u00efcha, universitaire. Marli\u00e8re, Philippe, politiste. Martelli, Roger, historien, co-directeur de Regards. Massiah, Gustavo, \u00e9conomiste. Mbembe, Achille, historien. Messaoudi, Samia, journaliste et responsable Au nom de la M\u00e9moire. Meynier, Gilbert, historien. Monville-De Cecco, B\u00e9n\u00e9dicte, conseill\u00e8re r\u00e9gionale Ile-de-France (Eelv). Morillas, Cindy, politiste. Nahori, Mich\u00e8le, p\u00e9diatre. Omani, Rania, artiste peintre. Pape, Elise, sociologue. Passevant, Christiane, Radio Libertaire. Pelletier, Willy, coordinateur g\u00e9n\u00e9ral de la Fondation Copernic. Pfefferkorn, Roland, sociologue. Poupin, Christine, porte-parole du NPA. Pr\u00e9mel, G\u00e9rard, \u00e9crivain. Raharimanana, Jean-Luc, \u00e9crivain. Riceputi, Fabrice, historien. Riot-Sarcey, Mich\u00e8le, historienne. Ruscio, Alain, historien. Sala-Molins, Lluis, professeur \u00e9m\u00e9rite de philosophie politique. Samary, Catherine, \u00e9conomiste. Senari, Ali, conseiller municipal (Givors). Silberstein, Patrick, \u00e9diteur. Spensky, Martine, historienne. Taraud, Christelle, historienne. Tin, Louis-Georges, pr\u00e9sident du CRAN. Tobner, Odile. Vermeren, Pauline, philosophe. Vianna, Pedro, \u00e9crivain. Zemor, Olivia, pr\u00e9sidente de CAPJO-EuroPalestine<\/p>\n","protected":false},"excerpt":{"rendered":"<p>vendredi 27 janvier 2017 http:\/\/www.4acg.org\/Appel-pour-la-reconnaissance-des-crimes-coloniaux-commis-par-la-France Populations \u00abindig\u00e8nes\u00bb soumises au travail forc\u00e9, dispositions racistes et d\u2019exception \u2013 codes de l\u2019indig\u00e9nat, internement administratif, responsabilit\u00e9 collective, etc\u2026 &#8211; impos\u00e9es aux colonis\u00e9s qui, dans leur \u00e9crasante majorit\u00e9, n\u2019\u00e9taient pas consid\u00e9r\u00e9s comme des citoyens mais comme des \u00ab sujets fran\u00e7ais \u00bb jusqu\u2019\u00e0 la Lib\u00e9ration, d\u00e9portations, ex\u00e9cutions sommaires et massacres ; &hellip;<\/p>\n","protected":false},"author":2,"featured_media":1027,"comment_status":"open","ping_status":"open","sticky":false,"template":"","format":"standard","meta":{"jetpack_post_was_ever_published":false,"_jetpack_newsletter_access":"","_jetpack_dont_email_post_to_subs":false,"_jetpack_newsletter_tier_id":0,"_jetpack_memberships_contains_paywalled_content":false,"_jetpack_memberships_contains_paid_content":false,"footnotes":"","jetpack_publicize_message":"","jetpack_publicize_feature_enabled":true,"jetpack_social_post_already_shared":true,"jetpack_social_options":{"image_generator_settings":{"template":"highway","default_image_id":0,"font":"","enabled":false},"version":2}},"categories":[8],"tags":[],"class_list":["post-1026","post","type-post","status-publish","format-standard","has-post-thumbnail","","category-algerie"],"jetpack_publicize_connections":[],"jetpack_featured_media_url":"https:\/\/i0.wp.com\/amadalamazigh.press.ma\/fr\/wp-content\/uploads\/2017\/01\/8-Mai-1945-Massacre-de-S%C3%A9tif.jpg?fit=600%2C419&ssl=1","jetpack_shortlink":"https:\/\/wp.me\/p9uxE2-gy","jetpack_sharing_enabled":true,"_links":{"self":[{"href":"https:\/\/amadalamazigh.press.ma\/fr\/wp-json\/wp\/v2\/posts\/1026","targetHints":{"allow":["GET"]}}],"collection":[{"href":"https:\/\/amadalamazigh.press.ma\/fr\/wp-json\/wp\/v2\/posts"}],"about":[{"href":"https:\/\/amadalamazigh.press.ma\/fr\/wp-json\/wp\/v2\/types\/post"}],"author":[{"embeddable":true,"href":"https:\/\/amadalamazigh.press.ma\/fr\/wp-json\/wp\/v2\/users\/2"}],"replies":[{"embeddable":true,"href":"https:\/\/amadalamazigh.press.ma\/fr\/wp-json\/wp\/v2\/comments?post=1026"}],"version-history":[{"count":1,"href":"https:\/\/amadalamazigh.press.ma\/fr\/wp-json\/wp\/v2\/posts\/1026\/revisions"}],"predecessor-version":[{"id":1028,"href":"https:\/\/amadalamazigh.press.ma\/fr\/wp-json\/wp\/v2\/posts\/1026\/revisions\/1028"}],"wp:featuredmedia":[{"embeddable":true,"href":"https:\/\/amadalamazigh.press.ma\/fr\/wp-json\/wp\/v2\/media\/1027"}],"wp:attachment":[{"href":"https:\/\/amadalamazigh.press.ma\/fr\/wp-json\/wp\/v2\/media?parent=1026"}],"wp:term":[{"taxonomy":"category","embeddable":true,"href":"https:\/\/amadalamazigh.press.ma\/fr\/wp-json\/wp\/v2\/categories?post=1026"},{"taxonomy":"post_tag","embeddable":true,"href":"https:\/\/amadalamazigh.press.ma\/fr\/wp-json\/wp\/v2\/tags?post=1026"}],"curies":[{"name":"wp","href":"https:\/\/api.w.org\/{rel}","templated":true}]}}