{"id":1037,"date":"2017-02-03T20:05:57","date_gmt":"2017-02-03T20:05:57","guid":{"rendered":"http:\/\/amadalamazigh.press.ma\/fr\/?p=1037"},"modified":"2017-02-03T20:05:57","modified_gmt":"2017-02-03T20:05:57","slug":"les-amazighs-demandent-au-conseil-de-securite-dintervenir-pour-sauver-la-vie-du-leader-des-mozabites-algeriens","status":"publish","type":"post","link":"https:\/\/amadalamazigh.press.ma\/fr\/les-amazighs-demandent-au-conseil-de-securite-dintervenir-pour-sauver-la-vie-du-leader-des-mozabites-algeriens\/","title":{"rendered":"Les Amazighs demandent au Conseil de S\u00e9curit\u00e9 d\u2019intervenir pour sauver la vie du leader des Mozabites alg\u00e9riens"},"content":{"rendered":"<p style=\"text-align: center;\"><img data-recalc-dims=\"1\" loading=\"lazy\" decoding=\"async\" class=\"size-medium wp-image-1038 alignleft\" src=\"https:\/\/i0.wp.com\/amadalamazigh.press.ma\/fr\/wp-content\/uploads\/2017\/02\/Olof-Skoog-448x250.jpg?resize=448%2C250\" alt=\"\" width=\"448\" height=\"250\" srcset=\"https:\/\/i0.wp.com\/amadalamazigh.press.ma\/fr\/wp-content\/uploads\/2017\/02\/Olof-Skoog.jpg?resize=448%2C250&amp;ssl=1 448w, https:\/\/i0.wp.com\/amadalamazigh.press.ma\/fr\/wp-content\/uploads\/2017\/02\/Olof-Skoog.jpg?resize=1024%2C572&amp;ssl=1 1024w, https:\/\/i0.wp.com\/amadalamazigh.press.ma\/fr\/wp-content\/uploads\/2017\/02\/Olof-Skoog.jpg?w=1200&amp;ssl=1 1200w\" sizes=\"auto, (max-width: 448px) 100vw, 448px\" \/>A Son Excellence,<br \/>\nM. Olof Skoog,<br \/>\nRepr\u00e9sentant permanent de la Su\u00e8de au Conseil de S\u00e9curit\u00e9 des Nations Unies<\/p>\n<p>Objet : demande urgente d\u2019intervenir pour sauver la vie du leader des Mozabites alg\u00e9riens et d\u2019exiger la lib\u00e9ration imm\u00e9diate de tous les d\u00e9tenus politiques<\/p>\n<p>Excellence,<\/p>\n<p>En tant que repr\u00e9sentant permanent de la Su\u00e8de au Conseil de S\u00e9curit\u00e9 des Nations Unies, et m\u00eame si vous venez de laisser la pr\u00e9sidence mensuelle de cette organe ce mardi 31 janvier, nous avons le plaisir d\u2019appeler votre attention \u00e0 propos de la question des flagrantes violations des droits humains des citoyens amazighs dans la r\u00e9gion du Mzab, dont l\u2019un est entre la vie et la mort, en l\u2019occurrence le leader de ce peuple autochtone du Mzab, Dr. Kameleddine Fekhar, apr\u00e8s plus de vingt jours de sa quatri\u00e8me gr\u00e8ve de la faim.<\/p>\n<p>Excellence,<\/p>\n<p>Nous vous informons que les autorit\u00e9s alg\u00e9riennes, au lieu de respecter la D\u00e9claration Universelle des Droits de l\u2019Homme, violent d\u00e9lib\u00e9r\u00e9ment les droits humains au Mzab (et dans d\u2019autres r\u00e9gions amazighophones comme la Kabylie et le pays tuar\u00e8gue), en continuant \u00e0 d\u00e9tenir injustement des dizaines de militants des droits humains dont notre repr\u00e9sentant le Dr. Kameleddine Fekhar et ses compagnons, victimes de fausses accusations dont celles d\u2019atteinte \u00e0 l\u2019int\u00e9r\u00eat national et outrage \u00e0 corps constitu\u00e9, en condamnant \u00e0 l\u2019exil d\u2019autre militants comme notre pr\u00e9sident d\u00e9l\u00e9gu\u00e9 de notre ONG en Alg\u00e9rie , M. Khodir Sekouti. Le gouvernement alg\u00e9rien continue \u00e0 mener une politique g\u00e9nocidaire \u00e0 l\u2019encontre du peuple mozabite, en soutenant la communaut\u00e9 arabophone \u00abCha\u00e2nba \u00bb qui agresse continuellement cette communaut\u00e9 autochtone amazighe, en provoquant \u00e0 un certain moment l\u2019assassinat de plus d\u2019une trentaine de personnes en sus de plus d\u2019une centaine de bless\u00e9s\u2026 (voir\u00a0: www.amazigh24.com\/sites\/default\/files\/ama_rapport_mzab_nov15.pdf ).<\/p>\n<p>En plus, les d\u00e9clarations d\u2019Ammar Saadani,\u00a0 Secr\u00e9taire G\u00e9n\u00e9ral du FLN qui a \u00e9t\u00e9 oblig\u00e9 de d\u00e9missionner, accuse directement l\u2019implication de l\u2019ancien chef de la DRS, des services secrets militaires, le G\u00e9n\u00e9ral Mohamed M\u00e9di\u00e8ne dit \u00ab\u00a0Taoufik\u00a0\u00bb, dans ces tragiques \u00e9v\u00e9nements de Gharda\u00efa de 2013 \u00e0 2015, et la justice alg\u00e9rienne a r\u00e9pondu avec la sourde oreille sans ouvrir aucune enqu\u00eate judiciaire\u00a0!<\/p>\n<p>Au lieu de d\u00e9ployer leurs efforts \u00e0 prot\u00e9ger les personnes et leurs biens mat\u00e9riels et de traduire en justice les responsables, les agents des autorit\u00e9s alg\u00e9riennes (polices, gendarmes et agents de renseignements) continuent \u00e0 violer tous les instruments internationaux des droits humains et de pi\u00e9tiner toutes les lois nationales et conventions internationales, en se comportant malheureusement comme une force d\u2019occupation coloniale, insensible aux appels des ONG internationales, aux institutions europ\u00e9ennes et \u00e0 nos comit\u00e9s de soutiens et aux associations amazighes.<\/p>\n<p>Excellence,<\/p>\n<p>Nous vous demandons de donner suite \u00e0 notre alerte, en sensibilisant et en interpellant tous les membres du Conseil de S\u00e9curit\u00e9 sur cette urgente question, afin \u00a0d\u2019exiger la lib\u00e9ration imm\u00e9diate de Dr. Kameleddine Fekhar et de tous les prisonniers politiques mozabites et obligez par cons\u00e9quent, les autorit\u00e9s alg\u00e9riennes \u00e0 se conformer au droit international,\u00a0 d\u2019arr\u00eater une fois pour toute leur politique d\u2019agression \u00e0 l\u2019encontre du peuple amazigh et plus particuli\u00e8rement du peuple mozabite, et de proc\u00e9der \u00e0 la constitution d\u2019une commission d\u2019enqu\u00eate des Nations Unies sur ce drame humain. Y inclus m\u00eame, s\u2019il le faut, d\u2019interpeller le procureur de la Cour P\u00e9nale Internationale (CPI), du fait que M. Mark P. Dillon, du bureau de procureur, nous a r\u00e9pondu dans le courrier du 22\/12\/2016, nous signale que\u00a0: \u00a0\u00bb\u00a0la Cour p\u00e9nale internationale est r\u00e9gie par le Statut de Rome, lequel conf\u00e8re \u00e0 la Cour une comp\u00e9tence et un mandat particuliers et bien d\u00e9finis. L\u2019un des aspects fondamentaux du Statut de Rome (articles 12 et 13) est la stipulation que la Cour peut seulement avoir comp\u00e9tence sur les crimes internationaux si : la situation est d\u00e9f\u00e9r\u00e9e au Procureur par le Conseil de s\u00e9curit\u00e9 agissant en vertu du chapitre VII de la Charte des Nations Unies (http:\/\/amadalamazigh.press.ma\/fr\/?p=1003.)\u00a0\u00bb.<\/p>\n<p>En vous remerciant de votre diligence, veuillez agr\u00e9er, Excellence, l\u2019assurance de ma consid\u00e9ration fort distingu\u00e9e.<\/p>\n<p style=\"text-align: center;\">Sign\u00e9: Rachid RAHA<br \/>\nPr\u00e9sident\u00a0de l\u2019Assembl\u00e9e Mondiale Amazighe<\/p>\n","protected":false},"excerpt":{"rendered":"<p>A Son Excellence, M. Olof Skoog, Repr\u00e9sentant permanent de la Su\u00e8de au Conseil de S\u00e9curit\u00e9 des Nations Unies Objet : demande urgente d\u2019intervenir pour sauver la vie du leader des Mozabites alg\u00e9riens et d\u2019exiger la lib\u00e9ration imm\u00e9diate de tous les d\u00e9tenus politiques Excellence, En tant que repr\u00e9sentant permanent de la Su\u00e8de au Conseil de S\u00e9curit\u00e9 &hellip;<\/p>\n","protected":false},"author":2,"featured_media":1038,"comment_status":"open","ping_status":"open","sticky":false,"template":"","format":"standard","meta":{"jetpack_post_was_ever_published":false,"_jetpack_newsletter_access":"","_jetpack_dont_email_post_to_subs":false,"_jetpack_newsletter_tier_id":0,"_jetpack_memberships_contains_paywalled_content":false,"_jetpack_memberships_contains_paid_content":false,"footnotes":"","jetpack_publicize_message":"","jetpack_publicize_feature_enabled":true,"jetpack_social_post_already_shared":true,"jetpack_social_options":{"image_generator_settings":{"template":"highway","default_image_id":0,"font":"","enabled":false},"version":2}},"categories":[8],"tags":[],"class_list":["post-1037","post","type-post","status-publish","format-standard","has-post-thumbnail","","category-algerie"],"jetpack_publicize_connections":[],"jetpack_featured_media_url":"https:\/\/i0.wp.com\/amadalamazigh.press.ma\/fr\/wp-content\/uploads\/2017\/02\/Olof-Skoog.jpg?fit=1200%2C670&ssl=1","jetpack_shortlink":"https:\/\/wp.me\/p9uxE2-gJ","jetpack_sharing_enabled":true,"_links":{"self":[{"href":"https:\/\/amadalamazigh.press.ma\/fr\/wp-json\/wp\/v2\/posts\/1037","targetHints":{"allow":["GET"]}}],"collection":[{"href":"https:\/\/amadalamazigh.press.ma\/fr\/wp-json\/wp\/v2\/posts"}],"about":[{"href":"https:\/\/amadalamazigh.press.ma\/fr\/wp-json\/wp\/v2\/types\/post"}],"author":[{"embeddable":true,"href":"https:\/\/amadalamazigh.press.ma\/fr\/wp-json\/wp\/v2\/users\/2"}],"replies":[{"embeddable":true,"href":"https:\/\/amadalamazigh.press.ma\/fr\/wp-json\/wp\/v2\/comments?post=1037"}],"version-history":[{"count":2,"href":"https:\/\/amadalamazigh.press.ma\/fr\/wp-json\/wp\/v2\/posts\/1037\/revisions"}],"predecessor-version":[{"id":1040,"href":"https:\/\/amadalamazigh.press.ma\/fr\/wp-json\/wp\/v2\/posts\/1037\/revisions\/1040"}],"wp:featuredmedia":[{"embeddable":true,"href":"https:\/\/amadalamazigh.press.ma\/fr\/wp-json\/wp\/v2\/media\/1038"}],"wp:attachment":[{"href":"https:\/\/amadalamazigh.press.ma\/fr\/wp-json\/wp\/v2\/media?parent=1037"}],"wp:term":[{"taxonomy":"category","embeddable":true,"href":"https:\/\/amadalamazigh.press.ma\/fr\/wp-json\/wp\/v2\/categories?post=1037"},{"taxonomy":"post_tag","embeddable":true,"href":"https:\/\/amadalamazigh.press.ma\/fr\/wp-json\/wp\/v2\/tags?post=1037"}],"curies":[{"name":"wp","href":"https:\/\/api.w.org\/{rel}","templated":true}]}}