{"id":1042,"date":"2017-02-07T19:05:36","date_gmt":"2017-02-07T19:05:36","guid":{"rendered":"http:\/\/amadalamazigh.press.ma\/fr\/?p=1042"},"modified":"2017-02-07T19:05:36","modified_gmt":"2017-02-07T19:05:36","slug":"en-solidarite-avec-le-dr-fekhar-et-ses-codetenus-en-greve-de-la-faim-des-femmes-dath-bouyali-mozabites-observent-un-jeune-illimite","status":"publish","type":"post","link":"https:\/\/amadalamazigh.press.ma\/fr\/en-solidarite-avec-le-dr-fekhar-et-ses-codetenus-en-greve-de-la-faim-des-femmes-dath-bouyali-mozabites-observent-un-jeune-illimite\/","title":{"rendered":"EN SOLIDARITE AVEC LE DR FEKHAR ET SES COD\u00c9TENUS EN GR\u00c8VE DE LA FAIM:\u00a0DES FEMMES D&rsquo;ATH BOUYALI (MOZABITES) OBSERVENT UN JE\u00dbNE ILLIMIT\u00c9"},"content":{"rendered":"<p><img data-recalc-dims=\"1\" loading=\"lazy\" decoding=\"async\" class=\"size-medium wp-image-1043 alignleft\" src=\"https:\/\/i0.wp.com\/amadalamazigh.press.ma\/fr\/wp-content\/uploads\/2017\/02\/blob-365x250.png?resize=365%2C250\" alt=\"\" width=\"365\" height=\"250\" srcset=\"https:\/\/i0.wp.com\/amadalamazigh.press.ma\/fr\/wp-content\/uploads\/2017\/02\/blob.png?resize=365%2C250&amp;ssl=1 365w, https:\/\/i0.wp.com\/amadalamazigh.press.ma\/fr\/wp-content\/uploads\/2017\/02\/blob.png?resize=110%2C75&amp;ssl=1 110w, https:\/\/i0.wp.com\/amadalamazigh.press.ma\/fr\/wp-content\/uploads\/2017\/02\/blob.png?w=800&amp;ssl=1 800w\" sizes=\"auto, (max-width: 365px) 100vw, 365px\" \/>Pour apporter, \u00e0 leur mani\u00e8re, un soutien aux personnes mises en d\u00e9tention hors la loi pour leur instigation pr\u00e9sum\u00e9e des troubles \u00e0 l\u2019ordre public de Ath Bouyali ( Tagardait ou Gharda\u00efa), un groupe de femmes de cette r\u00e9gion ont d\u00e9cid\u00e9 d\u2019observer le je\u00fbne jusqu\u2019\u00e0 l\u2019issue de cette affaire. Elles ont entam\u00e9 leur mouvement de solidarit\u00e9 depuis le 31 12 2016. Le choix de la journ\u00e9e n\u2019est gu\u00e8re fortuit. Ces femmes ont d\u00e9cid\u00e9, ainsi, de lancer leur action le premier jour de la gr\u00e8ve de la faim d\u2019une dizaine de d\u00e9tenus, qui eux-m\u00eames ont fait \u00e9cho \u00e0 l\u2019abstention d\u2019alimentation entreprise par Kamel Eddine Fekhar, dont l\u2019\u00e9tat de sant\u00e9 est jug\u00e9 pr\u00e9occupant par ses proches et son avocat. Pour rappel, ce dernier ainsi que d\u2019autres personnes ont \u00e9t\u00e9 arr\u00eat\u00e9s il y a environ 19 mois. Ils sont accus\u00e9s \u201cd\u2019incitation \u00e0 la haine et \u00e0 la violence\u201d et \u201cd\u2019atteinte \u00e0 la s\u00fbret\u00e9 de l\u2019\u00c9tat et \u00e0 l\u2019unit\u00e9 nationale\u201d.Ces chefs d&rsquo;inculpation sembles faire appels \u00e0 ceux d&rsquo;avril 1980 et de 1981 qui s&rsquo;en est suivie (Printemps berb\u00e8res).<\/p>\n<p>Je ne sais si, en dehors de cette action venant de nos concitoyens militants marocains, de certains m\u00e9dias tr\u00e8s limit\u00e9s en Alg\u00e9rie et timidement entre elles quelques voix citoyennes, s&rsquo;il y en ait eu d&rsquo;autres ailleurs, avoir lu, vu ou entendu d&rsquo;autres voix militantes, associatifs ou autres prendre une position pacifique, m\u00eame par voix de presse, sur cette d\u00e9tention hors la loi qui perdure dans le flou et la douleur depuis 19 mois environs,<\/p>\n<p>Ce n&rsquo;est, sans doute pas l&rsquo;engagement politique et associatif qui leurs manque, mais le musellement, la mani\u00e8re et le degr\u00e9 r\u00e9pressif \u00e0 apparence r\u00e9fl\u00e9chi et pacifique du pouvoir pourrait en \u00eatre la cause qui les font r\u00e9fl\u00e9chir. Pourtant les femmes d&rsquo;Ath Bouyali ( Taghardait ou M&rsquo;zab) ont os\u00e9 se positionner pas le Jeune qu&rsquo;elle ont entam\u00e9 depuis quelques jours par solidarit\u00e9 \u00e0 ces d\u00e9tenus de mani\u00e8re hors la loi depuis 19 longs mois environs, et ce, en violation de l&rsquo;esprit humanitaires et des r\u00e8gles constitutionnelles, notamment les articles &#8230;&#8230;, 35-38-48-56-60&#8230;&#8230;,<\/p>\n<p>Mais, dans bien des cas ou pareils, comment expliquer la facilit\u00e9 d&rsquo;actions pacifiques associatifs et\/ou citoyennes ainsi que l&rsquo;organisation de colloques; d&rsquo;assembl\u00e9es, de conf\u00e9rences d\u00e9bats, m\u00eame avec la pr\u00e9sence de personnes venues d&rsquo;ailleurs et d&rsquo;Afrique du nord en toute qui\u00e9tude sans aucune pr\u00e9sence r\u00e9pressif apparente lorsqu&rsquo;ils se d\u00e9roules dans un pays connu pour son caract\u00e8re r\u00e9pressif et ardemment d\u00e9nonc\u00e9 pour ces positions dictatoriales et inhumaines par un autre qui se targue, d&rsquo;un cot\u00e9, d\u2019\u00eatre respectueux de la d\u00e9claration universelle et de la charte internationale des droits de l&rsquo;homme, et de l&rsquo;autre il change d&rsquo;\u00e9paule \u00e0 sa mani\u00e8re r\u00e9pressif. C&rsquo;est \u00e0 dire les multiples pressions et actes r\u00e9pressifs en apparence pacifiques et aux normes tr\u00e8s diff\u00e9rentes de celles des ann\u00e9es de braises.<\/p>\n<p style=\"text-align: right;\"><strong><span style=\"color: #ff0000;\">Madjid AM<\/span><\/strong><\/p>\n","protected":false},"excerpt":{"rendered":"<p>Pour apporter, \u00e0 leur mani\u00e8re, un soutien aux personnes mises en d\u00e9tention hors la loi pour leur instigation pr\u00e9sum\u00e9e des troubles \u00e0 l\u2019ordre public de Ath Bouyali ( Tagardait ou Gharda\u00efa), un groupe de femmes de cette r\u00e9gion ont d\u00e9cid\u00e9 d\u2019observer le je\u00fbne jusqu\u2019\u00e0 l\u2019issue de cette affaire. Elles ont entam\u00e9 leur mouvement de solidarit\u00e9 &hellip;<\/p>\n","protected":false},"author":2,"featured_media":1043,"comment_status":"open","ping_status":"open","sticky":false,"template":"","format":"standard","meta":{"jetpack_post_was_ever_published":false,"_jetpack_newsletter_access":"","_jetpack_dont_email_post_to_subs":false,"_jetpack_newsletter_tier_id":0,"_jetpack_memberships_contains_paywalled_content":false,"_jetpack_memberships_contains_paid_content":false,"footnotes":"","jetpack_publicize_message":"","jetpack_publicize_feature_enabled":true,"jetpack_social_post_already_shared":true,"jetpack_social_options":{"image_generator_settings":{"template":"highway","default_image_id":0,"font":"","enabled":false},"version":2}},"categories":[8],"tags":[],"class_list":["post-1042","post","type-post","status-publish","format-standard","has-post-thumbnail","","category-algerie"],"jetpack_publicize_connections":[],"jetpack_featured_media_url":"https:\/\/i0.wp.com\/amadalamazigh.press.ma\/fr\/wp-content\/uploads\/2017\/02\/blob.png?fit=800%2C548&ssl=1","jetpack_shortlink":"https:\/\/wp.me\/p9uxE2-gO","jetpack_sharing_enabled":true,"_links":{"self":[{"href":"https:\/\/amadalamazigh.press.ma\/fr\/wp-json\/wp\/v2\/posts\/1042","targetHints":{"allow":["GET"]}}],"collection":[{"href":"https:\/\/amadalamazigh.press.ma\/fr\/wp-json\/wp\/v2\/posts"}],"about":[{"href":"https:\/\/amadalamazigh.press.ma\/fr\/wp-json\/wp\/v2\/types\/post"}],"author":[{"embeddable":true,"href":"https:\/\/amadalamazigh.press.ma\/fr\/wp-json\/wp\/v2\/users\/2"}],"replies":[{"embeddable":true,"href":"https:\/\/amadalamazigh.press.ma\/fr\/wp-json\/wp\/v2\/comments?post=1042"}],"version-history":[{"count":2,"href":"https:\/\/amadalamazigh.press.ma\/fr\/wp-json\/wp\/v2\/posts\/1042\/revisions"}],"predecessor-version":[{"id":1046,"href":"https:\/\/amadalamazigh.press.ma\/fr\/wp-json\/wp\/v2\/posts\/1042\/revisions\/1046"}],"wp:featuredmedia":[{"embeddable":true,"href":"https:\/\/amadalamazigh.press.ma\/fr\/wp-json\/wp\/v2\/media\/1043"}],"wp:attachment":[{"href":"https:\/\/amadalamazigh.press.ma\/fr\/wp-json\/wp\/v2\/media?parent=1042"}],"wp:term":[{"taxonomy":"category","embeddable":true,"href":"https:\/\/amadalamazigh.press.ma\/fr\/wp-json\/wp\/v2\/categories?post=1042"},{"taxonomy":"post_tag","embeddable":true,"href":"https:\/\/amadalamazigh.press.ma\/fr\/wp-json\/wp\/v2\/tags?post=1042"}],"curies":[{"name":"wp","href":"https:\/\/api.w.org\/{rel}","templated":true}]}}