{"id":1052,"date":"2017-02-07T19:47:37","date_gmt":"2017-02-07T19:47:37","guid":{"rendered":"http:\/\/amadalamazigh.press.ma\/fr\/?p=1052"},"modified":"2017-02-07T19:47:37","modified_gmt":"2017-02-07T19:47:37","slug":"communique-de-presse-festival-international-de-cinema-danimation-de-meknes-ficam-2017","status":"publish","type":"post","link":"https:\/\/amadalamazigh.press.ma\/fr\/communique-de-presse-festival-international-de-cinema-danimation-de-meknes-ficam-2017\/","title":{"rendered":"Communiqu\u00e9 de presse : Festival International de Cin\u00e9ma d&rsquo;Animation de Mekn\u00e8s \u00ab\u00a0FICAM 2017\u00a0\u00bb"},"content":{"rendered":"<p><img data-recalc-dims=\"1\" loading=\"lazy\" decoding=\"async\" class=\"size-medium wp-image-1053 alignleft\" src=\"https:\/\/i0.wp.com\/amadalamazigh.press.ma\/fr\/wp-content\/uploads\/2017\/02\/Affiche-HD-FICAM-2017-250x250.jpg?resize=250%2C250\" alt=\"\" width=\"250\" height=\"250\" srcset=\"https:\/\/i0.wp.com\/amadalamazigh.press.ma\/fr\/wp-content\/uploads\/2017\/02\/Affiche-HD-FICAM-2017.jpg?resize=250%2C250&amp;ssl=1 250w, https:\/\/i0.wp.com\/amadalamazigh.press.ma\/fr\/wp-content\/uploads\/2017\/02\/Affiche-HD-FICAM-2017.jpg?resize=1024%2C1024&amp;ssl=1 1024w, https:\/\/i0.wp.com\/amadalamazigh.press.ma\/fr\/wp-content\/uploads\/2017\/02\/Affiche-HD-FICAM-2017.jpg?w=1600&amp;ssl=1 1600w, https:\/\/i0.wp.com\/amadalamazigh.press.ma\/fr\/wp-content\/uploads\/2017\/02\/Affiche-HD-FICAM-2017.jpg?w=1236&amp;ssl=1 1236w\" sizes=\"auto, (max-width: 250px) 100vw, 250px\" \/>La Fondation A\u00efcha en partenariat avec l\u2019Institut fran\u00e7ais de Mekn\u00e8s organise la 16<sup>\u00e8me<\/sup>\u00a0\u00e9dition du FICAM\u00ae (Festival International de Cin\u00e9ma d\u2019Animation de Mekn\u00e8s) du 17 au 22 mars 2017. A\u00a0 l\u2019instar des pr\u00e9c\u00e9dentes \u00e9ditions, le FICAM\u00ae accueillera l\u2019une des grandes personnalit\u00e9s du cin\u00e9ma d\u2019animation international notamment David Silverman r\u00e9alisateur de la s\u00e9rie am\u00e9ricaine <em>Les Simspon<\/em> qui c\u00e9l\u00e8bre ses trente ans en mars 2017.<\/p>\n<p>David Silverman donnera <em>La le\u00e7on de cin\u00e9ma <\/em>du FICAM\u00ae 2017. Il reviendra sur le d\u00e9veloppement et la production de l\u2019\u00e9mission et gratifiera le public du festival d\u2019une d\u00e9monstration de la technique d&rsquo;animation des c\u00e9l\u00e8bres personnages de la s\u00e9rie. Il \u00e9voquera \u00e9galement son riche parcours dans le cadre d\u2019<em>Un th\u00e9 \u00e0 la menthe avec\u2026<\/em>, rencontre conviviale, \u00e0 la Cafet\u2019 de l\u2019Institut fran\u00e7ais de Mekn\u00e8s, anim\u00e9e par Alexis Hunot, journaliste sp\u00e9cialis\u00e9 dans le cin\u00e9ma d\u2019animation.<\/p>\n<p>David Silvermana remport\u00e9 4 fois le Emmy Award du meilleur r\u00e9alisateur. Il est \u00a0connu pour avoir r\u00e9alis\u00e9\u00a0plusieurs \u00e9pisodes de la s\u00e9rie d&rsquo;animation t\u00e9l\u00e9vis\u00e9e <em>Les Simpson<\/em> dans laquelle il est impliqu\u00e9 depuis ses d\u00e9buts. Il est animateur de tous les courts-m\u00e9trages originaux des Simpson diffus\u00e9s sur le Tracey Ullman Show dont il est \u00e9galement le superviseur et le directeur d&rsquo;animation durant plusieurs ann\u00e9es. En 2007, il\u00a0 r\u00e9alise <em>Les Simpson &#8211; Le film<\/em>. En 2002, il cor\u00e9alise <em>Monstres et Cie<\/em> et en 2012 <em>The LongestDaycare<\/em>, court-m\u00e9trage avec pour vedette Maggie Simpson qui sera nomm\u00e9 pour l&rsquo;Oscar du meilleur court-m\u00e9trage d&rsquo;animation. Actuellement, David Silverman est r\u00e9alisateur et producteur consultant de la s\u00e9rie <em>Les Simpson<\/em>, tout en d\u00e9veloppant d&rsquo;autres projets.<\/p>\n","protected":false},"excerpt":{"rendered":"<p>La Fondation A\u00efcha en partenariat avec l\u2019Institut fran\u00e7ais de Mekn\u00e8s organise la 16\u00e8me\u00a0\u00e9dition du FICAM\u00ae (Festival International de Cin\u00e9ma d\u2019Animation de Mekn\u00e8s) du 17 au 22 mars 2017. A\u00a0 l\u2019instar des pr\u00e9c\u00e9dentes \u00e9ditions, le FICAM\u00ae accueillera l\u2019une des grandes personnalit\u00e9s du cin\u00e9ma d\u2019animation international notamment David Silverman r\u00e9alisateur de la s\u00e9rie am\u00e9ricaine Les Simspon qui &hellip;<\/p>\n","protected":false},"author":2,"featured_media":1053,"comment_status":"open","ping_status":"open","sticky":false,"template":"","format":"standard","meta":{"jetpack_post_was_ever_published":false,"_jetpack_newsletter_access":"","_jetpack_dont_email_post_to_subs":false,"_jetpack_newsletter_tier_id":0,"_jetpack_memberships_contains_paywalled_content":false,"_jetpack_memberships_contains_paid_content":false,"footnotes":"","jetpack_publicize_message":"","jetpack_publicize_feature_enabled":true,"jetpack_social_post_already_shared":true,"jetpack_social_options":{"image_generator_settings":{"template":"highway","default_image_id":0,"font":"","enabled":false},"version":2}},"categories":[26,10],"tags":[],"class_list":["post-1052","post","type-post","status-publish","format-standard","has-post-thumbnail","","category-agenda","category-maroc"],"jetpack_publicize_connections":[],"jetpack_featured_media_url":"https:\/\/i0.wp.com\/amadalamazigh.press.ma\/fr\/wp-content\/uploads\/2017\/02\/Affiche-HD-FICAM-2017.jpg?fit=1600%2C1600&ssl=1","jetpack_shortlink":"https:\/\/wp.me\/p9uxE2-gY","jetpack_sharing_enabled":true,"_links":{"self":[{"href":"https:\/\/amadalamazigh.press.ma\/fr\/wp-json\/wp\/v2\/posts\/1052","targetHints":{"allow":["GET"]}}],"collection":[{"href":"https:\/\/amadalamazigh.press.ma\/fr\/wp-json\/wp\/v2\/posts"}],"about":[{"href":"https:\/\/amadalamazigh.press.ma\/fr\/wp-json\/wp\/v2\/types\/post"}],"author":[{"embeddable":true,"href":"https:\/\/amadalamazigh.press.ma\/fr\/wp-json\/wp\/v2\/users\/2"}],"replies":[{"embeddable":true,"href":"https:\/\/amadalamazigh.press.ma\/fr\/wp-json\/wp\/v2\/comments?post=1052"}],"version-history":[{"count":1,"href":"https:\/\/amadalamazigh.press.ma\/fr\/wp-json\/wp\/v2\/posts\/1052\/revisions"}],"predecessor-version":[{"id":1054,"href":"https:\/\/amadalamazigh.press.ma\/fr\/wp-json\/wp\/v2\/posts\/1052\/revisions\/1054"}],"wp:featuredmedia":[{"embeddable":true,"href":"https:\/\/amadalamazigh.press.ma\/fr\/wp-json\/wp\/v2\/media\/1053"}],"wp:attachment":[{"href":"https:\/\/amadalamazigh.press.ma\/fr\/wp-json\/wp\/v2\/media?parent=1052"}],"wp:term":[{"taxonomy":"category","embeddable":true,"href":"https:\/\/amadalamazigh.press.ma\/fr\/wp-json\/wp\/v2\/categories?post=1052"},{"taxonomy":"post_tag","embeddable":true,"href":"https:\/\/amadalamazigh.press.ma\/fr\/wp-json\/wp\/v2\/tags?post=1052"}],"curies":[{"name":"wp","href":"https:\/\/api.w.org\/{rel}","templated":true}]}}