{"id":1057,"date":"2017-02-10T09:48:51","date_gmt":"2017-02-10T09:48:51","guid":{"rendered":"http:\/\/amadalamazigh.press.ma\/fr\/?p=1057"},"modified":"2017-12-21T21:01:03","modified_gmt":"2017-12-21T21:01:03","slug":"entretien-avec-mohamed-attaoui-president-de-lassociation-avenir-du-cedre-et-du-mouflon","status":"publish","type":"post","link":"https:\/\/amadalamazigh.press.ma\/fr\/entretien-avec-mohamed-attaoui-president-de-lassociation-avenir-du-cedre-et-du-mouflon\/","title":{"rendered":"Entretien avec Mohamed Attaoui: Pr\u00e9sident de l\u2019Association Avenir du C\u00e8dre et du Mouflon"},"content":{"rendered":"<p><strong><img data-recalc-dims=\"1\" loading=\"lazy\" decoding=\"async\" class=\"alignleft wp-image-1060 size-medium\" src=\"https:\/\/i0.wp.com\/amadalamazigh.press.ma\/fr\/wp-content\/uploads\/2017\/02\/IMG_4807-e1513890045392-333x250.jpg?resize=333%2C250\" alt=\"\" width=\"333\" height=\"250\" srcset=\"https:\/\/i0.wp.com\/amadalamazigh.press.ma\/fr\/wp-content\/uploads\/2017\/02\/IMG_4807-e1513890045392.jpg?resize=333%2C250&amp;ssl=1 333w, https:\/\/i0.wp.com\/amadalamazigh.press.ma\/fr\/wp-content\/uploads\/2017\/02\/IMG_4807-e1513890045392.jpg?resize=200%2C150&amp;ssl=1 200w, https:\/\/i0.wp.com\/amadalamazigh.press.ma\/fr\/wp-content\/uploads\/2017\/02\/IMG_4807-e1513890045392.jpg?w=640&amp;ssl=1 640w\" sizes=\"auto, (max-width: 333px) 100vw, 333px\" \/><span style=\"color: #ff0000;\">\u00abUn d\u00e9veloppement humain, ici, ne peut se concevoir que parall\u00e8lement \u00e0 la pr\u00e9servation des richesses naturelles\u00bb<\/span><\/strong><\/p>\n<p>Dans l\u2019entretien suivant, Mohamed Attaoui s\u2019explique sur son itin\u00e9raire de militant pour la pr\u00e9servation de l\u2019environnement de la c\u00e9draie du Haut Atlas oriental et sur la n\u00e9cessit\u00e9 d\u2019en faire un levier de d\u00e9veloppement pour le bien-\u00eatre des habitants de la r\u00e9gion.<\/p>\n<p><strong>Entretien :<\/strong><\/p>\n<p><span style=\"color: #ff0000;\"><strong>Que peut-on dire sur la r\u00e9gion de Tounfit et quelles <\/strong><strong>relations<\/strong><strong> entretenez-vous avec elle ?<\/strong><\/span><\/p>\n<p>Impossible de r\u00e9pondre \u00e0 cette question sans revenir \u00e0 la toponymie et la signification du nom de Tounfite. Le nom est d\u2019origine amazighe avec le sens de \u00ab tenfi \u00bb qui veut dire ne se voit pas de loin. Il s\u2019agit \u00e0 l\u2019origine des rassemblements des habitants de la tribu Ait Ali Brahim, l\u2019\u00e9l\u00e9ment constitutif essentiel de la conf\u00e9d\u00e9ration des Ait Yafelmane. Tounfite se situe entre deux cha\u00eenes de montagnes tr\u00e8s \u00e9lev\u00e9es, le mont Maassar avec une altitude des 3353 m\u00e8tres et le mont Qorss ou Taqarqast d\u2019o\u00f9 le sens d\u2019observatoire pour contr\u00f4ler les mouvements de l\u2019ennemi. Il s\u2019ensuit que toute personne d\u00e9sirant visiter Tounfite apprend qu\u2019en amazigh elle est d\u00e9sign\u00e9e comme n\u2019\u00e9tant pas visible de loin. Elle se trouve \u00e0 l\u2019abri et semble cach\u00e9e. Selon les t\u00e9moignages oraux, Tounfite \u00e9tait habit\u00e9e depuis des \u00e9poques lointaines.<\/p>\n<p>Je suis n\u00e9 \u00e0 Tounfite \u00a0le 26-4-1963 dans le ksar Ichemhane qui est le premier fort \u00e9difi\u00e9 par la tribu Ait Ali Brahim constitu\u00e9e des Ait Melloul comprenant les fractions de Ait Ben S\u00eed et Ait Ali Mejjoud, de Ichemhane, Ait \u00cessa, Ifqir, Ait Bejja, Ait Taleb, Ait Ossou. Ma formation scolaire a \u00e9t\u00e9 effectu\u00e9e au groupe scolaire de Tounfite, et le secondaire dans le lyc\u00e9e Hassan II de Midelt. J\u2019ai \u00e9t\u00e9 de la premi\u00e8re promotion des techniciens sp\u00e9cialis\u00e9s de l\u2019Institut agronomique Souihla de Marrakech. J\u2019avais poursuivi mes \u00e9tudes par correspondances pour d\u00e9crocher le dipl\u00f4me \u00ab d\u2019ing\u00e9nieur agronome m\u00e9diterran\u00e9en \u00bb.<\/p>\n<p>Tounfite se caract\u00e9rise par un climat continental tr\u00e8s froid en hiver. Les chutes de neige d\u00e9passent un \u00e0 deux m\u00e8tres de hauteur. Le climat est temp\u00e9r\u00e9 en \u00e9t\u00e9 du fait de l\u2019altitude de 2000 m o\u00f9 se trouve cette r\u00e9gion. Elle jouit d\u2019une biodiversit\u00e9 exceptionnelle \u00e9tant donn\u00e9 que les c\u00e8dres et le ch\u00eane vert couvrent des \u00e9tendues tout au long de 49.000 ha sous contr\u00f4le des Eaux et For\u00eats.<\/p>\n<p>Pour ce qui touche la vie sociale, il faut noter que les habitants vivent de cultures vivri\u00e8res et s\u2019adonnent \u00e0 l\u2019\u00e9levage en se d\u00e9pla\u00e7ant sur des parcours tout au long des berges des affluents d\u2019Oued al-Abid et la Haute Moulouya. Parmi les plus importants avantages de Tounfite, c\u2019est qu\u2019elle se trouve dans le Haut Atlas oriental, site g\u00e9ographique central et grand ch\u00e2teau d\u2019eau qui alimente la plupart des barrages du Maroc. De l\u00e0 la d\u00e9nomination amazigh \u00abM\u2019nghal amane\u00bb. Ce qui ne manque pas de nous reporter vers la future politique de gestion de l\u2019eau apr\u00e8s l\u2019esquisse d\u2019une nouvelle politique r\u00e9gionale dont on attend les fruits, surtout pour les cat\u00e9gories sociales qui ont toujours p\u00e2ti des politiques et \u00e9conomies in\u00e9quitables.<\/p>\n<p><span style=\"color: #ff0000;\"><strong>Dans quelles circonstances votre int\u00e9r\u00eat pour la pr\u00e9servation du c\u00e8dre avait commenc\u00e9 avec la n\u00e9cessit\u00e9 de prot\u00e9ger un patrimoine naturel tr\u00e8s particulier ?\u00a0<\/strong><\/span><\/p>\n<p>Mon int\u00e9r\u00eat pour le c\u00e8dre avait commenc\u00e9 depuis la prime enfance du fait que j\u2019\u00e9tais n\u00e9 dans la montagne \u00e0 proximit\u00e9 des arbres, tout particuli\u00e8rement les c\u00e8dres. Je suis le fils d\u2019un charbonnier et b\u00fbcheron et nous avions \u00e9t\u00e9 \u00e9duqu\u00e9s dans une culture de proximit\u00e9 avec le c\u00e8dre et la montagne \u00e0 l\u2019instar de toutes les populations issues des tribus autochtones. Mon grand-p\u00e8re, Zayd N\u2019tdirit, m\u2019avait appris comment m\u2019y prendre avec le c\u00e8dre, de quelle mani\u00e8re conna\u00eetre son \u00e2ge et son \u00e9tat de sant\u00e9. Il m\u2019avait m\u00eame appris \u00e0 conna\u00eetre des vari\u00e9t\u00e9s d\u2019insectes nuisibles pour le c\u00e8dre comme la chenille processionnaire (Aledjjid). J\u2019avais ainsi \u00e9t\u00e9 impr\u00e9gn\u00e9 de la culture orale \u00e0 bonne source. J\u2019avais enrichi au surplus mes connaissances environnementales du fait, notamment, de ma formation en tant que technicien agronome. Ma sensibilit\u00e9 \u00e0 l\u2019\u00e9cologie s\u2019\u00e9tait renforc\u00e9e compte tenu du r\u00f4le des arbres dans la pr\u00e9servation des \u00e9quilibres environnementaux avec la limitation du r\u00e9chauffement climatique, cr\u00e9ation et pr\u00e9servation des \u00e9cosyst\u00e8mes. Sur la base de ma sensibilit\u00e9 \u00e0 ces enjeux environnementaux, j\u2019ai cr\u00e9\u00e9 une association d\u00e9di\u00e9e \u00e0 la protection de l\u2019environnement portant le nom: \u00abTounfite, Avenir du C\u00e8dre et du Mouflon\u00bb. Avec des amis, nous avions lanc\u00e9 des actions de sensibilisation autour de cet arbre au bois pr\u00e9cieux qui faisait l\u2019objet de pr\u00e9dations parce qu\u2019il constituait une ressource foresti\u00e8re qui drainait des fonds importants pour les collectivit\u00e9s locales et suscitait de vives convoitises. Ainsi, d\u2019apr\u00e8s des chiffres des recettes fiscales des communes rurales de Tounfite et Anemzi, les recettes totalisaient plus d\u2019un milliard de centimes chaque ann\u00e9e durant les ann\u00e9es 1980 et 1990. Malheureusement ces recettes n\u2019\u00e9taient pas utilis\u00e9es de mani\u00e8re rationnelle pour am\u00e9liorer la situation des habitants en infrastructures de base routes, sant\u00e9, enseignement et pour prot\u00e9ger les ressources naturelles. Ce qui avait finalement pouss\u00e9 les habitants des r\u00e9gions foresti\u00e8res \u00e0 s\u2019organiser au sein de coordinations locales pour interdire aux Eaux et For\u00eats de num\u00e9roter les lots forestiers destin\u00e9s \u00e0 la vente pour la production foresti\u00e8re du bois de c\u00e8dre. Ce refus fut exprim\u00e9 \u00e0 travers des marches de protestation et boucliers humains qui s\u2019\u00e9taient effectivement interpos\u00e9s contre l\u2019exploitation effr\u00e9n\u00e9s des ces richesses. Malheureusement des lobbys opportunistes avaient ourdi leur politique de pr\u00e9dation, de mani\u00e8re d\u00e9tourn\u00e9e, en recourant \u00e0 la cr\u00e9ation de coop\u00e9ratives foresti\u00e8res dans le cadre de l\u2019\u00e9conomie de rente. Ce qui avait permis la poursuite de l\u2019h\u00e9morragie des richesses foresti\u00e8res et le bois industriel vol\u00e9 par les braconniers. Le prix du m\u00e8tre cube de c\u00e8dre peut grimper jusqu\u2019\u00e0 30.000 dhs. La demande de ce bois noble est tr\u00e8s forte dans l\u2019\u00e9b\u00e9nisterie et la construction de luxe ce qui en fait un enjeu \u00e9conomique majeur. De tout cet enjeu la r\u00e9gion ne voit en terme de d\u00e9veloppement local. L\u2019Association Tounfite Avenir du C\u00e8dre et du Mouflon avait d\u00e9j\u00e0 tir\u00e9 la sonnette d\u2019alarme concernant ce capital naturel d\u00e9tourn\u00e9. D\u2019apr\u00e8s des \u00e9tudes de terrain, publi\u00e9es dans la presse et les sites \u00e9lectroniques, le montant \u00e9valu\u00e9 \u00e0 1,5 milliard de centimes \u00e9chappe \u00e0 la tr\u00e9sorerie de l\u2019Etat des recettes foresti\u00e8res sur une superficie d\u2019espace forestier estim\u00e9e \u00e0 49.000 ha. Ce qui a mis l\u2019association dans la n\u00e9cessit\u00e9 de d\u00e9poser des plaintes sur le sujet notamment au premier pr\u00e9sident de la Cour des comptes, critiquant au passage les rapports annuels de cette Cour qui n\u00e9glige sciemment de signaler cette grande richesse objet de pr\u00e9dation de la part des \u00e9lites politiques locales en encouragement de l\u2019\u00e9conomie de rente et de l\u2019informel.<\/p>\n<p><span style=\"color: #ff0000;\"><strong>Quelles doivent \u00eatre les plus importantes \u00e9tapes \u00a0pour une sensibilisation sur la protection du c\u00e8dre?<\/strong><\/span><\/p>\n<p>En g\u00e9n\u00e9ral la sensibilisation sur la protection du c\u00e8dre devrait commencer par l\u2019appel \u00e0 l\u2019amendement de la l\u00e9gislation foresti\u00e8re de 1917 h\u00e9rit\u00e9e de l\u2019\u00e9poque coloniale. Ensuite la s\u00e9paration des pouvoirs en interf\u00e9rence entre les diff\u00e9rents appareils d\u00e9partementaux en charge de la protection des espaces forestiers : Int\u00e9rieur, Justice, minist\u00e8re d\u00e9l\u00e9gu\u00e9 pour l\u2019Eau et l\u2019Environnement, Administrations territoriales (collectivit\u00e9s locales), Haut Commissariat aux Eaux et For\u00eats.<\/p>\n<p>Mais en r\u00e9alit\u00e9 m\u00eame le Dahir de 1917, loin d\u2019\u00eatre appliqu\u00e9, est objet de violation. Ainsi comment se fait-il qu\u2019un pr\u00e9sident de commune autorise l\u2019installation d\u2019\u00e9tablissements commerciaux pour la production du bois industriel \u00e0 l\u2019int\u00e9rieur m\u00eame de l\u2019espace forestier ? De plus le gouverneur de la province offre son appui en contradiction criante avec les dispositions du Dahir de 1917 r\u00e9gissant l\u2019espace forestier et qui interdit de mani\u00e8re formelle toute activit\u00e9 et autorisation pour ce genre d\u2019\u00e9tablissements ?<\/p>\n<p>Il faut mettre en \u0153uvre une politique et des lois coercitives claires, faciles \u00e0 ex\u00e9cuter au lieu de continuer \u00e0 dresser des proc\u00e8s verbaux de constat sur les coupes par les agents des Eaux et For\u00eats avec plainte contre x. Ces proc\u00e8s verbaux manquent de force et sont condamn\u00e9s \u00e0 moisir dans les tiroirs de d\u00e9partements de justice. Ce sont finalement autant d\u2019affaires class\u00e9es.<\/p>\n<p>Il faut cr\u00e9er des projets de partenariat avec les habitants riverains de la for\u00eat pour r\u00e9futer les all\u00e9gations des agents du Haut commissariat aux Eaux et For\u00eats pr\u00e9tendant que le habitants sont responsables de la d\u00e9gradation de la for\u00eat \u00e0 travers le surp\u00e2turage et la collecte du bois de chauffage. Nous avons critiqu\u00e9 le dernier rapport de la Cour des comptes qui avait consacr\u00e9 un grand espace dans ses pages \u00e0 l\u2019arganier et ignor\u00e9 all\u00e8grement le c\u00e8dre qui s\u2019\u00e9tend sur des centaines de milliers d\u2019hectares. Notre critique a concern\u00e9 aussi les m\u00e9dias nationaux qui ne s\u2019int\u00e9ressent en r\u00e9alit\u00e9 qu\u2019au c\u00e8dre du Moyen Atlas comme si le Haut Atlas oriental \u00e9tait une terre aride, plut\u00f4t un d\u00e9sert inhabit\u00e9.<\/p>\n<p>Il est temps d\u2019amender la l\u00e9gislation r\u00e9pressive concernant le c\u00e8dre et consid\u00e9rer sa coupe et sa commercialisation comme un acte criminel sanctionn\u00e9 par la loi en parfait accord avec l\u2019int\u00e9r\u00eat qu\u2019on porte pour la pr\u00e9servation de l\u2019environnement et les \u00e9quilibres \u00e9cologiques.<\/p>\n<p>Il faut aussi cr\u00e9er un minist\u00e8re de l\u2019environnement, de l\u2019eau et espaces forestiers et le doter de pouvoir d\u2019interventions directes.<\/p>\n<p>Il faut que les d\u00e9partements, charg\u00e9s de la protection et de la r\u00e9pression, rendent des comptes quant \u00e0 la d\u00e9pr\u00e9dation des richesses. Plut\u00f4t que l\u2019amnistie, il est n\u00e9cessaire que les fonds d\u00e9tourn\u00e9s soient restitu\u00e9s par tous ceux qui s\u2019\u00e9taient enrichis ill\u00e9galement, responsables influents et politiques qui d\u00e9tiennent le pouvoir sur la gestion locale et qui encouragent l\u2019\u00e9conomie de rente.<\/p>\n<p><span style=\"color: #ff0000;\"><strong>Quelles \u00e9preuves vous a valu votre engagement \u00a0dans les affaires locales ?<\/strong><\/span><\/p>\n<p>Je ne vous cache pas que le fait de se confier sur cette situation risque d\u2019\u00eatre interpr\u00e9t\u00e9 par certains comme de la surench\u00e8re politicienne ni plus ni moins. En quelque sorte, juste pour redorer mon blason de militant \u00e9cologique et acteur associatif portant un int\u00e9r\u00eat particulier aux cultures de peuples autochtones et en premier lieu le peuple amazigh et l\u2019ensemble des composants de la conf\u00e9d\u00e9ration des Ait Yafelmane. Bref l\u2019ensemble des habitants du monde rural vivant dans la pr\u00e9carit\u00e9, sans que les politiques, des gouvernements successifs, daignent leur accorder la moindre attention.<\/p>\n<p>Mon int\u00e9r\u00eat pour le c\u00e8dre m\u2019a co\u00fbt\u00e9 tr\u00e8s cher dans ma vie personnelle, quand j\u2019ai butt\u00e9 contre des lobbys opportunistes f\u00e9roces et quand des accusations toutes faites avaient \u00e9t\u00e9 injustement port\u00e9es contre moi. Du coup, je suis pass\u00e9, du jour au lendemain, d\u2019un militant pour la protection du c\u00e8dre \u00e0 un accus\u00e9 de chantage \u00e0 l\u2019encontre de ceux-l\u00e0 m\u00eames qui \u00e9taient charg\u00e9s de la protection de l\u2019arbre \u00e0 savoir \u00ab les responsable des Eaux et For\u00eats dans l\u2019arrondissement forestier de Tounfite \u00bb. J\u2019ai \u00e9t\u00e9 accus\u00e9 de les avoir menac\u00e9s de publier des informations concernant leur implication avec les exploitants et braconniers du bois. Les m\u00e9dias s\u2019\u00e9taient fait \u00e9chos de ces \u00e9v\u00e9nement Al Mounataf, Ittihad Ichtiraki, Sahifa, le Reporter ainsi que le journal britannique Guardien, en plus des organisations mondiales dont Reporter sans fronti\u00e8res et Avocats sans fronti\u00e8res ONG qui s\u2019\u00e9tait constitu\u00e9 pour prendre ma d\u00e9fense apr\u00e8s que j\u2019ai \u00e9t\u00e9 jug\u00e9 dans un proc\u00e8s injuste o\u00f9 les condamnations prononc\u00e9es \u00e9taient trop s\u00e9v\u00e8res, soit un an de prison ferme, dossier 2010\/2080 arr\u00eat\u00e9 num\u00e9ro 4278\/13 en date du 28\/12\/2013. Bien que ce jugement ne f\u00fbt pas soumis \u00e0 tous les recours, j\u2019ai pr\u00e9sent\u00e9 au Souverain une demande de gr\u00e2ce contre ces accusations mont\u00e9es de toutes pi\u00e8ces pour me faire taire en tant que voix libre.<\/p>\n<p><span style=\"color: #ff0000;\"><strong>Quelles sont les propositions que vous semblent aptes \u00e0 fournir des solutions efficaces pour la pr\u00e9servation de l\u2019\u00e9quilibre environnemental et une vie digne pour les habitants ?<\/strong><\/span><\/p>\n<p>Le probl\u00e8me c\u2019est qu\u2019il n\u2019y a pas vraiment de volont\u00e9 politique de la part des d\u00e9partements de tutelle, dont le Haut Commissariat aux Eaux et For\u00eats, pour mettre fin \u00e0 l\u2019\u00e9conomie de rente qui mine les richesses foresti\u00e8res. De l\u00e0 on peut se demander quand un gouvernement s\u2019\u00e9veillera pour combattre les \u00ab tamassih et afarit \u00bb des for\u00eats au Haut Atlas oriental, en particulier la r\u00e9gion de Mekn\u00e8s-Tafilalet dite la plus pauvre entre les douze existantes. Cette r\u00e9gion ferait partie du \u00ab Maroc inutile \u00bb ce qui est compl\u00e8tement faux puisqu\u2019il s\u2019agit, potentiellement tout au moins, d\u2019une des plus riches r\u00e9gions au niveau national, gr\u00e2ce aux richesses naturelles, foresti\u00e8res, mini\u00e8res, hydriques, humaines, touristiques et \u00e9cologiques. Tout porte \u00e0 croire qu\u2019un d\u00e9veloppement humain ici ne peut se concevoir que parall\u00e8lement \u00e0 la pr\u00e9servation des richesses naturelles. Mais la vraie question est de savoir s\u2019il y a des horizons futurs o\u00f9 il y aurait espoir mettre fin aux d\u00e9pr\u00e9dations du patrimoine forestier en mettant sur les rails une vraie d\u00e9mocratie locale bas\u00e9e sur l\u2019\u00e9quit\u00e9 et la transparence. C\u2019est pourtant ce patrimoine-l\u00e0 qui avait toujours ciment\u00e9 les liens des tribus amazighes entre elles et renforc\u00e9 leur stabilit\u00e9 et leur attachement \u00e0 la terre tout au long de l\u2019histoire souvent frapp\u00e9e d\u2019amn\u00e9sie.<\/p>\n<p style=\"text-align: right;\"><span style=\"color: #ff0000;\"><strong>Propos recueillis par:\u00a0Sa\u00efd AFOULOUS<\/strong><\/span><\/p>\n","protected":false},"excerpt":{"rendered":"<p>\u00abUn d\u00e9veloppement humain, ici, ne peut se concevoir que parall\u00e8lement \u00e0 la pr\u00e9servation des richesses naturelles\u00bb Dans l\u2019entretien suivant, Mohamed Attaoui s\u2019explique sur son itin\u00e9raire de militant pour la pr\u00e9servation de l\u2019environnement de la c\u00e9draie du Haut Atlas oriental et sur la n\u00e9cessit\u00e9 d\u2019en faire un levier de d\u00e9veloppement pour le bien-\u00eatre des habitants de &hellip;<\/p>\n","protected":false},"author":2,"featured_media":1060,"comment_status":"open","ping_status":"open","sticky":false,"template":"","format":"standard","meta":{"jetpack_post_was_ever_published":false,"_jetpack_newsletter_access":"","_jetpack_dont_email_post_to_subs":false,"_jetpack_newsletter_tier_id":0,"_jetpack_memberships_contains_paywalled_content":false,"_jetpack_memberships_contains_paid_content":false,"footnotes":"","jetpack_publicize_message":"","jetpack_publicize_feature_enabled":true,"jetpack_social_post_already_shared":true,"jetpack_social_options":{"image_generator_settings":{"template":"highway","default_image_id":0,"font":"","enabled":false},"version":2}},"categories":[4],"tags":[],"class_list":["post-1057","post","type-post","status-publish","format-standard","has-post-thumbnail","","category-interviews"],"jetpack_publicize_connections":[],"jetpack_featured_media_url":"https:\/\/i0.wp.com\/amadalamazigh.press.ma\/fr\/wp-content\/uploads\/2017\/02\/IMG_4807-e1513890045392.jpg?fit=640%2C480&ssl=1","jetpack_shortlink":"https:\/\/wp.me\/p9uxE2-h3","jetpack_sharing_enabled":true,"_links":{"self":[{"href":"https:\/\/amadalamazigh.press.ma\/fr\/wp-json\/wp\/v2\/posts\/1057","targetHints":{"allow":["GET"]}}],"collection":[{"href":"https:\/\/amadalamazigh.press.ma\/fr\/wp-json\/wp\/v2\/posts"}],"about":[{"href":"https:\/\/amadalamazigh.press.ma\/fr\/wp-json\/wp\/v2\/types\/post"}],"author":[{"embeddable":true,"href":"https:\/\/amadalamazigh.press.ma\/fr\/wp-json\/wp\/v2\/users\/2"}],"replies":[{"embeddable":true,"href":"https:\/\/amadalamazigh.press.ma\/fr\/wp-json\/wp\/v2\/comments?post=1057"}],"version-history":[{"count":5,"href":"https:\/\/amadalamazigh.press.ma\/fr\/wp-json\/wp\/v2\/posts\/1057\/revisions"}],"predecessor-version":[{"id":1467,"href":"https:\/\/amadalamazigh.press.ma\/fr\/wp-json\/wp\/v2\/posts\/1057\/revisions\/1467"}],"wp:featuredmedia":[{"embeddable":true,"href":"https:\/\/amadalamazigh.press.ma\/fr\/wp-json\/wp\/v2\/media\/1060"}],"wp:attachment":[{"href":"https:\/\/amadalamazigh.press.ma\/fr\/wp-json\/wp\/v2\/media?parent=1057"}],"wp:term":[{"taxonomy":"category","embeddable":true,"href":"https:\/\/amadalamazigh.press.ma\/fr\/wp-json\/wp\/v2\/categories?post=1057"},{"taxonomy":"post_tag","embeddable":true,"href":"https:\/\/amadalamazigh.press.ma\/fr\/wp-json\/wp\/v2\/tags?post=1057"}],"curies":[{"name":"wp","href":"https:\/\/api.w.org\/{rel}","templated":true}]}}