{"id":1072,"date":"2017-02-17T12:04:05","date_gmt":"2017-02-17T12:04:05","guid":{"rendered":"http:\/\/amadalamazigh.press.ma\/fr\/?p=1072"},"modified":"2017-02-17T12:04:53","modified_gmt":"2017-02-17T12:04:53","slug":"demande-au-ministre-allemand-des-affaires-etrangeres-de-sauver-la-vie-de-dr-kameleddine-fekhar","status":"publish","type":"post","link":"https:\/\/amadalamazigh.press.ma\/fr\/demande-au-ministre-allemand-des-affaires-etrangeres-de-sauver-la-vie-de-dr-kameleddine-fekhar\/","title":{"rendered":"Demande au ministre allemand des Affaires \u00e9trang\u00e8res de sauver la vie de Dr. Kameleddine Fekhar"},"content":{"rendered":"<p style=\"text-align: center;\"><img data-recalc-dims=\"1\" loading=\"lazy\" decoding=\"async\" class=\"size-medium wp-image-1073 alignleft\" src=\"https:\/\/i0.wp.com\/amadalamazigh.press.ma\/fr\/wp-content\/uploads\/2017\/02\/sigmar-300x250.jpg?resize=300%2C250\" alt=\"\" width=\"300\" height=\"250\" srcset=\"https:\/\/i0.wp.com\/amadalamazigh.press.ma\/fr\/wp-content\/uploads\/2017\/02\/sigmar.jpg?resize=300%2C250&amp;ssl=1 300w, https:\/\/i0.wp.com\/amadalamazigh.press.ma\/fr\/wp-content\/uploads\/2017\/02\/sigmar.jpg?w=390&amp;ssl=1 390w\" sizes=\"auto, (max-width: 300px) 100vw, 300px\" \/>A Son Excellence,<br \/>\nM. Sigmar GABRIEL,<br \/>\nMinistre f\u00e9d\u00e9ral des Affaires \u00e9trang\u00e8res de la R\u00e9publique F\u00e9d\u00e9rale d&rsquo;Allemagne<\/p>\n<p><strong>Objet<\/strong> : Demande urgente d\u2019intervenir pour sauver la vie du leader des Mozabites<\/p>\n<p>Excellence,<\/p>\n<p>Du fait que vous entamez une visite officielle en Alg\u00e9rie, ce lundi 20 f\u00e9vrier, en accompagnant votre chanceli\u00e8re Mme. Angela MERKEL, afin de discuter avec les hautes autorit\u00e9s alg\u00e9riennes de dossiers d\u2019int\u00e9r\u00eats \u00e9conomiques communs et de la question des \u00e9migr\u00e9s sans-papiers, nous vous demandons de bien vouloir inclure dans votre agenda, l\u2019\u00e9pineux dossier des droits humains dans la r\u00e9gion du Mzab, o\u00f9 le leader pacifiste Dr. Kameleddine Fekhar, risque de perdre la vie \u00e0 tout moment, apr\u00e8s un mois et demi de gr\u00e8ve de la faim.<br \/>\nExcellence,<\/p>\n<p>Nous vous informons que les autorit\u00e9s alg\u00e9riennes, au lieu de respecter la D\u00e9claration Universelle des Droits de l\u2019Homme, violent d\u00e9lib\u00e9r\u00e9ment les droits humains au Mzab (et aussi dans d\u2019autres r\u00e9gions amazighophones comme la Kabylie, comme en atteste les \u00e9v\u00e9nements de Beja\u00efa et le pays tuar\u00e8gue), en continuant \u00e0 d\u00e9tenir injustement des dizaines de militants des droits humains dont notre repr\u00e9sentant le Dr. Kameleddine Fekhar et ses compagnons, victimes de fausses et tr\u00e8s graves accusations dont celles d\u2019atteinte \u00e0 l\u2019int\u00e9r\u00eat national et outrage \u00e0 corps constitu\u00e9, et en condamnant \u00e0 l\u2019exil d\u2019autre militants comme notre pr\u00e9sident d\u00e9l\u00e9gu\u00e9 de notre ONG en Alg\u00e9rie , M. Khodir Sekouti. En sachant que \u00ab l&rsquo;Alg\u00e9rie est li\u00e9e par l&rsquo;article 2 de l&rsquo;accord d&rsquo;association avec l\u2019Union Europ\u00e9enne, qui stipule qu&rsquo;un \u00e9l\u00e9ment essentiel de l&rsquo;accord est le respect des principes d\u00e9mocratiques et des droits fondamentaux de l&rsquo;homme\u2026 \u00bb.<\/p>\n<p>H\u00e9las ! Le gouvernement alg\u00e9rien vient de renvoyer cette affaire devant le tribunal criminel, malgr\u00e9 le fait que leurs avocats (Ma\u00eetres Salah DABOUZ, Nourredine AHMINE, Abdelhak MELLAH, Mustapha BOUCHACHI, A. Sid BELHAKEM, Dadi OUBEKA, Rafik CHALABI..) d\u00e9noncent plusieurs et flagrantes irr\u00e9gularit\u00e9s de l\u2019affaire depuis la d\u00e9cision de l\u2019arrestation en soulignant le caract\u00e8re \u00e9minemment politique de cette affaire. Ce collectif d\u2019avocats a pr\u00e9cis\u00e9 que : \u201cNous avons relev\u00e9 le fait que l\u2019Ex\u00e9cutif p\u00e8se de tout son poids pour influencer la justice dans la prise de d\u00e9cision\u201d, et \u201cla manipulation des services de s\u00e9curit\u00e9 par l\u2019Ex\u00e9cutif\u201d.<\/p>\n<p>En plus, les d\u00e9clarations d\u2019Ammar Saadani, pr\u00e9c\u00e9dent Secr\u00e9taire G\u00e9n\u00e9ral du parti politique au pouvoir, le FLN, accuse directement l\u2019implication de l\u2019ancien chef de la DRS, des services secrets militaires, le G\u00e9n\u00e9ral Mohamed M\u00e9di\u00e8ne dit \u00ab Taoufik \u00bb, dans ces tragiques \u00e9v\u00e9nements de Gharda\u00efa de 2013 \u00e0 2015, et la justice alg\u00e9rienne, comme le d\u00e9nonce ce collectif d\u2019avocats, n\u2019a rein fait !<\/p>\n<p>Excellence,<\/p>\n<p>L\u2019Etat alg\u00e9rien continue malheureusement \u00e0 mener une politique g\u00e9nocidaire \u00e0 l\u2019encontre du peuple mozabite, en soutenant la communaut\u00e9 arabophone \u00abCha\u00e2nba\u00bb qui agresse continuellement cette communaut\u00e9 autochtone amazighe, en provoquant \u00e0 un certain moment l\u2019assassinat de plus d\u2019une trentaine de personnes en sus de plus d\u2019une centaine de bless\u00e9s\u2026(voir notre rapport d\u00e9taill\u00e9e : <a href=\"https:\/\/l.facebook.com\/l.php?u=http%3A%2F%2Fwww.amazigh24.com%2Fsites%2Fdefault%2Ffiles%2Fama_rapport_mzab_nov15.pdf&amp;h=ATP1hzRxq0d-F7VrYkSpjDmeJ3tvTvu6qceYxX4tf8jKNI8G0P2tY-KBCGqC19E82LU5oeJ1kPGZ8UIQNiG_kQdPFVJqjwkoPrTss6-ssxnlsIM3XZGUyPWBKotY4hsXyFg&amp;enc=AZPRsV_mpNic19G-wXhfhblqeH6YQ0pDtm3GWa37Xz5HqQ6TStKYKLk7XigN7i0QrzVK0q9Sltrg-4YdOdQhqMFBtaxe7-W5qGSWi3-tIq_zyadfeXgg-7pxsGf65lpIbUeROdSZkTN0go10CiUQwijPUVwSKzqRT2WMo8yQcUJ-GzXkI_2_1zS44-_Bwzsqv2DcdYLhKBvixIQFKnpaIksm&amp;s=1\" target=\"_blank\" rel=\"nofollow noopener\">www.amazigh24.com\/\u2026\/default\/files\/ama_rapport_mzab_nov15.pdf<\/a> ). Et c\u2019est pour cela que nous voulons que vous essayez de prot\u00e9ger les personnes et leurs biens mat\u00e9riels et d\u2019exiger des autorit\u00e9s alg\u00e9riennes de traduire en justice tous les responsables, les agents des autorit\u00e9s alg\u00e9riennes (polices, gendarmes et agents de renseignements), qui ont viol\u00e9 toutes les lois nationales, conventions internationales et instruments internationaux des droits humains.<\/p>\n<p>Excellence,<\/p>\n<p>Nous vous r\u00e9it\u00e9rons notre exigence \u00e0 r\u00e9agir suite \u00e0 notre urgente alerte, afin de sauver la vie de ce grand militant des droits humains qu\u2019est Dr. Kameleddine Fekhar, et d\u2019exiger sa lib\u00e9ration imm\u00e9diate et celle de tous les prisonniers politiques mozabites et par cons\u00e9quent, appelez \u00e0 l\u2019ordre les autorit\u00e9s alg\u00e9riennes \u00e0 se conformer au droit international, et d\u2019arr\u00eater une fois pour toute leur politique d\u2019agression \u00e0 l\u2019encontre du peuple amazigh et plus particuli\u00e8rement du peuple mozabite.<\/p>\n<p>En vous remerciant de votre diligence, veuillez agr\u00e9er, Excellence, l\u2019assurance de ma consid\u00e9ration fort distingu\u00e9e.<\/p>\n<p style=\"text-align: center;\">Sign\u00e9: Rachid RAHA<br \/>\nPr\u00e9sident de l\u2019Assembl\u00e9e Mondiale Amazighe<\/p>\n","protected":false},"excerpt":{"rendered":"<p>A Son Excellence, M. Sigmar GABRIEL, Ministre f\u00e9d\u00e9ral des Affaires \u00e9trang\u00e8res de la R\u00e9publique F\u00e9d\u00e9rale d&rsquo;Allemagne Objet : Demande urgente d\u2019intervenir pour sauver la vie du leader des Mozabites Excellence, Du fait que vous entamez une visite officielle en Alg\u00e9rie, ce lundi 20 f\u00e9vrier, en accompagnant votre chanceli\u00e8re Mme. Angela MERKEL, afin de discuter avec &hellip;<\/p>\n","protected":false},"author":2,"featured_media":1073,"comment_status":"open","ping_status":"open","sticky":false,"template":"","format":"standard","meta":{"jetpack_post_was_ever_published":false,"_jetpack_newsletter_access":"","_jetpack_dont_email_post_to_subs":true,"_jetpack_newsletter_tier_id":0,"_jetpack_memberships_contains_paywalled_content":false,"_jetpack_memberships_contains_paid_content":false,"footnotes":"","jetpack_publicize_message":"","jetpack_publicize_feature_enabled":true,"jetpack_social_post_already_shared":true,"jetpack_social_options":{"image_generator_settings":{"template":"highway","default_image_id":0,"font":"","enabled":false},"version":2}},"categories":[8],"tags":[],"class_list":["post-1072","post","type-post","status-publish","format-standard","has-post-thumbnail","","category-algerie"],"jetpack_publicize_connections":[],"jetpack_featured_media_url":"https:\/\/i0.wp.com\/amadalamazigh.press.ma\/fr\/wp-content\/uploads\/2017\/02\/sigmar.jpg?fit=390%2C325&ssl=1","jetpack_shortlink":"https:\/\/wp.me\/p9uxE2-hi","jetpack_sharing_enabled":true,"_links":{"self":[{"href":"https:\/\/amadalamazigh.press.ma\/fr\/wp-json\/wp\/v2\/posts\/1072","targetHints":{"allow":["GET"]}}],"collection":[{"href":"https:\/\/amadalamazigh.press.ma\/fr\/wp-json\/wp\/v2\/posts"}],"about":[{"href":"https:\/\/amadalamazigh.press.ma\/fr\/wp-json\/wp\/v2\/types\/post"}],"author":[{"embeddable":true,"href":"https:\/\/amadalamazigh.press.ma\/fr\/wp-json\/wp\/v2\/users\/2"}],"replies":[{"embeddable":true,"href":"https:\/\/amadalamazigh.press.ma\/fr\/wp-json\/wp\/v2\/comments?post=1072"}],"version-history":[{"count":2,"href":"https:\/\/amadalamazigh.press.ma\/fr\/wp-json\/wp\/v2\/posts\/1072\/revisions"}],"predecessor-version":[{"id":1075,"href":"https:\/\/amadalamazigh.press.ma\/fr\/wp-json\/wp\/v2\/posts\/1072\/revisions\/1075"}],"wp:featuredmedia":[{"embeddable":true,"href":"https:\/\/amadalamazigh.press.ma\/fr\/wp-json\/wp\/v2\/media\/1073"}],"wp:attachment":[{"href":"https:\/\/amadalamazigh.press.ma\/fr\/wp-json\/wp\/v2\/media?parent=1072"}],"wp:term":[{"taxonomy":"category","embeddable":true,"href":"https:\/\/amadalamazigh.press.ma\/fr\/wp-json\/wp\/v2\/categories?post=1072"},{"taxonomy":"post_tag","embeddable":true,"href":"https:\/\/amadalamazigh.press.ma\/fr\/wp-json\/wp\/v2\/tags?post=1072"}],"curies":[{"name":"wp","href":"https:\/\/api.w.org\/{rel}","templated":true}]}}