{"id":1906,"date":"2018-09-26T13:31:37","date_gmt":"2018-09-26T13:31:37","guid":{"rendered":"http:\/\/amadalamazigh.press.ma\/fr\/?p=1906"},"modified":"2018-09-26T13:34:16","modified_gmt":"2018-09-26T13:34:16","slug":"ouverture-des-inscriptions-au-forum-euro-amazigh-dynamiques-des-femmes-amazighes","status":"publish","type":"post","link":"https:\/\/amadalamazigh.press.ma\/fr\/ouverture-des-inscriptions-au-forum-euro-amazigh-dynamiques-des-femmes-amazighes\/","title":{"rendered":"Ouverture des inscriptions au Forum Euro-amazigh \/ DYNAMIQUES DES FEMMES AMAZIGHES"},"content":{"rendered":"<p><img data-recalc-dims=\"1\" loading=\"lazy\" decoding=\"async\" class=\"size-medium wp-image-1907 alignleft\" src=\"https:\/\/i0.wp.com\/amadalamazigh.press.ma\/fr\/wp-content\/uploads\/2018\/09\/affiche_fr_final_pq-177x250.jpg?resize=177%2C250\" alt=\"\" width=\"177\" height=\"250\" srcset=\"https:\/\/i0.wp.com\/amadalamazigh.press.ma\/fr\/wp-content\/uploads\/2018\/09\/affiche_fr_final_pq.jpg?resize=177%2C250&amp;ssl=1 177w, https:\/\/i0.wp.com\/amadalamazigh.press.ma\/fr\/wp-content\/uploads\/2018\/09\/affiche_fr_final_pq.jpg?resize=724%2C1024&amp;ssl=1 724w, https:\/\/i0.wp.com\/amadalamazigh.press.ma\/fr\/wp-content\/uploads\/2018\/09\/affiche_fr_final_pq.jpg?w=1131&amp;ssl=1 1131w\" sizes=\"auto, (max-width: 177px) 100vw, 177px\" \/>La Chaire Internationale de la Culture Amazighe organise la troisi\u00e8me \u00e9dition du Forum Euro-amazigh de Recherche, d\u00e9di\u00e9 cette ann\u00e9e aux \u00ab\u00a0Dynamiques des femmes amazighes: histoire, culture, soci\u00e9t\u00e9 et droits au Maghreb\u201d. Ce Forum se tiendra \u00e0 Grenade, au si\u00e8ge de la Fondation Euro-arabe, les 4 et 5 octobre 2018.<\/p>\n<p><strong>DYNAMIQUES DES FEMMES\u00a0AMAZIGHES: HISTOIRE, CULTURE, SOCI\u00c9T\u00c9 ET DROITS AU\u00a0MAGHREB.<\/strong><\/p>\n<p><strong>Ce Forum est organis\u00e9 dans le cadre de\u00a0la Chaire Internationale de la Culture Amazighe,\u00a0la Fondation Euro-arabe et\u00a0la Fondation Docteur\u00a0Leila Mezian et compte sur la collaboration de l&rsquo;Alliance Fran\u00e7aise.<\/strong><\/p>\n<p><strong>L&rsquo;objectif de cet \u00e9v\u00e9nement scientifique est de visualiser et \u00e9tudier, d&rsquo;une\u00a0perspective\u00a0pluridisciplinaire, les\u00a0r\u00f4les\u00a0des femmes amazighes dans les soci\u00e9t\u00e9s du\u00a0Maghreb.<\/strong><\/p>\n<p><strong>Langues de travail:\u00a0<\/strong>espagnol, fran\u00e7ais, anglais et arabe, avec traduction simultan\u00e9e.<\/p>\n<p><strong>Le Forum \u00ab\u00a0Dynamiques des femmes Amazighes\u00a0\u00bb\u00a0compte sur la participation de femmes chercheures, acad\u00e9miques, artistes et activistes provenant de neuf\u00a0pays, l&rsquo;Alg\u00e9rie, l&rsquo;Espagne, les \u00c9tats Unis, la France, la Hollande, l&rsquo;Italie, le Maroc, le\u00a0Royaume Uni et la\u00a0Tunisie, et qui\u00a0exposeront\u00a0au long de cinq\u00a0sessions leurs travaux sur les femmes berb\u00e8res, r\u00e9alis\u00e9s \u00e0 partir de diff\u00e9rentes disciplines telles que l&rsquo;histoire, l&rsquo;anthropologie, la sociologie, le droit, l&rsquo;art, la litt\u00e9rature, les \u00e9tudes de genre&#8230;<\/strong><\/p>\n<p><strong>Cette \u00e9dition du Forum Euro-amazigh abordera\u00a0les th\u00e9matiques suivantes:<\/strong><\/p>\n<ul>\n<li>R\u00f4les des femmes dans les soci\u00e9t\u00e9s\u00a0amazighes.<\/li>\n<li>Femmes amazighes: transmission de culture et valeurs.<\/li>\n<li>Culture amazighe au f\u00e9minin: musique, po\u00e9sie, litt\u00e9rature, m\u00e9tiers, artisanat.<\/li>\n<li>Matriarcat et l&rsquo;\u00e9galit\u00e9 dans les soci\u00e9t\u00e9s\u00a0amazighes.<\/li>\n<li>Statuts des femmes\u00a0amazighes: Religion, identit\u00e9 et droit\u00a0coutumier.<\/li>\n<li>Migrations et femmes\u00a0amazighes.<\/li>\n<li>Situation actuelle, luttes et mobilisations sociales\u00a0des femmes\u00a0amazighes.<\/li>\n<li>Contributions des femmes\u00a0amazighes aux civilisations m\u00e9diterran\u00e9ennes.<\/li>\n<\/ul>\n<p><strong>PROGRAMME DU FORUM<\/strong><\/p>\n<p><strong>JEUDI 4 octobre<\/strong><\/p>\n<p><strong>Inauguration 9:00 &#8211; 09:30\u00a0<\/strong><\/p>\n<p><strong>Dr. Leila MEZIAN<\/strong>.Pr\u00e9sidente de la Fondation Docteur Leila Mezian.<\/p>\n<p><strong>Dr. Inmaculada MARRERO ROCHA<\/strong>. Secr\u00e9taire Ex\u00e9cutive de la Fondation Euro-arabe des Hautes \u00c9tudes<\/p>\n<p><strong>Dr. Ahmed BOUKOUS<\/strong>. Recteur de l\u2019Institut Royal de la Culture Amazighe<\/p>\n<p><strong>Conf\u00e9rence inaugurale 9:30 &#8211; 10:15<\/strong><\/p>\n<ul>\n<li><strong>Ahmed AASSID<\/strong>, \u00e9crivain et chercheur dans le domaine de la culture amazighe<\/li>\n<\/ul>\n<p><strong><em>Double d\u00e9fi des femmes amazighes.<\/em><\/strong><\/p>\n<p><strong>Pr\u00e9sente: Dr. Inmaculada MARRERO ROCHA.<\/strong>\u00a0Secr\u00e9taire Ex\u00e9cutive de la Fondation Euro-arabe des Hautes \u00c9tudes<\/p>\n<p><strong>Premi\u00e8re s\u00e9ance\u00a0\u00a0\u00a0 10:15 &#8211; 12:15<\/strong><\/p>\n<p><strong>Femmes amazighes et dynamiques du changement\u00a0: valeurs, r\u00f4les et r\u00e9sistance<\/strong><\/p>\n<ul>\n<li><strong>Tassaadit YACINE<\/strong>,\u00a0EHESS. \u00c9cole des Hautes \u00c9tudes en Sciences Sociales, Paris,\u00a0France<\/li>\n<\/ul>\n<p><strong><em>Cr\u00e9ation\u00a0f\u00e9minine comme mode de r\u00e9sistance \u00e0 la domination masculine.<\/em><\/strong><\/p>\n<ul>\n<li><strong>Fatima AGNAOU,\u00a0<\/strong>IRCAM. Institut Royal de la Culture Amazighe, Rabat, Maroc<\/li>\n<\/ul>\n<p><strong><em>Image de la femme dans les manuels scolaires de l&rsquo;amazighe.<\/em><\/strong><\/p>\n<ul>\n<li><strong>Zineb ALI-BENALI<\/strong>,\u00a0Universit\u00e9 Paris 8,\u00a0France<\/li>\n<\/ul>\n<p><strong><em>Femmes du monde amazigh, entre refus de la subalternisation et dynamique de changement. El\u00e9ments pour une histoire \u00e0 \u00e9crire.<\/em><\/strong><\/p>\n<ul>\n<li><strong>Cristina FIGUEIREDO<\/strong>,\u00a0Universit\u00e9 Paris Descartes, France<\/li>\n<\/ul>\n<p><strong><em>Femmes Touar\u00e8gues r\u00e9silientes et r\u00e9sistantes. Quelques parcours biographiques (1990 &#8211; 2018)\u00a0\u00bb<\/em><\/strong><\/p>\n<p><strong>Deuxi\u00e8me s\u00e9ance\u00a0\u00a0 12:30 \u2013 14\u00a0:15<\/strong><\/p>\n<p><strong>Culture amazighe au f\u00e9minin\u00a0: arts et lettres<\/strong><\/p>\n<ul>\n<li><strong>Cynthia BECKER<\/strong>, Boston University, EEUU. Auteur du livre \u00ab\u00a0Amazigh Arts in Morocco: Women Shaping Berber Identity\u00a0\u00bb<\/li>\n<\/ul>\n<p><strong><em>Les arts f\u00e9minins amazighs\u00a0: expressions visuelles de l&rsquo;identit\u00e9.<\/em><\/strong><\/p>\n<ul>\n<li><strong>Ahmed BOUKOUS<\/strong>, Recteur de l&rsquo;Institut Royal de la Culture Amazighe, Maroc.<\/li>\n<\/ul>\n<p><strong><em>La dynamique du genre dans la litt\u00e9rature moderne. Cas de Tanit dans le roman \u00ab\u00a0Rhapsodies de Tanit la captive\u00a0\u00bb.<\/em><\/strong><\/p>\n<ul>\n<li><strong>Christine DUMONT-L\u00c9GER<\/strong>, Artiste, auteur du livre \u201cLes femmes amazighes, Chants et gestes de travail des femmes\u00bb, France<\/li>\n<\/ul>\n<p><strong><em>Chants et gestes de travail des femmes de l\u2019Atlas marocain, \u00e0 la source du f\u00e9minin.<\/em><\/strong><\/p>\n<ul>\n<li><strong>Ouiza TIKOBAINI<\/strong>,\u00a0Universit\u00e9 Mouloud Mammeri, Alg\u00e9rie.<\/li>\n<\/ul>\n<p><strong><em>Le combat de la femme kabyle \u00e0 travers la production litt\u00e9raire.<\/em><\/strong><\/p>\n<p><strong>Troisi\u00e8me s\u00e9ance\u00a0\u00a0\u00a0 18:00 &#8211; 20:00<\/strong><\/p>\n<p><strong>Statut des femmes amazighes\u00a0: identit\u00e9, droit coutumier et religion<\/strong><\/p>\n<ul>\n<li><strong>Nora TIGZIRI<\/strong>,\u00a0Universit\u00e9 Mouloud Mammeri, Alg\u00e9rie.<\/li>\n<\/ul>\n<p><strong><em>Les droits d&rsquo;h\u00e9ritage des femmes en Alg\u00e9rie : Rapports droit coutumier\/droit juridique<\/em><\/strong><\/p>\n<ul>\n<li><strong>Carmen GARRAT\u00d3N MATEU<\/strong>, Universit\u00e9 de Cadix, Espagne<\/li>\n<\/ul>\n<p><strong><em>Gardiennes de la tradition et propri\u00e9taires du changement\u00a0: les femmes berb\u00e8res et la terre.<\/em><\/strong><\/p>\n<ul>\n<li><strong>Souhila BELABBAS<\/strong>, University of Southampton, Royaume Uni<\/li>\n<\/ul>\n<p><strong><em>N\u00e9gociation et construction de l&rsquo;identit\u00e9 culturelle et ethnique dans un contexte transnational\u00a0: les kabyles au Royaume-Uni.<\/em><\/strong><\/p>\n<p><strong>VENDREDI\u00a05 octobre<\/strong><\/p>\n<p><strong>Quatri\u00e8me s\u00e9ance\u00a0\u00a0\u00a0 10:00 &#8211; 12:00<\/strong><\/p>\n<p><strong>Mouvements sociaux des femmes amazighes<\/strong><\/p>\n<ul>\n<li><strong>Meryam DEMNATI<\/strong>, Observatoire Amazigh des Droits de l\u2019Homme,\u00a0Maroc<\/li>\n<\/ul>\n<p><strong><em>L\u2019\u00e9mergence des ONGs amazighes f\u00e9ministes au Maroc, leurs objectifs et leurs actions.<\/em><\/strong><\/p>\n<ul>\n<li><strong>\u00c1ngela SU\u00c1REZ COLLADO<\/strong>, Universit\u00e9 de Salamanca, Espagne<\/li>\n<\/ul>\n<p><strong><em>R\u00f4les et participation des femmes dans le mouvement amazigh au Maroc.<\/em><\/strong><\/p>\n<ul>\n<li><strong>Inas MILOUD,\u00a0<\/strong>Tamazight Women Movement, Libye.<\/li>\n<\/ul>\n<p><strong><em>Luttes des femmes amazighes en Libye, activisme et intersectionnalit\u00e9<\/em><\/strong><\/p>\n<p><strong>Cinqui\u00e8me s\u00e9ance\u00a0\u00a0\u00a0 12:30 \u2013 14:30.<\/strong><\/p>\n<p><strong>Les femmes amazighes\u00a0: Histoire, production du savoir et conservation du patrimoine<\/strong><\/p>\n<ul>\n<li><strong>Salima NAJI<\/strong>,\u00a0Architecte, Tiznit \u2013 Maroc<\/li>\n<\/ul>\n<p><strong><em>R\u00e9sister, une\u00a0<\/em><\/strong><strong><em>\u00e9criture<\/em><\/strong><strong><em>\u00a0des marges\u00a0: l\u2019architecture de l\u2019Atlas. Sublimer les miettes ou recr\u00e9er la continuit\u00e9 interrompue\u00a0?<\/em><\/strong><\/p>\n<ul>\n<li><strong>Emna BEN MILLED,<\/strong>Universit\u00e9 de Tunis, auteur du livre \u00ab\u00a0Femme et identit\u00e9 sexuelle dans les cultures m\u00e9diterran\u00e9ennes et berb\u00e8res\u00a0\u00bb<\/li>\n<\/ul>\n<p><strong><em>Nos a\u00efeules sont amazighes\u00a0: Point de vue d\u2019une scientifique tunisienne.<\/em><\/strong><\/p>\n<ul>\n<li><strong>Fatima SADIQI<\/strong>,\u00a0Universit\u00e9 de F\u00e8s,\u00a0Maroc<\/li>\n<\/ul>\n<p><strong><em>Femmes amazighes, productrices du savoir en Afrique du Nord.<\/em><\/strong><\/p>\n<ul>\n<li><strong>Anna Maria DI\u00a0TOLLA<\/strong>, Berber Studies. University of Naples \u00ab\u00a0L&rsquo;Orientale\u00a0\u00bb, Italie<\/li>\n<\/ul>\n<p><strong><em>Sur les traces des femmes amazighes dans l&rsquo;histoire de l&rsquo;ibadisme au Maghreb.<\/em><\/strong><\/p>\n<ul>\n<li><strong>Rachid Raha,\u00a0<\/strong>Editeur du journal \u00ab\u00a0Amadal amazigh\u00a0\u00bb, Maroc<\/li>\n<\/ul>\n<p><strong><em>Le r\u00f4le des femmes dans l&rsquo;histoire de Tamazgha\/ L&rsquo;Afrique du Nord<\/em><\/strong><\/p>\n<p><strong>INSCRIPTION AU FORUM\u00a0EURO-AMAZIGH<\/strong><strong>L&rsquo;inscription au Forum\u00a0peut \u00eatre effectu\u00e9e\u00a0jusqu&rsquo;au mercredi 3\u00a0octobre.\u00a0La fiche d&rsquo;inscription peut \u00eatre t\u00e9l\u00e9charg\u00e9e sur cette page.\u00a0<\/strong><\/p>\n<h3><strong>Tarif d&rsquo;inscription:\u00a0<\/strong>10\u20ac<\/h3>\n<p><strong>&#8211; Proc\u00e9dure d&rsquo;inscription:\u00a0<\/strong><em>Pr\u00e9senter la fiche d&rsquo;inscription au si\u00e8ge de la Fondation Euro-arabe ou l&rsquo;envoyer par courriel\u00a0\u00a0(<strong>cursos@fundea.org<\/strong><span class=\"mailto\"><span class=\"element-invisible\">)<\/span><\/span>.\u00a0Une fois confirm\u00e9e votre admission par la Fondation, proc\u00e9der au versement de la quantit\u00e9 qui correspond \u00e0 l&rsquo;inscription sur le compte\u00a0de la Fondation Euroarabe<\/em>\u00a0<strong>n\u00ba\u00a0<\/strong><strong>ES69 3183 1800 15 0001325360<\/strong>\u00a0(ARQUIA, Caja de Arquitectos) en indiquant\u00a0\u00ab\u00a0Forum Euro-amazigh\u00a0\u00bb et en envoyant le justificatif de paiement \u00e0\u00a0<strong>cursos@fundea.org<\/strong><\/p>\n<p><strong>Certificat<\/strong>: des certificats d&rsquo;assistance seront d\u00e9livr\u00e9s.<\/p>\n<p><img data-recalc-dims=\"1\" loading=\"lazy\" decoding=\"async\" class=\"aligncenter wp-image-1907 size-large\" src=\"https:\/\/i0.wp.com\/amadalamazigh.press.ma\/fr\/wp-content\/uploads\/2018\/09\/affiche_fr_final_pq-724x1024.jpg?resize=618%2C874\" alt=\"\" width=\"618\" height=\"874\" srcset=\"https:\/\/i0.wp.com\/amadalamazigh.press.ma\/fr\/wp-content\/uploads\/2018\/09\/affiche_fr_final_pq.jpg?resize=724%2C1024&amp;ssl=1 724w, https:\/\/i0.wp.com\/amadalamazigh.press.ma\/fr\/wp-content\/uploads\/2018\/09\/affiche_fr_final_pq.jpg?resize=177%2C250&amp;ssl=1 177w, https:\/\/i0.wp.com\/amadalamazigh.press.ma\/fr\/wp-content\/uploads\/2018\/09\/affiche_fr_final_pq.jpg?w=1131&amp;ssl=1 1131w\" sizes=\"auto, (max-width: 618px) 100vw, 618px\" \/><\/p>\n","protected":false},"excerpt":{"rendered":"<p>La Chaire Internationale de la Culture Amazighe organise la troisi\u00e8me \u00e9dition du Forum Euro-amazigh de Recherche, d\u00e9di\u00e9 cette ann\u00e9e aux \u00ab\u00a0Dynamiques des femmes amazighes: histoire, culture, soci\u00e9t\u00e9 et droits au Maghreb\u201d. Ce Forum se tiendra \u00e0 Grenade, au si\u00e8ge de la Fondation Euro-arabe, les 4 et 5 octobre 2018. DYNAMIQUES DES FEMMES\u00a0AMAZIGHES: HISTOIRE, CULTURE, SOCI\u00c9T\u00c9 &hellip;<\/p>\n","protected":false},"author":2,"featured_media":1907,"comment_status":"open","ping_status":"closed","sticky":false,"template":"","format":"standard","meta":{"jetpack_post_was_ever_published":false,"_jetpack_newsletter_access":"","_jetpack_dont_email_post_to_subs":false,"_jetpack_newsletter_tier_id":0,"_jetpack_memberships_contains_paywalled_content":false,"_jetpack_memberships_contains_paid_content":false,"footnotes":"","jetpack_publicize_message":"","jetpack_publicize_feature_enabled":true,"jetpack_social_post_already_shared":false,"jetpack_social_options":{"image_generator_settings":{"template":"highway","default_image_id":0,"font":"","enabled":false},"version":2}},"categories":[26,21,18,19],"tags":[],"class_list":["post-1906","post","type-post","status-publish","format-standard","has-post-thumbnail","","category-agenda","category-culture-art","category-hors-tamazgha","category-monde-amazigh"],"jetpack_publicize_connections":[],"jetpack_featured_media_url":"https:\/\/i0.wp.com\/amadalamazigh.press.ma\/fr\/wp-content\/uploads\/2018\/09\/affiche_fr_final_pq.jpg?fit=1131%2C1600&ssl=1","jetpack_shortlink":"https:\/\/wp.me\/p9uxE2-uK","jetpack_sharing_enabled":true,"_links":{"self":[{"href":"https:\/\/amadalamazigh.press.ma\/fr\/wp-json\/wp\/v2\/posts\/1906","targetHints":{"allow":["GET"]}}],"collection":[{"href":"https:\/\/amadalamazigh.press.ma\/fr\/wp-json\/wp\/v2\/posts"}],"about":[{"href":"https:\/\/amadalamazigh.press.ma\/fr\/wp-json\/wp\/v2\/types\/post"}],"author":[{"embeddable":true,"href":"https:\/\/amadalamazigh.press.ma\/fr\/wp-json\/wp\/v2\/users\/2"}],"replies":[{"embeddable":true,"href":"https:\/\/amadalamazigh.press.ma\/fr\/wp-json\/wp\/v2\/comments?post=1906"}],"version-history":[{"count":3,"href":"https:\/\/amadalamazigh.press.ma\/fr\/wp-json\/wp\/v2\/posts\/1906\/revisions"}],"predecessor-version":[{"id":1910,"href":"https:\/\/amadalamazigh.press.ma\/fr\/wp-json\/wp\/v2\/posts\/1906\/revisions\/1910"}],"wp:featuredmedia":[{"embeddable":true,"href":"https:\/\/amadalamazigh.press.ma\/fr\/wp-json\/wp\/v2\/media\/1907"}],"wp:attachment":[{"href":"https:\/\/amadalamazigh.press.ma\/fr\/wp-json\/wp\/v2\/media?parent=1906"}],"wp:term":[{"taxonomy":"category","embeddable":true,"href":"https:\/\/amadalamazigh.press.ma\/fr\/wp-json\/wp\/v2\/categories?post=1906"},{"taxonomy":"post_tag","embeddable":true,"href":"https:\/\/amadalamazigh.press.ma\/fr\/wp-json\/wp\/v2\/tags?post=1906"}],"curies":[{"name":"wp","href":"https:\/\/api.w.org\/{rel}","templated":true}]}}