{"id":2193,"date":"2019-09-25T11:43:46","date_gmt":"2019-09-25T11:43:46","guid":{"rendered":"http:\/\/amadalamazigh.press.ma\/fr\/?p=2193"},"modified":"2019-10-07T22:23:05","modified_gmt":"2019-10-07T22:23:05","slug":"lalgerie-et-son-combat-contre-la-dictature","status":"publish","type":"post","link":"https:\/\/amadalamazigh.press.ma\/fr\/lalgerie-et-son-combat-contre-la-dictature\/","title":{"rendered":"L\u2019Alg\u00e9rie et son combat contre la dictature"},"content":{"rendered":"<figure id=\"attachment_1671\" aria-describedby=\"caption-attachment-1671\" style=\"width: 375px\" class=\"wp-caption alignleft\"><img data-recalc-dims=\"1\" loading=\"lazy\" decoding=\"async\" class=\"size-medium wp-image-1671\" src=\"https:\/\/i0.wp.com\/amadalamazigh.press.ma\/fr\/wp-content\/uploads\/2018\/03\/chtato-375x250.jpg?resize=375%2C250\" alt=\"\" width=\"375\" height=\"250\" srcset=\"https:\/\/i0.wp.com\/amadalamazigh.press.ma\/fr\/wp-content\/uploads\/2018\/03\/chtato.jpg?resize=375%2C250&amp;ssl=1 375w, https:\/\/i0.wp.com\/amadalamazigh.press.ma\/fr\/wp-content\/uploads\/2018\/03\/chtato.jpg?w=960&amp;ssl=1 960w\" sizes=\"auto, (max-width: 375px) 100vw, 375px\" \/><figcaption id=\"caption-attachment-1671\" class=\"wp-caption-text\"><span style=\"color: #ff0000;\">Par: Dr Mohamed Chtatou<\/span><\/figcaption><\/figure>\n<p>L\u2019arm\u00e9e alg\u00e9rienne, h\u00e9riti\u00e8re de l\u2019Arm\u00e9e de Lib\u00e9ration Nationale qui a combattu la France coloniale, est au c\u0153ur du syst\u00e8me politique du pays depuis l\u2019ind\u00e9pendance en 1962. Aujourd\u2019hui, cet arrangement a peut-\u00eatre atteint sa limite. La r\u00e9volte populaire qui a d\u00e9but\u00e9 le 22 f\u00e9vrier 2019 oblige les forces arm\u00e9es \u00e0 affronter leur r\u00f4le contradictoire en tant que <strong>participant politique cl\u00e9<\/strong> et <strong>arbitre du gouvernement<\/strong>.<\/p>\n<p>La premi\u00e8re incursion de l\u2019arm\u00e9e dans la politique alg\u00e9rienne a commenc\u00e9 avec son soutien \u00e0 Ahmed Ben Bella en tant que Premier ministre en 1962 (Ben Bella a \u00e9t\u00e9 \u00e9lu le premier pr\u00e9sident de l\u2019Alg\u00e9rie un an plus tard). En 1965, le colonel Houari Boumedienne, le chef de l&rsquo;arm\u00e9e, s&#8217;empara de la pr\u00e9sidence \u00e0 la suite d&rsquo;un coup d&rsquo;\u00c9tat militaire. Depuis lors, directement ou indirectement, l&rsquo;arm\u00e9e a fait et d\u00e9fait les gouvernements\u00a0: <strong>faiseur principal des rois.<\/strong><\/p>\n<p><strong>Une arm\u00e9e au c\u0153ur de la politique<\/strong><\/p>\n<p>Un pays qui n&rsquo;a pas pu se d\u00e9barrasser de son dirigeant pendant 20 ans semble peiner a en choisir un nouveau. Apr\u00e8s des mois de manifestations qui ont provoqu\u00e9 la chute du pr\u00e9sident Abdelaziz Bouteflika en avril 2019, des \u00e9lections ont \u00e9t\u00e9 fix\u00e9es au mois de juillet 2019. Cette \u00e9ch\u00e9ance fut rejet\u00e9e par la rue, cependant, sans remplacement acceptable en vue, les manifestants, f\u00e2ch\u00e9s \u00e0 la fois par le <strong>blocage politique<\/strong> et une <strong>\u00e9conomie en perte de vitesse<\/strong>, descendent toujours dans les rues chaque vendredi pour battre le pav\u00e9 et \u00e9taler leur m\u00e9contentement et ras-le-bol. L&rsquo;arm\u00e9e, qui d\u00e9tient le pouvoir, de facto, de main de fer, les tol\u00e8re, mais rien d&rsquo;autre n&rsquo;a chang\u00e9 : le statu quo a pr\u00e9valu pendant un \u00e9t\u00e9 long et languissant.<\/p>\n<p>Apr\u00e8s avoir donn\u00e9 un dernier coup de pouce \u00e0 M. Bouteflika, l&rsquo;arm\u00e9e a entrepris de d\u00e9manteler la base du pouvoir qu&rsquo;il avait construit, avec son accord bien s\u00fbr, au cours des deux d\u00e9cennies pr\u00e9c\u00e9dentes. Des hommes d\u2019affaires fortun\u00e9s, comme Ali Haddad, qui s\u2019est enrichi gr\u00e2ce aux contrats de l\u2019\u00c9tat, ont \u00e9t\u00e9 emmen\u00e9s en prison. Il en \u00e9tait de m\u00eame du fr\u00e8re du pr\u00e9sident d\u00e9chu,\u00a0 de deux anciens chefs d\u2019espionnage et d\u2019autres personnages puissants du s\u00e9rail politique d\u2019avant le Hirak populaire.<\/p>\n<figure id=\"attachment_2194\" aria-describedby=\"caption-attachment-2194\" style=\"width: 609px\" class=\"wp-caption aligncenter\"><img data-recalc-dims=\"1\" loading=\"lazy\" decoding=\"async\" class=\"wp-image-2194 size-full\" src=\"https:\/\/i0.wp.com\/amadalamazigh.press.ma\/fr\/wp-content\/uploads\/2019\/09\/1.jpg?resize=609%2C406\" alt=\"\" width=\"609\" height=\"406\" srcset=\"https:\/\/i0.wp.com\/amadalamazigh.press.ma\/fr\/wp-content\/uploads\/2019\/09\/1.jpg?w=609&amp;ssl=1 609w, https:\/\/i0.wp.com\/amadalamazigh.press.ma\/fr\/wp-content\/uploads\/2019\/09\/1.jpg?resize=375%2C250&amp;ssl=1 375w\" sizes=\"auto, (max-width: 609px) 100vw, 609px\" \/><figcaption id=\"caption-attachment-2194\" class=\"wp-caption-text\"><span style=\"color: #ff0000;\">Le G\u00e9n\u00e9ral de Corps d\u2019Arm\u00e9e et vice-ministre de la D\u00e9fense nationale, Gaid Saleh, homme fort de l\u2019Alg\u00e9rie<\/span><\/figcaption><\/figure>\n<p>Le chef militaire et le dirigeant de facto du pays, le G\u00e9n\u00e9ral de Corps d\u2019Arm\u00e9e et vice-ministre de la D\u00e9fense nationale, Gaid Saleh, a intensifi\u00e9 la r\u00e9pression contre le soul\u00e8vement populaire qui dure depuis huit mois et qui a mis fin au r\u00e9gime autoritaire d\u2019Abdelaziz Bouteflika mais n\u2019a pas abouti \u00e0 une <strong>transition d\u00e9mocratique<\/strong> pour le plus grand pays d\u2019Afrique. Le mois dernier, sous l&rsquo;autorit\u00e9 de ce m\u00eame g\u00e9n\u00e9ral, les autorit\u00e9s ont arr\u00eat\u00e9 des dizaines de manifestants et bloqu\u00e9 des sites d&rsquo;informations tandis que les manifestations hebdomadaires de rue se poursuivaient sans rel\u00e2che \u00e0 Alger et dans d&rsquo;autres villes de ce pays, riche en gaz mais pauvre en libert\u00e9 et d\u00e9mocratie.<\/p>\n<p>\u00ab\u00a0<em>Il y a une nouvelle fermet\u00e9 de l&rsquo;arm\u00e9e et de la police que nous n&rsquo;avons pas vue depuis le d\u00e9but des manifestations<\/em>\u00ab\u00a0, a d\u00e9clar\u00e9 Dalia Ghanem-Yazbeck, chercheuse r\u00e9sidante au Carnegie Middle East Center \u00e0 Beyrouth. \u00ab\u00a0<em>Les militaires, et \u00e0 leur t\u00eate Gaid Saleh, durcissent le ton et adressent un message aux manifestants :\u00a0\u00bb nous vous avons d\u00e9j\u00e0 fait des concessions<\/em> \u00ab\u00a0.\u00a0\u00bb<\/p>\n<p>Depuis qu\u2019il a c\u00e9d\u00e9 \u00e0 la pression populaire et chass\u00e9 M. Bouteflika du pouvoir en avril 2019, M. Saleh a pr\u00e9sid\u00e9 \u00e0 la purge des collaborateurs et hauts responsables envoyant une douzaine de personnes sinon plus en prison pour corruption. Cependant, il a refus\u00e9 de faciliter une <strong>transition politique dirig\u00e9e par des civils<\/strong>. Les \u00e9lections pr\u00e9sidentielles, pr\u00e9vues pour le 4 juillet 2019, ont \u00e9t\u00e9 report\u00e9es \u00e0 cause du manque de candidats et d\u2019int\u00e9r\u00eat populaire et d\u2019autres sont pr\u00e9vues pour le 12 d\u00e9cembre 2019 et qui risquent le m\u00eame sort, apr\u00e8s tout.<\/p>\n<p>Pendant ce temps, une r\u00e9pression contre la presse est en cours. \u00ab\u00a0<em>Les autorit\u00e9s refusent de permettre les droits les plus simples, comme la libert\u00e9 d&rsquo;expression<\/em>\u00ab\u00a0, a d\u00e9clar\u00e9 Lounes Guemache, r\u00e9dacteur en chef de TSA-Alg\u00e9rie, un site d&rsquo;informations bloqu\u00e9 r\u00e9cemment. \u00ab\u00a0<em>Leur jeu est maintenant d&rsquo;essayer d&rsquo;affaiblir le mouvement<\/em>.\u00a0\u00bb<\/p>\n<p>Le r\u00e9gime a \u00e9galement arr\u00eat\u00e9 des manifestants pour avoir brandi le drapeau amazigh durant les manifestations. Selon des analystes, la campagne soudaine contre les Amazighs vise \u00e0 attiser les divisions en faisant appel au sentiment nationaliste des manifestants et \u00e0 <strong>stigmatiser les Amazighs comme ennemis de l\u2019int\u00e9grit\u00e9 territoriale du pays<\/strong> au vu de leur lutte sempiternelle pour la reconnaissance, la d\u00e9mocratie, la libert\u00e9 et l\u2019autonomie. \u00ab <em>Cela a \u00e9chou\u00e9<\/em> \u00bb, a d\u00e9clar\u00e9 Nacer Djabi, professeur de sociologie \u00e0 l&rsquo;universit\u00e9 d&rsquo;Alger. \u00a0\u00bb <em>Cela aurait pu fonctionner il y a 30 ans, mais les Alg\u00e9riens ont d\u00e9pass\u00e9 ce probl\u00e8me.<\/em>\u00a0\u00bb<\/p>\n<figure id=\"attachment_2195\" aria-describedby=\"caption-attachment-2195\" style=\"width: 609px\" class=\"wp-caption aligncenter\"><img data-recalc-dims=\"1\" loading=\"lazy\" decoding=\"async\" class=\"wp-image-2195 size-full\" src=\"https:\/\/i0.wp.com\/amadalamazigh.press.ma\/fr\/wp-content\/uploads\/2019\/09\/2.jpg?resize=609%2C407\" alt=\"\" width=\"609\" height=\"407\" srcset=\"https:\/\/i0.wp.com\/amadalamazigh.press.ma\/fr\/wp-content\/uploads\/2019\/09\/2.jpg?w=609&amp;ssl=1 609w, https:\/\/i0.wp.com\/amadalamazigh.press.ma\/fr\/wp-content\/uploads\/2019\/09\/2.jpg?resize=374%2C250&amp;ssl=1 374w, https:\/\/i0.wp.com\/amadalamazigh.press.ma\/fr\/wp-content\/uploads\/2019\/09\/2.jpg?resize=110%2C75&amp;ssl=1 110w\" sizes=\"auto, (max-width: 609px) 100vw, 609px\" \/><figcaption id=\"caption-attachment-2195\" class=\"wp-caption-text\"><span style=\"color: #ff0000;\">Drapeau Amazigh interdit par les militaires en Alg\u00e9ries<\/span><\/figcaption><\/figure>\n<p><strong>Ennemi externe<\/strong><\/p>\n<p>Aujourd\u2019hui, Gaid Saleh, change le fusil d\u2019\u00e9paule. Comme tout dictateur arabe du pass\u00e9 et du pr\u00e9sent, au lieu de faire face \u00e0 la r\u00e9alit\u00e9 \u00e9conomique et politique du pays, il impute le Hirak populaire \u00e0 un ennemi externe qu\u2019il a appel\u00e9 \u00ab\u00a0la bande\u00a0\u00bb, donc, d\u2019apr\u00e8s ses dires, un ensemble de forces qui sont derri\u00e8re les manifestations de rue. En langage direct et clair, de ce dictateur de l\u2019\u00e8re sovi\u00e9tique,\u00a0ces ennemis ne peuvent \u00eatre que\u00a0: le Maroc, la France, Isra\u00ebl pour ne pas dire les USA et la diaspora amazighe alg\u00e9rienne et tous les peuples amazighs de <strong>Tamazgha<\/strong> f\u00e9rus de libert\u00e9. Pour la nomenclature militaire, le Maroc a toujours \u00e9t\u00e9 l\u2019ennemi num\u00e9ro un du pays, surtout depuis la Guerre des Sables de 1963, alors qu\u2019en r\u00e9alit\u00e9 c\u2019est le Maroc qui est la victime de son animosit\u00e9 proverbiale dans le conflit du Sahara depuis 1975.<\/p>\n<p>&nbsp;<\/p>\n<p>En effet, dans son dernier discours prononc\u00e9 le 19 Septembre 2019, Ahmed Gaid Saleh, a lanc\u00e9 un ultime avertissement \u00e0 \u00ab\u00a0<strong>la bande<\/strong>\u00a0\u00bb et \u00e0 ses \u00ab\u00a0<strong>r\u00e9sidus<\/strong>\u00a0\u00bb. Tout en soulignant que le \u00ab\u00a0<em>recours aux urnes est la solution id\u00e9ale, efficace et judicieuse pour le pays et le peuple<\/em>\u00bb, Gaid Saleh a r\u00e9it\u00e9r\u00e9 \u00e0 l\u2019attention de ceux qu\u2019il qualifie de \u00ab\u00a0<strong>perturbateurs<\/strong>\u00a0\u00bb et de \u00ab\u00a0<strong>comploteurs<\/strong>\u00a0\u00bb que \u00ab<em>le peuple alg\u00e9rien, fier de son histoire nationale s\u00e9culaire saura comment d\u00e9jouer les plans des comploteurs et des sceptiques parmi les r\u00e9sidus de la bande auxquels nous adressons une nouvelle fois un avertissement quant \u00e0 l\u2019\u00e9ventuelle tentative de perturber le peuple<\/em>\u00a0\u00bb.<\/p>\n<p>Depuis un certain temps Gaid Saleh multiplie les visites aux diff\u00e9rentes r\u00e9gions militaires, sa seule activit\u00e9 professionnelle dans le cadre de son statut militaire r\u00e9gis par la constitution, et ainsi utilise ses rencontres \u00e0 usage politique pour d\u00e9verser son fiel sur les ennemis fant\u00f4mes de l\u2019establishment militaire qui gouverne le pays. Ces ennemis sont \u00ab\u00a0<strong>la bande et ses acolytes<\/strong>\u00a0\u00bb, s\u2019ils ne sont pas les parties pr\u00e9cit\u00e9es donc on se demande s\u2019ils sont les partis de l\u2019opposition ou\/et le peuple des manifestants hebdomadaires\u00a0? Si c\u2019est le cas, donc pour ce g\u00e9n\u00e9ral le peuple est l\u2019ennemi direct de l\u2019arm\u00e9e parce qu\u2019il lui demande de se retirer de la politique et de retourner dans les casernes pour se concentrer sur son r\u00f4le de d\u00e9fense de la patrie.<\/p>\n<p>Dans une allocution prononc\u00e9e lors de son troisi\u00e8me jour de visite en 2<sup>\u00e8me<\/sup> R\u00e9gion militaire (Oran), cit\u00e9e par un communiqu\u00e9 du minist\u00e8re de la D\u00e9fense, Gaid Saleh rench\u00e9rit\u00a0: <em>\u00ab Les ambitions de la bande, de ses acolytes et de ceux qui gravitent autour d\u2019elle sont loin de se r\u00e9aliser, car l\u2019institution militaire, et nous le r\u00e9it\u00e9rons avec insistance, saura contrecarrer avec force et rigueur toutes ces parties hostiles, aux c\u00f4t\u00e9s de tous les patriotiques fid\u00e8les et loyaux au serment des vaillants chouhada, et ne permettra \u00e0 quiconque de porter atteinte \u00e0 la r\u00e9putation de l\u2019Alg\u00e9rie parmi les nations, \u00e0 sa glorieuse histoire et \u00e0 la dignit\u00e9 de son peuple authentique \u00bb.<\/em><\/p>\n<p>Pour contrecarrer les desseins de \u00ab\u00a0la bande\u00a0\u00bb, Gaid Saleh relance le projet d\u2019\u00e9lections pr\u00e9sidentielles par l\u2019entremise de son homme de main, le pr\u00e9sident par int\u00e9rim Abdelkader Bensaleh, pour le 12 d\u00e9cembre 2019, une initiative qui risque, encore, d\u2019\u00eatre rejet\u00e9e par le peuple qui r\u00eave plut\u00f4t d\u2019une issue \u00e0 la crise politique actuelle \u00e0 la soudanaise, plus qu\u2019une nouvelle com\u00e9die politique sous la f\u00e9rule de l\u2019arm\u00e9e. \u00ab\u00a0<em>J&rsquo;ai d\u00e9cid\u00e9 (&#8230;) que la date de l&rsquo;\u00e9lection pr\u00e9sidentielle sera le jeudi 12\u00a0d\u00e9cembre\u00a02019<\/em>\u00ab\u00a0, a d\u00e9clar\u00e9 Abdelkader Bensalah qui, selon la Constitution du pays, ne peut \u00eatre candidat.<\/p>\n<p><strong>Combattre la corruption pour plaire<\/strong><\/p>\n<p>Zeghmati est l\u2019une des stars montantes du r\u00e9gime alg\u00e9rien post\u00e9rieur \u00e0 Bouteflika. Il a remplac\u00e9 le plus r\u00e9cent ministre de la Justice, Slimane Brahimi, apr\u00e8s sa destitution par le pr\u00e9sident par int\u00e9rim, Abdelkader Bensalah.<\/p>\n<p>Ce licenciement est techniquement inconstitutionnel \u00e9tant donn\u00e9 que l\u2019article 104 de la constitution alg\u00e9rienne interdit au chef de l\u2019Etat de redistribuer le gouvernement sans le consentement du parlement, mais qu\u2019avec la demande publique de montrer des progr\u00e8s en mati\u00e8re de lutte contre la corruption, aucun n\u2019a d\u00e9nonc\u00e9 cet acte anticonstitutionnel.<\/p>\n<p>Le ministre de la Justice actuel, Zeghmati, est lui-m\u00eame revenu au pouvoir apr\u00e8s avoir \u00e9t\u00e9 r\u00e9trograd\u00e9 par le gouvernement pr\u00e9c\u00e9dent. Apr\u00e8s avoir \u00e9t\u00e9 procureur g\u00e9n\u00e9ral d&rsquo;Alger, Zeghmati a \u00e9t\u00e9 d\u00e9mis de ses fonctions apr\u00e8s avoir os\u00e9 lancer un mandat d&rsquo;arr\u00eat international contre l&rsquo;ancien ministre de l&rsquo;\u00c9nergie, Chakib Khelil, personnalit\u00e9 du parti du FLN, son \u00e9pouse et ses deux enfants. Apr\u00e8s son limogeage, les mandats ont \u00e9t\u00e9 annul\u00e9s pour <strong>\u00ab violation de la proc\u00e9dure<\/strong> \u00bb et, en 2016, Khelil est rentr\u00e9 dans le pays.<\/p>\n<figure id=\"attachment_2196\" aria-describedby=\"caption-attachment-2196\" style=\"width: 609px\" class=\"wp-caption aligncenter\"><img data-recalc-dims=\"1\" loading=\"lazy\" decoding=\"async\" class=\"wp-image-2196 size-full\" src=\"https:\/\/i0.wp.com\/amadalamazigh.press.ma\/fr\/wp-content\/uploads\/2019\/09\/3.jpg?resize=609%2C407\" alt=\"\" width=\"609\" height=\"407\" srcset=\"https:\/\/i0.wp.com\/amadalamazigh.press.ma\/fr\/wp-content\/uploads\/2019\/09\/3.jpg?w=609&amp;ssl=1 609w, https:\/\/i0.wp.com\/amadalamazigh.press.ma\/fr\/wp-content\/uploads\/2019\/09\/3.jpg?resize=374%2C250&amp;ssl=1 374w, https:\/\/i0.wp.com\/amadalamazigh.press.ma\/fr\/wp-content\/uploads\/2019\/09\/3.jpg?resize=110%2C75&amp;ssl=1 110w\" sizes=\"auto, (max-width: 609px) 100vw, 609px\" \/><figcaption id=\"caption-attachment-2196\" class=\"wp-caption-text\"><span style=\"color: #ff0000;\">Manifestations du vendredi<\/span><\/figcaption><\/figure>\n<p>En pleine p\u00e9riode de r\u00e9volution, il a \u00e9t\u00e9 renomm\u00e9 procureur g\u00e9n\u00e9ral d&rsquo;Alger le 16 mai 2019, avant d&rsquo;\u00eatre nomm\u00e9 ministre de la Justice le 31 juillet 2019. Zeghmati est le fer de lance de l\u2019initiative du gouvernement actuel visant \u00e0 \u00e9liminer l\u2019influence de l\u2019ancien r\u00e9gime et \u00e0 le tenir responsable de la corruption. \u00ab <em>C\u2019est bien, et nous en avions besoin. Le nouveau r\u00e9gime n&rsquo;a pas de place pour les tra\u00eetres, pas de place pour les corrompus. Nous avons besoin de patriotes, pas de fils de la France <\/em>\u00bb, a d\u00e9clar\u00e9 Khaled Djmeli, professeur agr\u00e9g\u00e9 de sciences politiques \u00e0 l&rsquo;universit\u00e9 de Batna, \u00e0 TRT World. \u00ab<em> Vous ne croiriez pas le nombre de changements que nous avons vue. Tout le monde est responsable. Les riches sont tous sous surveillance, les propri\u00e9taires de biens immobiliers et toute personne qui s&rsquo;est enrichie trop vite. Ils font tous l&rsquo;objet d&rsquo;un examen, d&rsquo;une enqu\u00eate et d&rsquo;un r\u00e9examen. Il y a seulement quelques ann\u00e9es, nous avons d\u00e9couvert que 500 noms ayant obtenu un logement social \u00e9taient tous des enfants de hauts responsables du r\u00e9gime. C&rsquo;\u00e9tait de notori\u00e9t\u00e9 publique, mais rien n&rsquo;a \u00e9t\u00e9 fait \u00e0 ce sujet. Maintenant, le vent du changement est l\u00e0. Laisse-les avoir peur <\/em>\u00bb, continue-t-il en riant.<\/p>\n<p>Derri\u00e8re tout cela, le chef d\u2019\u00e9tat-major de l\u2019arm\u00e9e alg\u00e9rienne est maintenu au pouvoir sans \u00eatre d\u00e9rang\u00e9. Il n&rsquo;y a pas si longtemps, il a d\u00e9clar\u00e9 publiquement que les revendications du mouvement de protestation \u00e9taient satisfaites. Le fait qu\u2019il ait pu faire cette d\u00e9claration sans invoquer la col\u00e8re populaire en dit long sur les concessions qu\u2019il leur a faites, et encore plus sur le pouvoir enracin\u00e9 qu\u2019il d\u00e9tient toujours. S&rsquo;\u00e9tant pr\u00e9sent\u00e9 \u00e0 la mani\u00e8re napol\u00e9onienne, comme un <strong>sauveur de la r\u00e9volution<\/strong>, Gaid Saleh a d\u00e9cha\u00een\u00e9 les vrais patriotes du pays.<\/p>\n<p>\u201c<em>Il y a quelque chose de diff\u00e9rent dans l&rsquo;air ici. Il y a seulement un an, il s&rsquo;agissait de relations et d&rsquo;amiti\u00e9s. Vous ne pourrez jamais faire de demande sans un appel t\u00e9l\u00e9phonique et \u00e9ventuellement un pot-de-vin. Nous avons eu un cas o\u00f9 un maire convoquait un commissaire au logement et au d\u00e9veloppement et lui demandait de mettre de c\u00f4t\u00e9 100 unit\u00e9s de logement pour lui-m\u00eame. S&rsquo;il les avait vendus, il serait un milliardaire<\/em> \u00bb, explique Amin, un soi-disant membre d&rsquo;un groupe de travail d&rsquo;investigation anonyme et civil qui se penche sur l&rsquo;ancienne corruption. Il a demand\u00e9 que son nom de famille reste anonyme. <em>\u00ab Mais je suis s\u00fbr que beaucoup ont fait la m\u00eame chose et s&rsquo;en sont tir\u00e9s. Maintenant, rien ne passe sans une documentation appropri\u00e9e. Les bureaucrates suivent les r\u00e8gles du livre et ne s\u2019en \u00e9cartent pas d\u2019un centim\u00e8tre. Ce n&rsquo;est que le d\u00e9but \u00bb<\/em>, ajoute-t-il.<\/p>\n<p>Cependant, tout le monde n\u2019adh\u00e8re pas \u00e0 la sinc\u00e9rit\u00e9 de la position de Gaid Saleh. <em>\u00ab Il s&rsquo;est donc dress\u00e9 contre Bouteflika. Le reste du pays a fait de m\u00eame. Je pense que la plupart des Alg\u00e9riens qui le d\u00e9crivent maintenant comme un partisan du peuple \u00e9taient soulag\u00e9s qu&rsquo;il ne nous ait pas r\u00e9prim\u00e9s avec l&rsquo;arm\u00e9e \u00bb<\/em>, a d\u00e9clar\u00e9 Mohammed El-Eulmaoui, un ing\u00e9nieur en logiciel qui a parl\u00e9 \u00e0 TRT World. \u00ab <em>Cela ne fait pas de lui le bon gars. Il \u00e9tait le meilleur ami de Bouteflika et de son fr\u00e8re Said. Il a utilis\u00e9 les premiers acquis de notre r\u00e9volution pour purger l&rsquo;intelligence et son ancien partenaire, le g\u00e9n\u00e9ral Toufik Medienne. Ils ont tous deux men\u00e9 la charge pendant la d\u00e9cennie noire, mais seul M\u00e9dienne en a pay\u00e9 le prix<\/em> \u00bb, a ajout\u00e9 Mohammed.<\/p>\n<p><strong>Dialogue de sourds<\/strong><\/p>\n<p>Alors que les manifestations se poursuivent sans rel\u00e2che, une nouvelle forme de gouvernement se dessine \u00e0 l\u2019horizon. Au lieu d\u2019organiser des \u00e9lections, l\u2019\u00ab\u00a0<strong>Instance nationale de dialogue et de m\u00e9diation\u00a0<\/strong>\u00bb, pr\u00e9sid\u00e9e par l\u2019ancien parlementaire Karim Younes, est en train de se transformer progressivement en une commission \u00e9lectorale.<\/p>\n<p>Form\u00e9 initialement afin de r\u00e9concilier les divergences entre les partis et \u00e0 les convaincre de tenir des \u00e9lections prochainement, l\u2019\u00ab Instance nationale \u00bb, comme on l\u2019appelle maintenant, est en train de devenir une toute autre chose. Les membres de l\u2019Instance se rendent dans chaque ville et organisent des r\u00e9unions intensives avec les habitants, leur demandant de d\u00e9signer des repr\u00e9sentants capables de parler en leur nom.<\/p>\n<p>Au fur et \u00e0 mesure que leur liste grandit, les plus grands partis de l\u2019Alg\u00e9rie sont techniquement repr\u00e9sent\u00e9s dans ce que beaucoup esp\u00e8rent pouvoir \u00e9ventuellement donner lieu \u00e0 une forme de <strong>r\u00e9union du peuple<\/strong>. Cela donne un poids incroyable et un bloc de vote important qui pourrait convaincre les \u00e9lecteurs locaux de choisir un candidat.<\/p>\n<p><em>\u00ab L\u2019Instance nationale est suppos\u00e9e \u00eatre impartiale. Elle est cens\u00e9e \u00e9couter et r\u00e9concilier, seulement. Mais les repr\u00e9sentants qu\u2019ils choisiront resteront bien s\u00fbr fid\u00e8les \u00e0 Karim Younes, qui leur a donn\u00e9 une chance d\u2019occuper un poste public. Cela sape la volont\u00e9 populaire avec des dons politiques.<\/em> \u00bb, a d\u00e9clar\u00e9 Mohammed El-Eulmaoui.<\/p>\n<p><strong>La contre-r\u00e9volution<\/strong><\/p>\n<p>Les Alg\u00e9riens restent d\u00e9termin\u00e9s \u00e0 poursuivre leur combat, conscients du r\u00f4le que les forces contre-r\u00e9volutionnaires ont jou\u00e9 dans les mouvements d\u00e9mocratiques arabes dans toute la r\u00e9gion depuis l\u2019av\u00e8nement du Printemps arabe en 2011. Si beaucoup consid\u00e8rent le haut commandement militaire comme un mal n\u00e9cessaire, leurs slogans sont n\u00e9anmoins clairs et directs : \u00ab<strong><em> Un \u00c9tat civil pas militaire<\/em><\/strong> \u00bb, \u00ab <strong><em>Une r\u00e9publique, pas une caserne militaire <\/em><\/strong>\u00bb.<\/p>\n<p>Les Alg\u00e9riens sont conscients que des \u00e9lections sans <strong>gouvernement de transition<\/strong> permettant un changement radical signifient un retour au statu quo et une victoire de l&rsquo;establishment. Pour l\u2019instant, l\u2019actuel pr\u00e9sident par int\u00e9rim, Bensalah, reste fid\u00e8le \u00e0 la volont\u00e9 de l\u2019arm\u00e9e de tenir ce que beaucoup d\u00e9crivent comme une <strong>\u00e9lection pr\u00e9matur\u00e9e<\/strong>. Gaid Saleh et le reste du haut commandement militaire, par contre, jouent pour gagner du temps. Un nouveau slogan s&rsquo;est r\u00e9pandu au cours des deux derni\u00e8res semaines dans tout le pays : \u00ab\u00a0<strong>la d\u00e9sob\u00e9issance civile est imminente<\/strong> \u00bb, ce qui traduit clairement la volont\u00e9 de la rue alg\u00e9rienne d&rsquo;organiser et d&rsquo;intensifier les manifestations.<\/p>\n<p>Loin d\u2019esp\u00e9rer que l\u2019arm\u00e9e soutienne le mouvement populaire dans ses revendications, les Alg\u00e9riens r\u00e9alisent peu \u00e0 peu que Gaid Saleh ne changera pas sa position en mati\u00e8re de droits individuels ou collectifs, de lib\u00e9ration des prisonniers politiques ou de transition politique.<\/p>\n<p>Alors que l&rsquo;Alg\u00e9rie d\u00e9couvre un nouveau territoire dans sa qu\u00eate d&rsquo;autod\u00e9termination d\u00e9mocratique, une chose est certaine la bataille pour le c\u0153ur de l\u2019Alg\u00e9rie est loin d\u2019\u00eatre termin\u00e9e.<\/p>\n<figure id=\"attachment_2197\" aria-describedby=\"caption-attachment-2197\" style=\"width: 609px\" class=\"wp-caption aligncenter\"><img data-recalc-dims=\"1\" loading=\"lazy\" decoding=\"async\" class=\"wp-image-2197 size-full\" src=\"https:\/\/i0.wp.com\/amadalamazigh.press.ma\/fr\/wp-content\/uploads\/2019\/09\/4.jpg?resize=609%2C267\" alt=\"\" width=\"609\" height=\"267\" srcset=\"https:\/\/i0.wp.com\/amadalamazigh.press.ma\/fr\/wp-content\/uploads\/2019\/09\/4.jpg?w=609&amp;ssl=1 609w, https:\/\/i0.wp.com\/amadalamazigh.press.ma\/fr\/wp-content\/uploads\/2019\/09\/4.jpg?resize=450%2C197&amp;ssl=1 450w\" sizes=\"auto, (max-width: 609px) 100vw, 609px\" \/><figcaption id=\"caption-attachment-2197\" class=\"wp-caption-text\"><span style=\"color: #ff0000;\">Le peuple veut \u00ab d\u00e9gager \u00bb le \u00ab syst\u00e8me \u00bb<\/span><\/figcaption><\/figure>\n","protected":false},"excerpt":{"rendered":"<p>L\u2019arm\u00e9e alg\u00e9rienne, h\u00e9riti\u00e8re de l\u2019Arm\u00e9e de Lib\u00e9ration Nationale qui a combattu la France coloniale, est au c\u0153ur du syst\u00e8me politique du pays depuis l\u2019ind\u00e9pendance en 1962. Aujourd\u2019hui, cet arrangement a peut-\u00eatre atteint sa limite. La r\u00e9volte populaire qui a d\u00e9but\u00e9 le 22 f\u00e9vrier 2019 oblige les forces arm\u00e9es \u00e0 affronter leur r\u00f4le contradictoire en tant &hellip;<\/p>\n","protected":false},"author":2,"featured_media":1671,"comment_status":"open","ping_status":"closed","sticky":false,"template":"","format":"standard","meta":{"jetpack_post_was_ever_published":false,"_jetpack_newsletter_access":"","_jetpack_dont_email_post_to_subs":false,"_jetpack_newsletter_tier_id":0,"_jetpack_memberships_contains_paywalled_content":false,"_jetpack_memberships_contains_paid_content":false,"footnotes":"","jetpack_publicize_message":"","jetpack_publicize_feature_enabled":true,"jetpack_social_post_already_shared":false,"jetpack_social_options":{"image_generator_settings":{"template":"highway","default_image_id":0,"font":"","enabled":false},"version":2}},"categories":[8,13],"tags":[],"class_list":["post-2193","post","type-post","status-publish","format-standard","has-post-thumbnail","","category-algerie","category-opinions"],"jetpack_publicize_connections":[],"jetpack_featured_media_url":"https:\/\/i0.wp.com\/amadalamazigh.press.ma\/fr\/wp-content\/uploads\/2018\/03\/chtato.jpg?fit=960%2C640&ssl=1","jetpack_shortlink":"https:\/\/wp.me\/p9uxE2-zn","jetpack_sharing_enabled":true,"_links":{"self":[{"href":"https:\/\/amadalamazigh.press.ma\/fr\/wp-json\/wp\/v2\/posts\/2193","targetHints":{"allow":["GET"]}}],"collection":[{"href":"https:\/\/amadalamazigh.press.ma\/fr\/wp-json\/wp\/v2\/posts"}],"about":[{"href":"https:\/\/amadalamazigh.press.ma\/fr\/wp-json\/wp\/v2\/types\/post"}],"author":[{"embeddable":true,"href":"https:\/\/amadalamazigh.press.ma\/fr\/wp-json\/wp\/v2\/users\/2"}],"replies":[{"embeddable":true,"href":"https:\/\/amadalamazigh.press.ma\/fr\/wp-json\/wp\/v2\/comments?post=2193"}],"version-history":[{"count":2,"href":"https:\/\/amadalamazigh.press.ma\/fr\/wp-json\/wp\/v2\/posts\/2193\/revisions"}],"predecessor-version":[{"id":2199,"href":"https:\/\/amadalamazigh.press.ma\/fr\/wp-json\/wp\/v2\/posts\/2193\/revisions\/2199"}],"wp:featuredmedia":[{"embeddable":true,"href":"https:\/\/amadalamazigh.press.ma\/fr\/wp-json\/wp\/v2\/media\/1671"}],"wp:attachment":[{"href":"https:\/\/amadalamazigh.press.ma\/fr\/wp-json\/wp\/v2\/media?parent=2193"}],"wp:term":[{"taxonomy":"category","embeddable":true,"href":"https:\/\/amadalamazigh.press.ma\/fr\/wp-json\/wp\/v2\/categories?post=2193"},{"taxonomy":"post_tag","embeddable":true,"href":"https:\/\/amadalamazigh.press.ma\/fr\/wp-json\/wp\/v2\/tags?post=2193"}],"curies":[{"name":"wp","href":"https:\/\/api.w.org\/{rel}","templated":true}]}}