{"id":2216,"date":"2019-10-21T12:20:07","date_gmt":"2019-10-21T12:20:07","guid":{"rendered":"http:\/\/amadalamazigh.press.ma\/fr\/?p=2216"},"modified":"2019-10-21T12:20:07","modified_gmt":"2019-10-21T12:20:07","slug":"lassemblee-mondiale-amazighe-demande-la-liberation-immediate-des-prisonniers-politiques-catalans","status":"publish","type":"post","link":"https:\/\/amadalamazigh.press.ma\/fr\/lassemblee-mondiale-amazighe-demande-la-liberation-immediate-des-prisonniers-politiques-catalans\/","title":{"rendered":"L\u2019Assembl\u00e9e Mondiale Amazighe demande la lib\u00e9ration imm\u00e9diate des prisonniers politiques catalans"},"content":{"rendered":"<p><img data-recalc-dims=\"1\" loading=\"lazy\" decoding=\"async\" class=\"size-medium wp-image-2217 alignleft\" src=\"https:\/\/i0.wp.com\/amadalamazigh.press.ma\/fr\/wp-content\/uploads\/2019\/10\/Raha_congres_mundial_amazic_junqueras-333x250.jpg?resize=333%2C250\" alt=\"\" width=\"333\" height=\"250\" srcset=\"https:\/\/i0.wp.com\/amadalamazigh.press.ma\/fr\/wp-content\/uploads\/2019\/10\/Raha_congres_mundial_amazic_junqueras.jpg?resize=333%2C250&amp;ssl=1 333w, https:\/\/i0.wp.com\/amadalamazigh.press.ma\/fr\/wp-content\/uploads\/2019\/10\/Raha_congres_mundial_amazic_junqueras.jpg?resize=200%2C150&amp;ssl=1 200w, https:\/\/i0.wp.com\/amadalamazigh.press.ma\/fr\/wp-content\/uploads\/2019\/10\/Raha_congres_mundial_amazic_junqueras.jpg?resize=1024%2C768&amp;ssl=1 1024w, https:\/\/i0.wp.com\/amadalamazigh.press.ma\/fr\/wp-content\/uploads\/2019\/10\/Raha_congres_mundial_amazic_junqueras.jpg?w=1600&amp;ssl=1 1600w, https:\/\/i0.wp.com\/amadalamazigh.press.ma\/fr\/wp-content\/uploads\/2019\/10\/Raha_congres_mundial_amazic_junqueras.jpg?w=1236&amp;ssl=1 1236w\" sizes=\"auto, (max-width: 333px) 100vw, 333px\" \/>Les juges de la Cour Supr\u00eame d\u2019Espagne viennent de condamner les neuf des douze dirigeants catalans jug\u00e9s pour avoir organis\u00e9 le r\u00e9f\u00e9rendum d&rsquo;autod\u00e9termination du premier octobre 2017 \u00e0 de tr\u00e8s lourdes peines dont M. Oriol Junqueras, l&rsquo;ex-vice-pr\u00e9sident r\u00e9gional catalan, allant \u00e0 treize ans de prison ; Mme. Carme Forcadell, ancienne parlementaire catalane; M. Jordi Turull, M. Ra\u00fcl Romeva, M. Joaquim Forn, M. Santi Vila, Mme. Meritxel Borr\u00e0s, Mme. Dolors Bassa, M. Josep Rull, M. Carles Mund\u00f3; M. Jordi S\u00e0nchez, l\u2019ancien dirigeant de l\u2019Assembl\u00e9e Nationale Catalane (ANC); et M. Jordi Cuixart, ancien dirigeant de l\u2019organisation ind\u00e9pendantiste \u00d2mnium Cultural.<\/p>\n<p>Consid\u00e9rant que le proc\u00e8s est fondamentalement politique, du fait que selon les d\u00e9clarations de M. Dominique Nogu\u00e8res, vice-pr\u00e9sidente de la F\u00e9d\u00e9ration Internationale des Droits Humains (FIDH), le proc\u00e8s des ind\u00e9pendantistes catalans est politique : \u00ab Il y a aussi un \u00e9l\u00e9ment qui montre que c\u2019est tr\u00e8s politique. C\u2019est que, m\u00eame si la Constitution espagnole le permet, il y avait une partie civile tr\u00e8s particuli\u00e8re dans ce proc\u00e8s qui \u00e9tait quand m\u00eame un parti d\u2019extr\u00eame-droite, qui est Vox, qui a \u00e9t\u00e9 l\u00e0 pendant tout le temps du proc\u00e8s et qui r\u00e9clame, d\u2019ailleurs, les peines les plus lourdes. La nomination m\u00eame des membres de ce tribunal pose probl\u00e8me. C\u2019est \u00e0 dire que c\u2019est un tribunal qui est politique, qui est nomm\u00e9 par des politiques, avec des repr\u00e9sentations de l\u2019ensemble des partis politiques espagnols. Donc cela pose vraiment beaucoup de questions sur l\u2019impartialit\u00e9&#8230;\u00bb<\/p>\n<p>Consid\u00e9rant qu\u2019Amnesty International r\u00e9affirme que \u00ab le droit \u00e0 la libert\u00e9 d\u2019expression et de r\u00e9union pacifique garantit aux individus et aux organisations de la soci\u00e9t\u00e9 civile le droit d\u2019exprimer leur opinion sur le r\u00e9f\u00e9rendum et l\u2019ind\u00e9pendance en g\u00e9n\u00e9ral \u00e0 tout moment, individuellement ou collectivement, y compris dans le contexte de r\u00e9unions publiques \u00bb.<\/p>\n<p>Consid\u00e9rant que la Cour Supr\u00eame d\u2019Espagne n\u2019a pas respect\u00e9 les obligations internationales de l\u2019Espagne en mati\u00e8re des droits de l\u2019homme dans l\u2019examen des accusations visant les douze leaders politiques jug\u00e9s et le lancement d\u2019un nouveau mandat d\u2019arr\u00eat international \u00e0 l\u2019encontre de l\u2019ancien pr\u00e9sident r\u00e9gional catalan Carles Puigdemont, en violant l\u2019article 10 de la Convention Europ\u00e9enne des droits de l\u2019Homme (CEDH) et l\u2019article 19 du Pacte international relatif aux droits civils et politiques de l\u2019ONU (Pacte I) ; et la libert\u00e9 de r\u00e9union pacifique et d\u2019association prot\u00e9g\u00e9e par l\u2019article 11 CEDH et les articles 21 et 22 du Pacte I.<\/p>\n<p>L\u2019Assembl\u00e9e Mondiale Amazighe demande la lib\u00e9ration imm\u00e9diate de tous les prisonniers politiques catalans et la suspension des mandats d\u2019arr\u00eat international \u00e0 l\u2019encontre des autres dirigeants politiques dont l\u2019ancien pr\u00e9sident r\u00e9gional catalan.<\/p>\n<p>Nous rappelons qu\u2019 \u00abAgraw Amadlan Amazigh\u00bb, &#8211; connu ant\u00e9rieurement comme \u00abCongr\u00e8s Mondial Amazigh\u00bb et qui porte actuellement le nom de l\u2019Assembl\u00e9e Mondiale Amazighe (AMA)-, avait soutenu, -et soutiens toujours-, l&rsquo;autod\u00e9termination du peuple catalan \u00e0 travers son communiqu\u00e9 (http:\/\/in.directe.larepublica.cat\/oriol-junqueras\/blog\/3107\/crida-als-amazics) diffus\u00e9 \u00e0 Bruxelles le 24 f\u00e9vrier 2010 o\u00f9 il d\u00e9clarait que:<\/p>\n<p>\u00abLes liens qui unissent le peuple catalan au peuple Amazigh sont nombreux, cependant il y en a un qu\u2019il faut tout particuli\u00e8rement mettre en \u00e9vidence: la lutte en faveur de la libert\u00e9 des individus ainsi que celles des peuples.<\/p>\n<p>Le Congr\u00e8s Mondial Amazigh tiens \u00e0 souligner la solidarit\u00e9 exemplaire d\u2019un peuple singulier qu\u2019est le peuple catalan envers les Amazighs. Ainsi, historiquement les Catalans est le seul peuple europ\u00e9en, qui a r\u00e9ussi \u00e0 organiser l\u2019une des manifestations de masse les plus importantes du XX si\u00e8cle contre la colonisation espagnole, connu sous le nom de \u00abla Setmana Tr\u00e0gica de Barcelona\u00bb en 1909. En 1931, lorsqu\u2019il y a eu le renversement de la dictature du G\u00e9n\u00e9ral Primo De Rivera en faveur de la d\u00e9mocratie, connu sous le nom de la II\u00e8me R\u00e9publique, les Catalans \u00e9taient les premiers et les seuls \u00e0 d\u00e9fendre le droit des marocains du Nord \u00e0 jouir d\u2019un statut d\u2019autonomie. Ce sont toujours eux les premiers europ\u00e9ens \u00e0 soutenir les mouvements de lib\u00e9ration des pays de l\u2019Afrique du Nord (comme le FLN alg\u00e9rien), sans parler qu\u2019au moment de la Guerre de Lib\u00e9ration de Mohamed Abdelkrim El Khattabi, ils ont hiss\u00e9 les drapeaux de la R\u00e9publique du Rif dans certaines de leurs gr\u00e8ves et manifestations populaires!<\/p>\n<p>Actuellement, les exemples de cette inconditionnelle et interminable solidarit\u00e9 des Catalans envers les amazighs se manifeste par leur soutien en faveur de la reconnaissance de Tamazight, en tant que langue co-officielle, \u00e0 c\u00f4t\u00e9 de la langue castillane dans la ville de Melilla, devant la prochaine r\u00e9vision de Statut d\u2019Autonomie de la dite ville nordafricaine. Leur proposition au Parlement espagnol de \u00ablas Cortes\u00bb, \u00e0 c\u00f4t\u00e9 des repr\u00e9sentants du peuple Basque, Galicien, Navarien et de la Gauche Unie, de reconnaissance de crime contre l\u2019humanit\u00e9 de la part de l\u2019Etat espagnol en ce qui concerne l\u2019utilisation massive des armes chimiques, dans les ann\u00e9es vingt, contre les populations civiles rifaines. Aussi , et cela c\u2019est exemplaire et une exp\u00e9rience in\u00e9dite, et que toutes les r\u00e9gions d\u2019Europe devront s\u2019en inspirer, c\u2019est de concr\u00e9tiser sur le terrain toute politique ambitieuse d\u2019int\u00e9gration interculturelle en faveur de la langue et la culture amazighes, comme l\u2019introduction de l\u2019enseignement de notre langue dans le cycle primaire aux enfants amazighophones de certaines \u00e9cole publiques et la cr\u00e9ation de \u00abl\u2019Observatoire de la Langue Amazighe\u00bb et tout derni\u00e8rement de la \u00abMaison Amazighe\u00bb.<\/p>\n<p>Sign\u00e9: Rachid RAHA &#8211; Pr\u00e9sident de l\u2019Assembl\u00e9e Mondiale Amazighe<\/p>\n<p><strong>Nota<\/strong> : en photo M. Oriol Junqueras avec Mme. Faroudja Moussaoui et M. Rachid Raha lorsque il avait re\u00e7u la d\u00e9l\u00e9gation amazighe au parlement europ\u00e9en en 2010.<\/p>\n","protected":false},"excerpt":{"rendered":"<p>Les juges de la Cour Supr\u00eame d\u2019Espagne viennent de condamner les neuf des douze dirigeants catalans jug\u00e9s pour avoir organis\u00e9 le r\u00e9f\u00e9rendum d&rsquo;autod\u00e9termination du premier octobre 2017 \u00e0 de tr\u00e8s lourdes peines dont M. Oriol Junqueras, l&rsquo;ex-vice-pr\u00e9sident r\u00e9gional catalan, allant \u00e0 treize ans de prison ; Mme. Carme Forcadell, ancienne parlementaire catalane; M. Jordi Turull, &hellip;<\/p>\n","protected":false},"author":2,"featured_media":2217,"comment_status":"open","ping_status":"closed","sticky":false,"template":"","format":"standard","meta":{"jetpack_post_was_ever_published":false,"_jetpack_newsletter_access":"","_jetpack_dont_email_post_to_subs":false,"_jetpack_newsletter_tier_id":0,"_jetpack_memberships_contains_paywalled_content":false,"_jetpack_memberships_contains_paid_content":false,"footnotes":"","jetpack_publicize_message":"","jetpack_publicize_feature_enabled":true,"jetpack_social_post_already_shared":false,"jetpack_social_options":{"image_generator_settings":{"template":"highway","default_image_id":0,"font":"","enabled":false},"version":2}},"categories":[20,18,10],"tags":[],"class_list":["post-2216","post","type-post","status-publish","format-standard","has-post-thumbnail","","category-communiques","category-hors-tamazgha","category-maroc"],"jetpack_publicize_connections":[],"jetpack_featured_media_url":"https:\/\/i0.wp.com\/amadalamazigh.press.ma\/fr\/wp-content\/uploads\/2019\/10\/Raha_congres_mundial_amazic_junqueras.jpg?fit=1600%2C1200&ssl=1","jetpack_shortlink":"https:\/\/wp.me\/p9uxE2-zK","jetpack_sharing_enabled":true,"_links":{"self":[{"href":"https:\/\/amadalamazigh.press.ma\/fr\/wp-json\/wp\/v2\/posts\/2216","targetHints":{"allow":["GET"]}}],"collection":[{"href":"https:\/\/amadalamazigh.press.ma\/fr\/wp-json\/wp\/v2\/posts"}],"about":[{"href":"https:\/\/amadalamazigh.press.ma\/fr\/wp-json\/wp\/v2\/types\/post"}],"author":[{"embeddable":true,"href":"https:\/\/amadalamazigh.press.ma\/fr\/wp-json\/wp\/v2\/users\/2"}],"replies":[{"embeddable":true,"href":"https:\/\/amadalamazigh.press.ma\/fr\/wp-json\/wp\/v2\/comments?post=2216"}],"version-history":[{"count":1,"href":"https:\/\/amadalamazigh.press.ma\/fr\/wp-json\/wp\/v2\/posts\/2216\/revisions"}],"predecessor-version":[{"id":2218,"href":"https:\/\/amadalamazigh.press.ma\/fr\/wp-json\/wp\/v2\/posts\/2216\/revisions\/2218"}],"wp:featuredmedia":[{"embeddable":true,"href":"https:\/\/amadalamazigh.press.ma\/fr\/wp-json\/wp\/v2\/media\/2217"}],"wp:attachment":[{"href":"https:\/\/amadalamazigh.press.ma\/fr\/wp-json\/wp\/v2\/media?parent=2216"}],"wp:term":[{"taxonomy":"category","embeddable":true,"href":"https:\/\/amadalamazigh.press.ma\/fr\/wp-json\/wp\/v2\/categories?post=2216"},{"taxonomy":"post_tag","embeddable":true,"href":"https:\/\/amadalamazigh.press.ma\/fr\/wp-json\/wp\/v2\/tags?post=2216"}],"curies":[{"name":"wp","href":"https:\/\/api.w.org\/{rel}","templated":true}]}}