{"id":2281,"date":"2019-12-05T13:44:28","date_gmt":"2019-12-05T13:44:28","guid":{"rendered":"http:\/\/amadalamazigh.press.ma\/fr\/?p=2281"},"modified":"2019-12-05T13:44:28","modified_gmt":"2019-12-05T13:44:28","slug":"les-kabyles-de-la-diaspora-appellent-a-la-vigilance","status":"publish","type":"post","link":"https:\/\/amadalamazigh.press.ma\/fr\/les-kabyles-de-la-diaspora-appellent-a-la-vigilance\/","title":{"rendered":"les Kabyles de la diaspora appellent \u00e0 la vigilance"},"content":{"rendered":"<p><img data-recalc-dims=\"1\" loading=\"lazy\" decoding=\"async\" class=\"size-medium wp-image-2282 alignleft\" src=\"https:\/\/i0.wp.com\/amadalamazigh.press.ma\/fr\/wp-content\/uploads\/2019\/12\/tamurt1-4b2dd-450x222.jpg?resize=450%2C222\" alt=\"\" width=\"450\" height=\"222\" srcset=\"https:\/\/i0.wp.com\/amadalamazigh.press.ma\/fr\/wp-content\/uploads\/2019\/12\/tamurt1-4b2dd.jpg?resize=450%2C222&amp;ssl=1 450w, https:\/\/i0.wp.com\/amadalamazigh.press.ma\/fr\/wp-content\/uploads\/2019\/12\/tamurt1-4b2dd.jpg?w=560&amp;ssl=1 560w\" sizes=\"auto, (max-width: 450px) 100vw, 450px\" \/>La <i>Coordination des Kabyles de France<\/i> (CKF), cr\u00e9\u00e9e \u00e0 Paris en mars 2019, dans le sillage des manifestations de contestation du r\u00e9gime alg\u00e9rien, rend publique une d\u00e9claration par laquelle elle appelle les Kabyles \u00e0 la vigilance, alors que l\u2019Etat alg\u00e9rien intensifie les actions de r\u00e9pression en Kabylie avec un particulier renforcement de son dispositif militaire.<\/p>\n<p>La CKF se dit interpell\u00e9e par la situation actuelle et appelle \u00ab\u00a0\u00e0 la plus grande vigilance\u00a0\u00bb. Dans sa d\u00e9claration, la Coordination kabyle estime que \u00ab\u00a0<i>les Kabyles ne doivent en aucun cas r\u00e9pondre aux \u00e9ventuelles provocations du r\u00e9gime alg\u00e9rien qui a d\u00e9j\u00e0 post\u00e9 ses militaires et ses forces de r\u00e9pression \u00e0 travers le pays kabyle, lesquelles forces ont vu l\u2019arriv\u00e9e de renforts impressionnants ces derniers jours<\/i>\u00ab\u00a0.<\/p>\n<p><center><strong>D\u00e9claration<\/strong><\/center><\/p>\n<h3 class=\"spip\" style=\"text-align: center;\">Soyons vigilants\u00a0: prot\u00e9geons la Kabylie\u00a0!<\/h3>\n<p>Depuis f\u00e9vrier 2019, l\u2019Etat alg\u00e9rien para\u00eet s\u00e9rieusement d\u00e9stabilis\u00e9 et s\u2019est install\u00e9 dans une v\u00e9ritable crise faisant face \u00e0 une contestation g\u00e9n\u00e9ralis\u00e9e. La situation donne l\u2019impression d\u2019une mobilisation populaire qui a gagn\u00e9 l\u2019ensemble des composantes de la soci\u00e9t\u00e9 qui crient chaque semaine leur \u00ab\u00a0rejet du syst\u00e8me\u00a0\u00bb lors de manifestations publiques. Cette situation n\u2019a pas emp\u00each\u00e9 le \u00ab\u00a0syst\u00e8me\u00a0\u00bb d\u2019agir et de verser dans la stigmatisation de la Kabylie avant de proc\u00e9der \u00e0 des arrestations et condamnations arbitraires.<\/p>\n<p>Faudrait-il rappeler que le projet alg\u00e9rien est, depuis sa cr\u00e9ation par la France coloniale, associ\u00e9 \u00e0 l\u2019arabit\u00e9 et \u00e0 l\u2019islamit\u00e9 au d\u00e9triment et au m\u00e9pris de l\u2019Amazighit\u00e9, l\u2019identit\u00e9 historique de l\u2019Afrique du nord. La Kabylie a ainsi toujours \u00e9t\u00e9 la cible des d\u00e9fenseurs de l\u2019arabo-islamisme, vecteur essentiel de l\u2019id\u00e9ologie du syst\u00e8me alg\u00e9rien. Pendant les ann\u00e9es 40\/50, des militants kabyles, ont \u00e9t\u00e9 liquid\u00e9s physiquement par des partisans de l\u2019Alg\u00e9rie arabo-musulmane. En 1963, le r\u00e9gime alg\u00e9rien, a envoy\u00e9 son arm\u00e9e en Kabylie o\u00f9 elle avait commis les pires massacres. La Kabylie porte toujours les s\u00e9quelles de la r\u00e9pression f\u00e9roce de 1980. Le soul\u00e8vement kabyle de 2001 a \u00e9t\u00e9 r\u00e9prim\u00e9 dans le sang par l\u2019Etat alg\u00e9rien. En effet, l\u2019usage des armes de guerre par les gendarmes et militaires alg\u00e9riens pendant le Printemps noir de Kabylie en 2001 s\u2019est sold\u00e9 par l\u2019assassinat de 130 citoyens et par des milliers de bless\u00e9s dont plusieurs centaines handicap\u00e9s \u00e0 vie. Disons-le, la Kabylie paie, depuis plus de 80 ans, les frais d\u2019un contentieux la liant aux tenants d\u2019une Alg\u00e9rie arabo-musulmane, et depuis 1962 elle est particuli\u00e8rement expos\u00e9e \u00e0 un projet de destruction minutieusement men\u00e9 dont l\u2019unique but reste l\u2019\u00e9radication de la Kabylit\u00e9 et de l\u2019Amazighit\u00e9 de mani\u00e8re g\u00e9n\u00e9rale.<\/p>\n<p>La Coordination des Kabyles de France, n\u00e9e de la volont\u00e9 de Kabyles d\u2019horizons politiques divers, d\u00e9sireux de se doter d\u2019un cadre d\u2019unit\u00e9, d\u2019action et de veille contre un \u00e9ventuel d\u00e9rapage de la mobilisation populaire en Kabylie et le d\u00e9voiement, une fois de plus, du combat kabyle, refuse que la Kabylie fasse les frais d\u2019un \u00e9ventuel r\u00e9\u00e9quilibrage des clans du syst\u00e8me alg\u00e9rien, ni les frais d\u2019une \u00e9ni\u00e8me trahison.<\/p>\n<p>L\u2019\u00e9volution de la situation depuis le mois de f\u00e9vrier, la tournure que prennent les \u00e9v\u00e9nements ces derniers jours en Kabylie, avec notamment l\u2019intensification de la r\u00e9pression qui a d\u00e9j\u00e0 fait plusieurs bless\u00e9s dont au moins deux \u00e9borgn\u00e9s, notamment \u00e0 Tubiret et \u00e0 La\u1e5bb\u025ba nat Yiraten, fait craindre le pire. Nous avons, d\u00e8s le 26 mars 2019, appel\u00e9 les Kabyles \u00e0 la prudence et \u00e0 la vigilance. M\u00eame si nous ne pouvons que nous r\u00e9jouir d\u2019une mobilisation qui appelle \u00e0 la fin du syst\u00e8me alg\u00e9rien, on ne peut, pour autant, ignorer les exp\u00e9riences malheureuses du pass\u00e9 et de la capacit\u00e9 de l\u2019Etat, gr\u00e2ce \u00e0 ses instruments tels que le DRS, l\u2019arm\u00e9e et leurs relais locaux, \u00e0 verser dans l\u2019instrumentalisation de la Kabylie.<\/p>\n<p>En tout \u00e9tat de cause, la situation actuelle nous interpelle, en tant que Kabyles, et ne peut nous laisser indiff\u00e9rents. C\u2019est pourquoi nous appelons \u00e0 la plus grande vigilance. Les Kabyles ne doivent en aucun cas r\u00e9pondre aux \u00e9ventuelles provocations du r\u00e9gime alg\u00e9rien qui a d\u00e9j\u00e0 post\u00e9 ses militaires et ses forces de r\u00e9pression \u00e0 travers le pays kabyle, lesquelles forces ont vu l\u2019arriv\u00e9e de renforts impressionnants ces derniers jours. Le sang kabyle ne doit en aucun cas couler. Aucune cause, en dehors de notre Libert\u00e9 et notre dignit\u00e9 en tant que Kabyles Amazighs, ne m\u00e9rite le sacrifice supr\u00eame des Kabyles qui ont d\u00e9j\u00e0 assez donn\u00e9.<\/p>\n<p><i><strong>Coordination des Kabyles de France<\/strong>\u00a0,<br \/>\nParis, le 1er d\u00e9cembre 2019.<\/i><\/p>\n","protected":false},"excerpt":{"rendered":"<p>La Coordination des Kabyles de France (CKF), cr\u00e9\u00e9e \u00e0 Paris en mars 2019, dans le sillage des manifestations de contestation du r\u00e9gime alg\u00e9rien, rend publique une d\u00e9claration par laquelle elle appelle les Kabyles \u00e0 la vigilance, alors que l\u2019Etat alg\u00e9rien intensifie les actions de r\u00e9pression en Kabylie avec un particulier renforcement de son dispositif militaire. &hellip;<\/p>\n","protected":false},"author":2,"featured_media":2282,"comment_status":"open","ping_status":"closed","sticky":false,"template":"","format":"standard","meta":{"jetpack_post_was_ever_published":false,"_jetpack_newsletter_access":"","_jetpack_dont_email_post_to_subs":false,"_jetpack_newsletter_tier_id":0,"_jetpack_memberships_contains_paywalled_content":false,"_jetpack_memberships_contains_paid_content":false,"footnotes":"","jetpack_publicize_message":"","jetpack_publicize_feature_enabled":true,"jetpack_social_post_already_shared":false,"jetpack_social_options":{"image_generator_settings":{"template":"highway","default_image_id":0,"font":"","enabled":false},"version":2}},"categories":[8,18],"tags":[],"class_list":["post-2281","post","type-post","status-publish","format-standard","has-post-thumbnail","","category-algerie","category-hors-tamazgha"],"jetpack_publicize_connections":[],"jetpack_featured_media_url":"https:\/\/i0.wp.com\/amadalamazigh.press.ma\/fr\/wp-content\/uploads\/2019\/12\/tamurt1-4b2dd.jpg?fit=560%2C276&ssl=1","jetpack_shortlink":"https:\/\/wp.me\/p9uxE2-AN","jetpack_sharing_enabled":true,"_links":{"self":[{"href":"https:\/\/amadalamazigh.press.ma\/fr\/wp-json\/wp\/v2\/posts\/2281","targetHints":{"allow":["GET"]}}],"collection":[{"href":"https:\/\/amadalamazigh.press.ma\/fr\/wp-json\/wp\/v2\/posts"}],"about":[{"href":"https:\/\/amadalamazigh.press.ma\/fr\/wp-json\/wp\/v2\/types\/post"}],"author":[{"embeddable":true,"href":"https:\/\/amadalamazigh.press.ma\/fr\/wp-json\/wp\/v2\/users\/2"}],"replies":[{"embeddable":true,"href":"https:\/\/amadalamazigh.press.ma\/fr\/wp-json\/wp\/v2\/comments?post=2281"}],"version-history":[{"count":1,"href":"https:\/\/amadalamazigh.press.ma\/fr\/wp-json\/wp\/v2\/posts\/2281\/revisions"}],"predecessor-version":[{"id":2284,"href":"https:\/\/amadalamazigh.press.ma\/fr\/wp-json\/wp\/v2\/posts\/2281\/revisions\/2284"}],"wp:featuredmedia":[{"embeddable":true,"href":"https:\/\/amadalamazigh.press.ma\/fr\/wp-json\/wp\/v2\/media\/2282"}],"wp:attachment":[{"href":"https:\/\/amadalamazigh.press.ma\/fr\/wp-json\/wp\/v2\/media?parent=2281"}],"wp:term":[{"taxonomy":"category","embeddable":true,"href":"https:\/\/amadalamazigh.press.ma\/fr\/wp-json\/wp\/v2\/categories?post=2281"},{"taxonomy":"post_tag","embeddable":true,"href":"https:\/\/amadalamazigh.press.ma\/fr\/wp-json\/wp\/v2\/tags?post=2281"}],"curies":[{"name":"wp","href":"https:\/\/api.w.org\/{rel}","templated":true}]}}