{"id":2364,"date":"2020-01-23T22:04:37","date_gmt":"2020-01-23T22:04:37","guid":{"rendered":"http:\/\/amadalamazigh.press.ma\/fr\/?p=2364"},"modified":"2020-01-23T22:04:37","modified_gmt":"2020-01-23T22:04:37","slug":"declaration-du-collectif-des-amis-du-manifeste-pour-lalgerie-nouvelle-halte-a-la-repression","status":"publish","type":"post","link":"https:\/\/amadalamazigh.press.ma\/fr\/declaration-du-collectif-des-amis-du-manifeste-pour-lalgerie-nouvelle-halte-a-la-repression\/","title":{"rendered":"DECLARATION DU COLLECTIF DES AMIS DU MANIFESTE POUR L\u2019ALG\u00e9RIE NOUVELLE  HALTE A LA REPRESSION"},"content":{"rendered":"<p><img data-recalc-dims=\"1\" loading=\"lazy\" decoding=\"async\" class=\"size-medium wp-image-2365 alignleft\" src=\"https:\/\/i0.wp.com\/amadalamazigh.press.ma\/fr\/wp-content\/uploads\/2020\/01\/hirak-alg%C3%A9rie-tizi-ouzou-200x250.jpg?resize=200%2C250\" alt=\"\" width=\"200\" height=\"250\" srcset=\"https:\/\/i0.wp.com\/amadalamazigh.press.ma\/fr\/wp-content\/uploads\/2020\/01\/hirak-alg%C3%A9rie-tizi-ouzou.jpg?resize=200%2C250&amp;ssl=1 200w, https:\/\/i0.wp.com\/amadalamazigh.press.ma\/fr\/wp-content\/uploads\/2020\/01\/hirak-alg%C3%A9rie-tizi-ouzou.jpg?w=720&amp;ssl=1 720w\" sizes=\"auto, (max-width: 200px) 100vw, 200px\" \/>Alors que d\u2019un c\u00f4t\u00e9 le nouvel ex\u00e9cutif s\u2019adonne \u00e0 des consultations tous azimuts, feignant l\u2019ordonnancement d\u2019un changement, de l\u2019autre, la r\u00e9pression s\u2019acc\u00e9l\u00e8re et s\u2019amplifie. Ainsi, ce vendredi 17 janvier, o\u00f9 l\u2019on a recens\u00e9 au moins trois interdictions de manifester, \u00e0 Tiaret, Mascara et Sidi Bel Abbes tandis qu\u2019\u00e0 Alger plus d\u2019une centaine d\u2019interpellation ont \u00e9t\u00e9 op\u00e9r\u00e9es. Si la majorit\u00e9 des interpell\u00e9s a \u00e9t\u00e9 lib\u00e9r\u00e9e dans la soir\u00e9e d\u2019hier, quelques-uns seront pr\u00e9sent\u00e9s aujourd\u2019hui devant le procureur ou le juge d\u2019instruction. Or la question des d\u00e9tenus, depuis le d\u00e9but de la r\u00e9volution citoyenne est consid\u00e9r\u00e9e par l\u2019opinion publique comme l\u2019un des tests de sinc\u00e9rit\u00e9 ou non du pouvoir de participer au changement. Force est de constater que les signaux sont d\u00e9favorables, mat\u00e9rialis\u00e9s par l\u2019instrumentalisation et la soumission des appareils de justice et de s\u00e9curit\u00e9, d\u2019un c\u00f4t\u00e9, et la fermeture des medias, de l\u2019autre.<\/p>\n<p>Le maintien en prison d\u2019un certain nombre d\u2019acteurs du Mouvement citoyen et la continuation des interpellations et les d\u00e9tentions arbitraires, contraires \u00e0 la loi, sont les indices les plus forts d\u2019une non reconnaissance par le pouvoir des revendications port\u00e9es par le peuple. L\u2019un des objectifs assign\u00e9 \u00e0 cette m\u00e9thode est d\u2019\u00e9t\u00eater le Mouvement citoyen qui, par sa pers\u00e9v\u00e9rance, a marqu\u00e9 les esprits nationalement et internationalement.<\/p>\n<p>Les consultations organis\u00e9s par le nouvel ex\u00e9cutif avec d\u00e9bauchage d\u2019individualit\u00e9s \u00e0 la clef \u2013 tradition oblige \u2013 apparaissent dans leur v\u00e9rit\u00e9 crue. C\u2019est une duperie sciemment organis\u00e9e, un artifice de plus pour brouiller le message populaire qui exige depuis un an, \u00e0 cor et \u00e0 cri, le n\u00e9cessaire changement radical.<\/p>\n<p>Le syst\u00e8me persiste et signe dans sa volont\u00e9 de cr\u00e9er l\u2019illusion par un changement factice au lieu de renoncer \u00e0 la politique de l\u2019octroi dont il est coutumier.<\/p>\n<p>Le probl\u00e8me en effet n\u2019est pas dans le renouvellement du personnel mais de l\u2019organisation du processus de l\u00e9gitimation. C\u2019est la l\u00e9gitimit\u00e9 de l\u2019exercice du pouvoir qui est le n\u0153ud gordien de la crise politique et de confiance d\u2019aujourd\u2019hui, d\u2019hier et, si le pouvoir persiste dans son autisme, de demain. L\u2019absurde r\u00e9flexe de se doter d\u2019une nouvelle constitution avec les m\u00eames m\u00e9thodes conduit obligatoirement \u00e0 la fragilisation des institutions et \u00e0 la n\u00e9gation de l\u2019expression de la volont\u00e9 populaire A soixante ans pr\u00e8s, le syst\u00e8me s\u2019est donn\u00e9 sept constitutions. Un triste record mondial, qui a pour r\u00e9sultat le divorce entre le pays r\u00e9el et le pays l\u00e9gal.<\/p>\n<p>Il est aujourd\u2019hui une n\u00e9cessit\u00e9 absolue, c\u2019est la fin de la r\u00e9pression. La balle est dans le camp du syst\u00e8me. La solution est de redonner la parole au peuple, dont il a \u00e9t\u00e9 r\u00e9ellement sevr\u00e9 depuis l\u2019accession de l\u2019Alg\u00e9rie \u00e0 l\u2019ind\u00e9pendance en mettant en place un processus constituant autonome pour faire aboutir les mots d\u2019ordre r\u00e9currents du Mouvement citoyen :<br \/>\n&#8211; Un Etat civil ;<br \/>\n&#8211; Une Alg\u00e9rie libre et d\u00e9mocratique ;<br \/>\n&#8211; Un Etat de droit.<\/p>\n<p>La kermesse du pouvoir doit cesser. Elle ne trompe personne. Seule la v\u00e9rit\u00e9 restera. Le d\u00e9fi est de cr\u00e9er les conditions de l\u2019alternative d\u00e9mocratique. Pour cet objectif, l\u2019\u00e9largissement et l\u2019unit\u00e9 d\u2019actions des espaces de la citoyennet\u00e9 sont \u00e0 encourager.<\/p>\n<p>Alger, le 19\/01\/2020.<\/p>\n","protected":false},"excerpt":{"rendered":"<p>Alors que d\u2019un c\u00f4t\u00e9 le nouvel ex\u00e9cutif s\u2019adonne \u00e0 des consultations tous azimuts, feignant l\u2019ordonnancement d\u2019un changement, de l\u2019autre, la r\u00e9pression s\u2019acc\u00e9l\u00e8re et s\u2019amplifie. Ainsi, ce vendredi 17 janvier, o\u00f9 l\u2019on a recens\u00e9 au moins trois interdictions de manifester, \u00e0 Tiaret, Mascara et Sidi Bel Abbes tandis qu\u2019\u00e0 Alger plus d\u2019une centaine d\u2019interpellation ont \u00e9t\u00e9 &hellip;<\/p>\n","protected":false},"author":2,"featured_media":2365,"comment_status":"open","ping_status":"closed","sticky":false,"template":"","format":"standard","meta":{"jetpack_post_was_ever_published":false,"_jetpack_newsletter_access":"","_jetpack_dont_email_post_to_subs":false,"_jetpack_newsletter_tier_id":0,"_jetpack_memberships_contains_paywalled_content":false,"_jetpack_memberships_contains_paid_content":false,"footnotes":"","jetpack_publicize_message":"","jetpack_publicize_feature_enabled":true,"jetpack_social_post_already_shared":false,"jetpack_social_options":{"image_generator_settings":{"template":"highway","default_image_id":0,"font":"","enabled":false},"version":2}},"categories":[8],"tags":[],"class_list":["post-2364","post","type-post","status-publish","format-standard","has-post-thumbnail","","category-algerie"],"jetpack_publicize_connections":[],"jetpack_featured_media_url":"https:\/\/i0.wp.com\/amadalamazigh.press.ma\/fr\/wp-content\/uploads\/2020\/01\/hirak-alg%C3%A9rie-tizi-ouzou.jpg?fit=720%2C900&ssl=1","jetpack_shortlink":"https:\/\/wp.me\/p9uxE2-C8","jetpack_sharing_enabled":true,"_links":{"self":[{"href":"https:\/\/amadalamazigh.press.ma\/fr\/wp-json\/wp\/v2\/posts\/2364","targetHints":{"allow":["GET"]}}],"collection":[{"href":"https:\/\/amadalamazigh.press.ma\/fr\/wp-json\/wp\/v2\/posts"}],"about":[{"href":"https:\/\/amadalamazigh.press.ma\/fr\/wp-json\/wp\/v2\/types\/post"}],"author":[{"embeddable":true,"href":"https:\/\/amadalamazigh.press.ma\/fr\/wp-json\/wp\/v2\/users\/2"}],"replies":[{"embeddable":true,"href":"https:\/\/amadalamazigh.press.ma\/fr\/wp-json\/wp\/v2\/comments?post=2364"}],"version-history":[{"count":1,"href":"https:\/\/amadalamazigh.press.ma\/fr\/wp-json\/wp\/v2\/posts\/2364\/revisions"}],"predecessor-version":[{"id":2366,"href":"https:\/\/amadalamazigh.press.ma\/fr\/wp-json\/wp\/v2\/posts\/2364\/revisions\/2366"}],"wp:featuredmedia":[{"embeddable":true,"href":"https:\/\/amadalamazigh.press.ma\/fr\/wp-json\/wp\/v2\/media\/2365"}],"wp:attachment":[{"href":"https:\/\/amadalamazigh.press.ma\/fr\/wp-json\/wp\/v2\/media?parent=2364"}],"wp:term":[{"taxonomy":"category","embeddable":true,"href":"https:\/\/amadalamazigh.press.ma\/fr\/wp-json\/wp\/v2\/categories?post=2364"},{"taxonomy":"post_tag","embeddable":true,"href":"https:\/\/amadalamazigh.press.ma\/fr\/wp-json\/wp\/v2\/tags?post=2364"}],"curies":[{"name":"wp","href":"https:\/\/api.w.org\/{rel}","templated":true}]}}