{"id":2374,"date":"2020-02-06T21:30:47","date_gmt":"2020-02-06T21:30:47","guid":{"rendered":"http:\/\/amadalamazigh.press.ma\/fr\/?p=2374"},"modified":"2020-02-06T21:30:47","modified_gmt":"2020-02-06T21:30:47","slug":"friends-of-the-rif-organise-un-evenement-au-parlement-europeen-le-19-fevrier-2020","status":"publish","type":"post","link":"https:\/\/amadalamazigh.press.ma\/fr\/friends-of-the-rif-organise-un-evenement-au-parlement-europeen-le-19-fevrier-2020\/","title":{"rendered":"\u00ab\u00a0Friends of the Rif\u00a0\u00bb organise un \u00e9v\u00e9nement au parlement europ\u00e9en le 19 f\u00e9vrier 2020"},"content":{"rendered":"<p><img data-recalc-dims=\"1\" loading=\"lazy\" decoding=\"async\" class=\"size-medium wp-image-2375 alignleft\" src=\"https:\/\/i0.wp.com\/amadalamazigh.press.ma\/fr\/wp-content\/uploads\/2020\/02\/FORIF-184x250.jpg?resize=184%2C250\" alt=\"\" width=\"184\" height=\"250\" srcset=\"https:\/\/i0.wp.com\/amadalamazigh.press.ma\/fr\/wp-content\/uploads\/2020\/02\/FORIF.jpg?resize=184%2C250&amp;ssl=1 184w, https:\/\/i0.wp.com\/amadalamazigh.press.ma\/fr\/wp-content\/uploads\/2020\/02\/FORIF.jpg?w=706&amp;ssl=1 706w\" sizes=\"auto, (max-width: 184px) 100vw, 184px\" \/>Depuis plus de 2 ans, les membres de FHRO travaillent \u00e0 l\u2019internationalisation de la cause rifain et de la situation des prisonniers politiques rifains, ils essaient d\u2019obtenir l\u2019engagement des d\u00e9put\u00e9s europ\u00e9ens \u00e0 supporter le Rif et les prisonniers politiques rifains.<\/p>\n<p>En collaboration avec le groupe \u00ab\u00a0Friends of the Rif\u00a0\u00bb, ils organisent un \u00e9v\u00e9nement au parlement europ\u00e9en le 19 f\u00e9vrier 2020 de 09:30 \u00e0 12:30.<\/p>\n<p>Lors de cette \u00e9v\u00e9nement, l\u2019organisation am\u00e9ricaine \u00abISLP, International Senior Lawyers Project\u00bb qui a assist\u00e9 au proc\u00e8s des prisonniers politiques rifains \u00e0 Casablanca pr\u00e9sentera publiquement son rapport.<\/p>\n<p>Il sera suivi de l\u2019intervention de l\u2019association espagnole \u00abAIODH\u00bb qui a \u00e9galement assist\u00e9 aux proc\u00e8s \u00e0 Casablanca et qui rendra publique \u00e9galement son rapport.<\/p>\n<p>Ils seront aussi pr\u00e9sents <strong>Mme Houda Houami<\/strong>, avocate tunisienne qui a collabor\u00e9 \u00e0 la r\u00e9daction du rapport de ISLP et <strong>Abdessadek El Bouchttaoui<\/strong> avocat condamn\u00e9 par les autorit\u00e9s marocaines \u00e0 2 ans de prison pour son implication dans le mouvement populaire rifain.<\/p>\n<p>Lors de cette \u00e9v\u00e9nement, coorganis\u00e9 gr\u00e2ce au support des groupes politiques du parlement europ\u00e9en S&amp;D et Greens\/EFA, seront \u00e9galement pr\u00e9sents tous les d\u00e9put\u00e9s europ\u00e9ens membres du groupe \u00abFriends of the Rif\u00bb et plusieurs autres d\u00e9put\u00e9s invit\u00e9s pour l\u2019occasion, membres des groupes politiques au parlement europ\u00e9en.<\/p>\n<p><img data-recalc-dims=\"1\" loading=\"lazy\" decoding=\"async\" class=\"aligncenter wp-image-2375 size-full\" src=\"https:\/\/i0.wp.com\/amadalamazigh.press.ma\/fr\/wp-content\/uploads\/2020\/02\/FORIF.jpg?resize=618%2C840\" alt=\"\" width=\"618\" height=\"840\" srcset=\"https:\/\/i0.wp.com\/amadalamazigh.press.ma\/fr\/wp-content\/uploads\/2020\/02\/FORIF.jpg?w=706&amp;ssl=1 706w, https:\/\/i0.wp.com\/amadalamazigh.press.ma\/fr\/wp-content\/uploads\/2020\/02\/FORIF.jpg?resize=184%2C250&amp;ssl=1 184w\" sizes=\"auto, (max-width: 618px) 100vw, 618px\" \/><\/p>\n","protected":false},"excerpt":{"rendered":"<p>Depuis plus de 2 ans, les membres de FHRO travaillent \u00e0 l\u2019internationalisation de la cause rifain et de la situation des prisonniers politiques rifains, ils essaient d\u2019obtenir l\u2019engagement des d\u00e9put\u00e9s europ\u00e9ens \u00e0 supporter le Rif et les prisonniers politiques rifains. En collaboration avec le groupe \u00ab\u00a0Friends of the Rif\u00a0\u00bb, ils organisent un \u00e9v\u00e9nement au parlement &hellip;<\/p>\n","protected":false},"author":2,"featured_media":2375,"comment_status":"open","ping_status":"closed","sticky":false,"template":"","format":"standard","meta":{"jetpack_post_was_ever_published":false,"_jetpack_newsletter_access":"","_jetpack_dont_email_post_to_subs":false,"_jetpack_newsletter_tier_id":0,"_jetpack_memberships_contains_paywalled_content":false,"_jetpack_memberships_contains_paid_content":false,"footnotes":"","jetpack_publicize_message":"","jetpack_publicize_feature_enabled":true,"jetpack_social_post_already_shared":false,"jetpack_social_options":{"image_generator_settings":{"template":"highway","default_image_id":0,"font":"","enabled":false},"version":2}},"categories":[26,18,10],"tags":[],"class_list":["post-2374","post","type-post","status-publish","format-standard","has-post-thumbnail","","category-agenda","category-hors-tamazgha","category-maroc"],"jetpack_publicize_connections":[],"jetpack_featured_media_url":"https:\/\/i0.wp.com\/amadalamazigh.press.ma\/fr\/wp-content\/uploads\/2020\/02\/FORIF.jpg?fit=706%2C960&ssl=1","jetpack_shortlink":"https:\/\/wp.me\/p9uxE2-Ci","jetpack_sharing_enabled":true,"_links":{"self":[{"href":"https:\/\/amadalamazigh.press.ma\/fr\/wp-json\/wp\/v2\/posts\/2374","targetHints":{"allow":["GET"]}}],"collection":[{"href":"https:\/\/amadalamazigh.press.ma\/fr\/wp-json\/wp\/v2\/posts"}],"about":[{"href":"https:\/\/amadalamazigh.press.ma\/fr\/wp-json\/wp\/v2\/types\/post"}],"author":[{"embeddable":true,"href":"https:\/\/amadalamazigh.press.ma\/fr\/wp-json\/wp\/v2\/users\/2"}],"replies":[{"embeddable":true,"href":"https:\/\/amadalamazigh.press.ma\/fr\/wp-json\/wp\/v2\/comments?post=2374"}],"version-history":[{"count":1,"href":"https:\/\/amadalamazigh.press.ma\/fr\/wp-json\/wp\/v2\/posts\/2374\/revisions"}],"predecessor-version":[{"id":2376,"href":"https:\/\/amadalamazigh.press.ma\/fr\/wp-json\/wp\/v2\/posts\/2374\/revisions\/2376"}],"wp:featuredmedia":[{"embeddable":true,"href":"https:\/\/amadalamazigh.press.ma\/fr\/wp-json\/wp\/v2\/media\/2375"}],"wp:attachment":[{"href":"https:\/\/amadalamazigh.press.ma\/fr\/wp-json\/wp\/v2\/media?parent=2374"}],"wp:term":[{"taxonomy":"category","embeddable":true,"href":"https:\/\/amadalamazigh.press.ma\/fr\/wp-json\/wp\/v2\/categories?post=2374"},{"taxonomy":"post_tag","embeddable":true,"href":"https:\/\/amadalamazigh.press.ma\/fr\/wp-json\/wp\/v2\/tags?post=2374"}],"curies":[{"name":"wp","href":"https:\/\/api.w.org\/{rel}","templated":true}]}}