{"id":2547,"date":"2020-04-23T18:54:03","date_gmt":"2020-04-23T18:54:03","guid":{"rendered":"http:\/\/amadalamazigh.press.ma\/fr\/?p=2547"},"modified":"2020-04-23T18:54:03","modified_gmt":"2020-04-23T18:54:03","slug":"lamazighe-ou-le-deluge","status":"publish","type":"post","link":"https:\/\/amadalamazigh.press.ma\/fr\/lamazighe-ou-le-deluge\/","title":{"rendered":"L\u2019Amazighe .. ou le d\u00e9luge"},"content":{"rendered":"<figure id=\"attachment_2548\" aria-describedby=\"caption-attachment-2548\" style=\"width: 221px\" class=\"wp-caption alignleft\"><img data-recalc-dims=\"1\" loading=\"lazy\" decoding=\"async\" class=\"wp-image-2548 \" src=\"https:\/\/i0.wp.com\/amadalamazigh.press.ma\/fr\/wp-content\/uploads\/2020\/04\/oublih.jpg?resize=221%2C211\" alt=\"\" width=\"221\" height=\"211\" \/><figcaption id=\"caption-attachment-2548\" class=\"wp-caption-text\"><span style=\"color: #0000ff;\">Lahoucine OUBLIH \/ Activiste Amazigh<\/span><\/figcaption><\/figure>\n<p>La situation politique, organisationnelle et civile\u00a0 du mouvement Amazighe s\u2019est dramatiquement transform\u00e9e en acteur \u00e0 un humble consommateur de l&rsquo;\u00e9v\u00e9nement.<\/p>\n<p><strong><span style=\"color: #ff0000;\">Cadrage\u00a0:<\/span> <\/strong><\/p>\n<p>Cette r\u00e9flexion est encadr\u00e9e par des \u00e9l\u00e9ments phares:<\/p>\n<p>Premi\u00e8rement: le laps de 9 ans depuis le mouvement du 20 f\u00e9vrier;<\/p>\n<p>Deuxi\u00e8mement: la cl\u00f4ture des batailles l\u00e9gislatives concernant la question des lois organiques relatives \u00e0 l\u2019Amazighe apr\u00e8s leur publication au bulletin officiel\u00a0;<\/p>\n<p>Troisi\u00e8mement: les nouveaux d\u00e9fis impos\u00e9s par la pand\u00e9mie de Corona, sur le mouvement Amazighe sur le plan de la vision strat\u00e9gique, y compris les plans d\u2019actions.<\/p>\n<p>Quatri\u00e8mement: le d\u00e9clin de la dynamique du mouvement Amazighe, et ce dans divers domaines.<\/p>\n<p><strong><span style=\"color: #ff0000;\">L\u2019Amazighe.. p\u00e9ril en la demeure:<\/span><\/strong><\/p>\n<p>Selon l\u2019HCP \u00ab\u00a0le Haut-commissariat au Plan\u00a0\u00bb, la proportion de Marocains parlant la langue\u00a0 Amazighe comme langue maternelle a atteint 28,4% en 2004, puis ce taux a chut\u00e9 de fa\u00e7on spectaculaire \u00e0 26,7% en 2014. Autrement dit, les Amazighs ont perdu 1,7% des Marocains en 10 ans, si l&rsquo;on admet que cette statistique est exacte. Cet effondrement massif de la langue Amazighe confirme l&rsquo;acc\u00e9l\u00e9ration continue du processus d&rsquo;arabisation officielle et d&rsquo;arabisation volontaire, ainsi que du fran\u00e7ais formel et du fran\u00e7ais volontaire.<\/p>\n<p>Selon la m\u00eame institution affili\u00e9e \u00e0 l&rsquo;Etat, le pourcentage de Marocains (plus de 10 ans) qui savent lire et \u00e9crire la langue fran\u00e7aise a atteint 39% en 2004 puis est pass\u00e9 \u00e0 44% des Marocains en 2014, ce qui d\u00e9passe la proportion de Marocains parlant l\u2019Amazighe En tant que langue maternelle, selon la m\u00eame statistique.<\/p>\n<p><strong><span style=\"color: #ff0000;\">L\u2019Amazighe du post-corona:\u00a0<\/span><\/strong><\/p>\n<p>Le Maroc d\u2019apr\u00e8s le Coronavirus sera fermement affect\u00e9 par trois probl\u00e8mes fondamentaux, il s\u2019agit de\u00a0:<\/p>\n<p>Primo: L\u2019aggravation\u00a0 de la crise \u00e9conomique;<\/p>\n<p>Secundo: la remise en cause de la d\u00e9mocratie repr\u00e9sentative, et l&rsquo;effondrement de ses valeurs\u00a0;<\/p>\n<p>Tertio: l&rsquo;\u00e9l\u00e9vation des restrictions qui seront impos\u00e9es par les institutions financi\u00e8res internationales (BM, FMI&#8230;).<\/p>\n<p>Notre amazighit\u00e9 pourrait- elle se positionner dans les transformations qui peuvent avoir lieu\u00a0?<\/p>\n<p><strong><span style=\"color: #ff0000;\">Recommandations:<\/span><\/strong><\/p>\n<p>&#8211; M\u00fbrir les conditions ad\u00e9quates pour faire passer le mouvement Amazighe \u00e0 l&rsquo;action politique;<\/p>\n<p>&#8211; Mener une action qui pr\u00f4ne\u00a0 la cr\u00e9ation d\u2019une dynamique susceptible de convaincre les d\u00e9cideurs\u00a0;<\/p>\n<p>&#8211; cr\u00e9ation d\u2019alternatives positives, dont le but est l\u2019invention d\u2019un d\u00e9bat politique saint.<\/p>\n","protected":false},"excerpt":{"rendered":"<p>La situation politique, organisationnelle et civile\u00a0 du mouvement Amazighe s\u2019est dramatiquement transform\u00e9e en acteur \u00e0 un humble consommateur de l&rsquo;\u00e9v\u00e9nement. Cadrage\u00a0: Cette r\u00e9flexion est encadr\u00e9e par des \u00e9l\u00e9ments phares: Premi\u00e8rement: le laps de 9 ans depuis le mouvement du 20 f\u00e9vrier; Deuxi\u00e8mement: la cl\u00f4ture des batailles l\u00e9gislatives concernant la question des lois organiques relatives \u00e0 &hellip;<\/p>\n","protected":false},"author":2,"featured_media":2548,"comment_status":"open","ping_status":"closed","sticky":false,"template":"","format":"standard","meta":{"jetpack_post_was_ever_published":false,"_jetpack_newsletter_access":"","_jetpack_dont_email_post_to_subs":false,"_jetpack_newsletter_tier_id":0,"_jetpack_memberships_contains_paywalled_content":false,"_jetpack_memberships_contains_paid_content":false,"footnotes":"","jetpack_publicize_message":"","jetpack_publicize_feature_enabled":true,"jetpack_social_post_already_shared":false,"jetpack_social_options":{"image_generator_settings":{"template":"highway","default_image_id":0,"font":"","enabled":false},"version":2}},"categories":[13],"tags":[],"class_list":["post-2547","post","type-post","status-publish","format-standard","has-post-thumbnail","","category-opinions"],"jetpack_publicize_connections":[],"jetpack_featured_media_url":"https:\/\/i0.wp.com\/amadalamazigh.press.ma\/fr\/wp-content\/uploads\/2020\/04\/oublih.jpg?fit=154%2C147&ssl=1","jetpack_shortlink":"https:\/\/wp.me\/p9uxE2-F5","jetpack_sharing_enabled":true,"_links":{"self":[{"href":"https:\/\/amadalamazigh.press.ma\/fr\/wp-json\/wp\/v2\/posts\/2547","targetHints":{"allow":["GET"]}}],"collection":[{"href":"https:\/\/amadalamazigh.press.ma\/fr\/wp-json\/wp\/v2\/posts"}],"about":[{"href":"https:\/\/amadalamazigh.press.ma\/fr\/wp-json\/wp\/v2\/types\/post"}],"author":[{"embeddable":true,"href":"https:\/\/amadalamazigh.press.ma\/fr\/wp-json\/wp\/v2\/users\/2"}],"replies":[{"embeddable":true,"href":"https:\/\/amadalamazigh.press.ma\/fr\/wp-json\/wp\/v2\/comments?post=2547"}],"version-history":[{"count":1,"href":"https:\/\/amadalamazigh.press.ma\/fr\/wp-json\/wp\/v2\/posts\/2547\/revisions"}],"predecessor-version":[{"id":2549,"href":"https:\/\/amadalamazigh.press.ma\/fr\/wp-json\/wp\/v2\/posts\/2547\/revisions\/2549"}],"wp:featuredmedia":[{"embeddable":true,"href":"https:\/\/amadalamazigh.press.ma\/fr\/wp-json\/wp\/v2\/media\/2548"}],"wp:attachment":[{"href":"https:\/\/amadalamazigh.press.ma\/fr\/wp-json\/wp\/v2\/media?parent=2547"}],"wp:term":[{"taxonomy":"category","embeddable":true,"href":"https:\/\/amadalamazigh.press.ma\/fr\/wp-json\/wp\/v2\/categories?post=2547"},{"taxonomy":"post_tag","embeddable":true,"href":"https:\/\/amadalamazigh.press.ma\/fr\/wp-json\/wp\/v2\/tags?post=2547"}],"curies":[{"name":"wp","href":"https:\/\/api.w.org\/{rel}","templated":true}]}}