{"id":2553,"date":"2020-04-25T21:15:01","date_gmt":"2020-04-25T21:15:01","guid":{"rendered":"http:\/\/amadalamazigh.press.ma\/fr\/?p=2553"},"modified":"2020-04-25T21:19:41","modified_gmt":"2020-04-25T21:19:41","slug":"relachement-coronavirus-covid-19","status":"publish","type":"post","link":"https:\/\/amadalamazigh.press.ma\/fr\/relachement-coronavirus-covid-19\/","title":{"rendered":"REL\u00c2CHEMENT \u2013 Coronavirus \u2018\u2019COVID 19\u2019\u2019 \u2013"},"content":{"rendered":"<figure id=\"attachment_1118\" aria-describedby=\"caption-attachment-1118\" style=\"width: 282px\" class=\"wp-caption alignleft\"><img data-recalc-dims=\"1\" loading=\"lazy\" decoding=\"async\" class=\"wp-image-1118 size-medium\" src=\"https:\/\/i0.wp.com\/amadalamazigh.press.ma\/fr\/wp-content\/uploads\/2017\/03\/ait_mohamed-282x250.jpg?resize=282%2C250\" alt=\"\" width=\"282\" height=\"250\" srcset=\"https:\/\/i0.wp.com\/amadalamazigh.press.ma\/fr\/wp-content\/uploads\/2017\/03\/ait_mohamed.jpg?resize=282%2C250&amp;ssl=1 282w, https:\/\/i0.wp.com\/amadalamazigh.press.ma\/fr\/wp-content\/uploads\/2017\/03\/ait_mohamed.jpg?w=355&amp;ssl=1 355w\" sizes=\"auto, (max-width: 282px) 100vw, 282px\" \/><figcaption id=\"caption-attachment-1118\" class=\"wp-caption-text\"><strong><span style=\"color: #0000ff;\">Par: Madjid Ait Mohamed<\/span><\/strong><\/figcaption><\/figure>\n<p>le journal \u2018\u2019 El Watan\u2019\u2019 du 23 04.20, seul quotidien disponible dans toute une zone d\u2019Alger centre, rapporte certains propos relatifs \u00e0 l&rsquo;apparition de nouveaux foyers et de mise \u00e0 mal de ce qui est entreprit pour combattre ce dangereux ennemi invisible et insaisissable du fait du rel\u00e2chement constat\u00e9 au sein de la population.<\/p>\n<p>Dans ce cas, comment voulons-nous endiguer et gagner la guerre contre ce fl\u00e9au :<br \/>\n&#8211; lorsque des inconscients et ceux qui, par incivisme citoyen, irresponsabilit\u00e9, inculture, invocation de destin divin, de mort entrer les mains de Dieu ainsi qu\u2019\u00e0 la r\u00e9f\u00e9rence \u00e0 tout bout de champ au fait religieux et de sa protection par narcissisme de sa religion au dessus de tout sans en connaitre son contenu qui pr\u00f4ne les pr\u00e9cautions de s\u00e9curit\u00e9 contre tout mal et de ses principes tels que la \u00ab\u00a0Sourate Neml\u00a0\u00bb et du hadithe relatif \u00e0 l&rsquo;\u00e9pid\u00e9mie de l\u00e8pre apparue \u00e0 Cham lors de l&rsquo;exp\u00e9dition arm\u00e9e en ce lieu par les troupes de Omar qui s&rsquo;est r\u00e9f\u00e9rer au proph\u00e8te avant de faire revenir ses troupes ;<\/p>\n<p>&#8211; lorsqu&rsquo;il y a incivisme citoyen notamment le non respect de la distanciation, la circulation automobile et pi\u00e9tonne au-del\u00e0 de 15 heures sans aucun rappel \u00e0 l\u2019ordre et sanctions en cas de non \u00e9coute, m\u00eame si cela se d\u00e9roule devant leurs si\u00e8ges \u00e0 des heures d\u00e9passant largement l\u2019horaire fix\u00e9 pour le confinement surtout pour les pi\u00e9tons;<\/p>\n<p>&#8211; lorsqu\u2019on prend mal la moindre remarque faite par un citoyen \u00e0 un autre pour le respect de la distanciation en invoquant des propos d\u00e9raisonnables tels que je ne suis pas tuberculeux, tout se passe selon la divinit\u00e9 de Dieu, la mort entre les mains de Dieu, le fait d\u2019\u00eatre musulman\u2026.,<\/p>\n<p>&#8211; lorsque des recettes insens\u00e9es sortis de nulle part pour se prot\u00e9ger du virus montrent \u00e0 quel point l\u2019esprit et la raison sont affect\u00e9s par une autre maladie plus ancienne et plus r\u00e9pandue : la b\u00eatise humaine.<\/p>\n<p>Mais, comme le stipule un vieil adage, \u00ab \u00e0 la guerre comme \u00e0 la guerre \u00bb. Tout ce qui peut \u00eatre entrepris et mis en \u0153uvre dans les espaces priv\u00e9s et publics pour contrer la transmission et la propagation du virus doit \u00eatre fait avec sanctions au besoin, sans louvoyer ou perte de temps.<\/p>\n<p>Ceux qui disent aux musulmans \u00ab n\u2019ayez craintes Allah est avec nous\u2019\u2019 (Allah ma\u00e2na) commettent en r\u00e9alit\u00e9 une bourde monumentale. L\u2019un des pays musulman par excellence, est celui qui est le plus touch\u00e9 par le virus et l\u2019un des plus importants foyers de la contagion (3\u00e8me apr\u00e8s la Chine et l\u2019Italie).<\/p>\n<p>Le Coronavirus ne fait de distinction ni entre les chefs religieux et le Ministre, ni entre le croyant et le non-croyant. Les lieux saints de l\u2019Islam sont eux-m\u00eames mis en quarantaine. Le Vatican et le mur des lamentations sont confin\u00e9s.<\/p>\n<p>Ce virus n\u2019a que faire des croyances religieuses, des Dieux et des Saints ou des consid\u00e9rations ethniques ou raciales. Il n\u2019a que faire des fronti\u00e8res et des barri\u00e8res naturelles. Son invisibilit\u00e9 et sa rapidit\u00e9 de propagation, qui font sa force, d\u00e9concertent les scientifiques et surprennent les pouvoirs politiques qui semblent en plein d\u00e9sarroi. Dans une telle circonstance, ce n\u2019est pas la croyance et la foi des individus qui fait la diff\u00e9rence. C\u2019est la citoyennet\u00e9 et le civisme qui doivent \u00eatre sollicit\u00e9s d\u2019abord et pratiqu\u00e9s sans r\u00e9serve. Il en va de la sant\u00e9 de tous et du destin des individus et des collectivit\u00e9s humaines.<\/p>\n<p>Les scientifiques, les m\u00e9decins et les pouvoirs publics ont identifi\u00e9 des gestes simples mais qui sont aujourd\u2019hui les seuls armes disponibles pour se prot\u00e9ger efficacement contre le virus \u00e0 l\u2019exemple de la distanciation, du confinement, de l\u2019hygi\u00e8ne \u00e0 tous les niveaux etc.\u2026\u2026<\/p>\n","protected":false},"excerpt":{"rendered":"<p>le journal \u2018\u2019 El Watan\u2019\u2019 du 23 04.20, seul quotidien disponible dans toute une zone d\u2019Alger centre, rapporte certains propos relatifs \u00e0 l&rsquo;apparition de nouveaux foyers et de mise \u00e0 mal de ce qui est entreprit pour combattre ce dangereux ennemi invisible et insaisissable du fait du rel\u00e2chement constat\u00e9 au sein de la population. Dans &hellip;<\/p>\n","protected":false},"author":2,"featured_media":1118,"comment_status":"open","ping_status":"closed","sticky":false,"template":"","format":"standard","meta":{"jetpack_post_was_ever_published":false,"_jetpack_newsletter_access":"","_jetpack_dont_email_post_to_subs":false,"_jetpack_newsletter_tier_id":0,"_jetpack_memberships_contains_paywalled_content":false,"_jetpack_memberships_contains_paid_content":false,"footnotes":"","jetpack_publicize_message":"","jetpack_publicize_feature_enabled":true,"jetpack_social_post_already_shared":false,"jetpack_social_options":{"image_generator_settings":{"template":"highway","default_image_id":0,"font":"","enabled":false},"version":2}},"categories":[8,13],"tags":[],"class_list":["post-2553","post","type-post","status-publish","format-standard","has-post-thumbnail","","category-algerie","category-opinions"],"jetpack_publicize_connections":[],"jetpack_featured_media_url":"https:\/\/i0.wp.com\/amadalamazigh.press.ma\/fr\/wp-content\/uploads\/2017\/03\/ait_mohamed.jpg?fit=355%2C315&ssl=1","jetpack_shortlink":"https:\/\/wp.me\/p9uxE2-Fb","jetpack_sharing_enabled":true,"_links":{"self":[{"href":"https:\/\/amadalamazigh.press.ma\/fr\/wp-json\/wp\/v2\/posts\/2553","targetHints":{"allow":["GET"]}}],"collection":[{"href":"https:\/\/amadalamazigh.press.ma\/fr\/wp-json\/wp\/v2\/posts"}],"about":[{"href":"https:\/\/amadalamazigh.press.ma\/fr\/wp-json\/wp\/v2\/types\/post"}],"author":[{"embeddable":true,"href":"https:\/\/amadalamazigh.press.ma\/fr\/wp-json\/wp\/v2\/users\/2"}],"replies":[{"embeddable":true,"href":"https:\/\/amadalamazigh.press.ma\/fr\/wp-json\/wp\/v2\/comments?post=2553"}],"version-history":[{"count":1,"href":"https:\/\/amadalamazigh.press.ma\/fr\/wp-json\/wp\/v2\/posts\/2553\/revisions"}],"predecessor-version":[{"id":2554,"href":"https:\/\/amadalamazigh.press.ma\/fr\/wp-json\/wp\/v2\/posts\/2553\/revisions\/2554"}],"wp:featuredmedia":[{"embeddable":true,"href":"https:\/\/amadalamazigh.press.ma\/fr\/wp-json\/wp\/v2\/media\/1118"}],"wp:attachment":[{"href":"https:\/\/amadalamazigh.press.ma\/fr\/wp-json\/wp\/v2\/media?parent=2553"}],"wp:term":[{"taxonomy":"category","embeddable":true,"href":"https:\/\/amadalamazigh.press.ma\/fr\/wp-json\/wp\/v2\/categories?post=2553"},{"taxonomy":"post_tag","embeddable":true,"href":"https:\/\/amadalamazigh.press.ma\/fr\/wp-json\/wp\/v2\/tags?post=2553"}],"curies":[{"name":"wp","href":"https:\/\/api.w.org\/{rel}","templated":true}]}}