{"id":2595,"date":"2020-05-04T18:42:07","date_gmt":"2020-05-04T18:42:07","guid":{"rendered":"http:\/\/amadalamazigh.press.ma\/fr\/?p=2595"},"modified":"2020-05-04T18:42:07","modified_gmt":"2020-05-04T18:42:07","slug":"idir-sen-est-alle","status":"publish","type":"post","link":"https:\/\/amadalamazigh.press.ma\/fr\/idir-sen-est-alle\/","title":{"rendered":"Idir s\u2019en est all\u00e9"},"content":{"rendered":"<p><img data-recalc-dims=\"1\" loading=\"lazy\" decoding=\"async\" class=\"size-medium wp-image-2596 alignleft\" src=\"https:\/\/i0.wp.com\/amadalamazigh.press.ma\/fr\/wp-content\/uploads\/2020\/05\/838_maxnewsworld918550-376x250.jpg?resize=376%2C250\" alt=\"\" width=\"376\" height=\"250\" srcset=\"https:\/\/i0.wp.com\/amadalamazigh.press.ma\/fr\/wp-content\/uploads\/2020\/05\/838_maxnewsworld918550.jpg?resize=376%2C250&amp;ssl=1 376w, https:\/\/i0.wp.com\/amadalamazigh.press.ma\/fr\/wp-content\/uploads\/2020\/05\/838_maxnewsworld918550.jpg?resize=310%2C205&amp;ssl=1 310w, https:\/\/i0.wp.com\/amadalamazigh.press.ma\/fr\/wp-content\/uploads\/2020\/05\/838_maxnewsworld918550.jpg?w=838&amp;ssl=1 838w\" sizes=\"auto, (max-width: 376px) 100vw, 376px\" \/>Idir, de son vrai nom Cheriet Hamid est d\u00e9c\u00e9d\u00e9 hier, le 02 mai 2020, \u00e0 21H30. Un immense ambassadeur de la chanson kabyle, le premier \u00e0 l\u2019internationaliser, a ainsi quitt\u00e9 la sc\u00e8ne de la vie apr\u00e8s s\u2019\u00eatre retir\u00e9 \u00e0 pas mesur\u00e9s de la sc\u00e8ne artistique.<\/p>\n<p>Idir a \u00e9t\u00e9 l\u2019un des acteurs d\u2019une g\u00e9n\u00e9ration qui a su \u00e9veiller les consciences et, comme tant d\u2019acteurs \u00e0 ses c\u00f4t\u00e9s, il est devenu un voleur de feu. Du feu sacr\u00e9. Celui qui r\u00e9chauffe les c\u0153urs et illumine les sentiers escarp\u00e9s des montagnes.<\/p>\n<p>Il a compris que l\u2019am\u00e9lioration artistique avec valorisation du patrimoine ancien, cette combinaison gagnante, est une mani\u00e8re de rendre fiers les Amazighs, principalement kabyles \u00e0 cette \u00e9poque.<\/p>\n<p>L\u2019un des objectifs est de r\u00e9concilier les Alg\u00e9riens avec leur culture ancestrale et, par-del\u00e0 la beaut\u00e9 musicale, c\u2019est faire s\u2019interroger les Alg\u00e9riens puis l\u2019ensemble des nord africains sur leur racine, leur identit\u00e9. C\u2019est le d\u00e9but d\u2019un long p\u00e9riple d\u2019engagement qui, dans des circonstances extr\u00eamement difficile et un environnement politique et \u00e9tatique tr\u00e8s hostile, il a contribu\u00e9 \u00e0 sortir des sentiers battus. Il faisait partie de quelques-uns parmi ses pairs, aussi courageux et d\u00e9termin\u00e9s, que Kateb Yacine avait appel\u00e9 en ce temps : les maquisards de la chanson.<\/p>\n<p>Cantonn\u00e9 \u00e0 une r\u00e9gion, la chanson kabyle est pass\u00e9e d\u2019un coup de ma\u00eetre \u00e0 l\u2019universel. Vava Inouva, conte de Benmohamed, a mat\u00e9rialis\u00e9 ce passage triomphal. Un ami m\u2019a rapport\u00e9 qu\u2019\u00e9tant en voyage d\u2019agr\u00e9ment aux Usa l\u2019ann\u00e9e 1978, il \u00e9tait \u00e9tonn\u00e9 et fier \u00e0 la fois que dans un restaurant de San Fransisco, alors qu\u2019il dinait avec ses condisciples de l\u2019Ena, voil\u00e0 que Vava Inouva en mode musical envahit l\u2019espace. Demandant au ma\u00eetre d\u2019h\u00f4tel de quel pays est originaire cette chanson, celui-ci r\u00e9pondit s\u00fbr de lui : Gr\u00e8ce.<\/p>\n<p>L\u2019apport multiple d\u2019Idir, sans doute fondateur, est d\u2019\u00eatre exigeant dans son \u0153uvre. Il a ouvert la voie de l\u2019excellence. Parcimonieux en termes de production mais tout ce qu\u2019il a fait est frapp\u00e9 du sceau de cette excellence si indispensable \u00e0 la reconnaissance et \u00e0 la cons\u00e9cration. Chose indispensable pour \u00eatre \u00e9cout\u00e9 dans le but d\u2019\u00eatre entendu.<\/p>\n<p>Idir a quitt\u00e9 son pays \u00e0 la fin des ann\u00e9es soixante-dix pour s\u2019installer en France.<\/p>\n<p>L\u2019exil le marquera malgr\u00e9 la pr\u00e9sence d\u2019une forte communaut\u00e9 nationale et m\u00eame maghr\u00e9bine car Idir est une vedette et une ic\u00f4ne chez les Amazighs du Maroc. Et, ses nombreuses participations aux festivals de la chanson, notamment de Timitar d\u2019Agadir, lui ont permis de tisser des liens forts. Il a m\u00eame arrang\u00e9 une chanson avec le style amazigh marocain.<\/p>\n<p>Cependant l\u2019exil est marquant. Idir le vit sans doute en son for int\u00e9rieur comme une part de lui-m\u00eame qui est mutil\u00e9e. Idir est revenu, s\u2019est produit \u00e0 Alger, malgr\u00e9 les critiques, mais v\u00e9rifiant qu\u2019il est toujours populaire. Fin d\u2019une \u00e9poque?.<\/p>\n<p>C\u2019est sans doute un adieu \u00e0 son pays, \u00e0 ses fans qui, maintenant gr\u00e2ce \u00e0 lui et \u00e0 d\u2019autres, ont relev\u00e9 la t\u00eate. Ce retour au pays \u00e9tait-il un signe pr\u00e9monitoire ? La mort invisible r\u00f4de et frappe par surprise.<\/p>\n<p>Un monument s\u2019en va. Il emportera avec lui sa gloire sanctifi\u00e9e pour son go\u00fbt de l\u2019innovation et d\u2019avoir mis la chanson kabyle sur un haut r\u00e9ceptacle.<\/p>\n<p>Adieu l\u2019artiste. Merci de nous avoir fait r\u00eaver. Ton \u0153uvre est \u00e9ternelle.<\/p>\n<p style=\"text-align: right;\">Par: Mira Tarik<\/p>\n","protected":false},"excerpt":{"rendered":"<p>Idir, de son vrai nom Cheriet Hamid est d\u00e9c\u00e9d\u00e9 hier, le 02 mai 2020, \u00e0 21H30. Un immense ambassadeur de la chanson kabyle, le premier \u00e0 l\u2019internationaliser, a ainsi quitt\u00e9 la sc\u00e8ne de la vie apr\u00e8s s\u2019\u00eatre retir\u00e9 \u00e0 pas mesur\u00e9s de la sc\u00e8ne artistique. Idir a \u00e9t\u00e9 l\u2019un des acteurs d\u2019une g\u00e9n\u00e9ration qui a &hellip;<\/p>\n","protected":false},"author":2,"featured_media":2596,"comment_status":"open","ping_status":"closed","sticky":false,"template":"","format":"standard","meta":{"jetpack_post_was_ever_published":false,"_jetpack_newsletter_access":"","_jetpack_dont_email_post_to_subs":false,"_jetpack_newsletter_tier_id":0,"_jetpack_memberships_contains_paywalled_content":false,"_jetpack_memberships_contains_paid_content":false,"footnotes":"","jetpack_publicize_message":"","jetpack_publicize_feature_enabled":true,"jetpack_social_post_already_shared":false,"jetpack_social_options":{"image_generator_settings":{"template":"highway","default_image_id":0,"font":"","enabled":false},"version":2}},"categories":[8],"tags":[],"class_list":["post-2595","post","type-post","status-publish","format-standard","has-post-thumbnail","","category-algerie"],"jetpack_publicize_connections":[],"jetpack_featured_media_url":"https:\/\/i0.wp.com\/amadalamazigh.press.ma\/fr\/wp-content\/uploads\/2020\/05\/838_maxnewsworld918550.jpg?fit=838%2C557&ssl=1","jetpack_shortlink":"https:\/\/wp.me\/p9uxE2-FR","jetpack_sharing_enabled":true,"_links":{"self":[{"href":"https:\/\/amadalamazigh.press.ma\/fr\/wp-json\/wp\/v2\/posts\/2595","targetHints":{"allow":["GET"]}}],"collection":[{"href":"https:\/\/amadalamazigh.press.ma\/fr\/wp-json\/wp\/v2\/posts"}],"about":[{"href":"https:\/\/amadalamazigh.press.ma\/fr\/wp-json\/wp\/v2\/types\/post"}],"author":[{"embeddable":true,"href":"https:\/\/amadalamazigh.press.ma\/fr\/wp-json\/wp\/v2\/users\/2"}],"replies":[{"embeddable":true,"href":"https:\/\/amadalamazigh.press.ma\/fr\/wp-json\/wp\/v2\/comments?post=2595"}],"version-history":[{"count":1,"href":"https:\/\/amadalamazigh.press.ma\/fr\/wp-json\/wp\/v2\/posts\/2595\/revisions"}],"predecessor-version":[{"id":2597,"href":"https:\/\/amadalamazigh.press.ma\/fr\/wp-json\/wp\/v2\/posts\/2595\/revisions\/2597"}],"wp:featuredmedia":[{"embeddable":true,"href":"https:\/\/amadalamazigh.press.ma\/fr\/wp-json\/wp\/v2\/media\/2596"}],"wp:attachment":[{"href":"https:\/\/amadalamazigh.press.ma\/fr\/wp-json\/wp\/v2\/media?parent=2595"}],"wp:term":[{"taxonomy":"category","embeddable":true,"href":"https:\/\/amadalamazigh.press.ma\/fr\/wp-json\/wp\/v2\/categories?post=2595"},{"taxonomy":"post_tag","embeddable":true,"href":"https:\/\/amadalamazigh.press.ma\/fr\/wp-json\/wp\/v2\/tags?post=2595"}],"curies":[{"name":"wp","href":"https:\/\/api.w.org\/{rel}","templated":true}]}}