{"id":2619,"date":"2020-05-10T17:14:29","date_gmt":"2020-05-10T17:14:29","guid":{"rendered":"http:\/\/amadalamazigh.press.ma\/fr\/?p=2619"},"modified":"2020-05-10T17:14:29","modified_gmt":"2020-05-10T17:14:29","slug":"lassemblee-mondiale-amazighe-demande-au-president-francais-emmanuel-macron-des-actions-urgentes-en-libye","status":"publish","type":"post","link":"https:\/\/amadalamazigh.press.ma\/fr\/lassemblee-mondiale-amazighe-demande-au-president-francais-emmanuel-macron-des-actions-urgentes-en-libye\/","title":{"rendered":"L&rsquo;Assembl\u00e9e Mondiale Amazighe demande au pr\u00e9sident fran\u00e7ais Emmanuel Macron des actions urgentes en Libye"},"content":{"rendered":"<p style=\"font-weight: 400; text-align: left;\"><img data-recalc-dims=\"1\" loading=\"lazy\" decoding=\"async\" class=\"size-full wp-image-2620 alignleft\" src=\"https:\/\/i0.wp.com\/amadalamazigh.press.ma\/fr\/wp-content\/uploads\/2020\/05\/Macron_Raha.jpg?resize=450%2C225\" alt=\"\" width=\"450\" height=\"225\" \/>A Son Excellence M. Emmanuel MACRON,<\/p>\n<p style=\"font-weight: 400; text-align: left;\">Pr\u00e9sident de la R\u00e9publique Fran\u00e7aise,<\/p>\n<p style=\"font-weight: 400;\"><strong>Objet<\/strong>: Demande de mesures urgentes pour mettre fin \u00e0 la guerre civile libyenne en prenant en compte la participation active et les droits des Amazighs<\/p>\n<p style=\"font-weight: 400;\">Monsieur Le Pr\u00e9sident,<\/p>\n<p style=\"font-weight: 400;\">Permettez-moi d&rsquo;abord de vous pr\u00e9senter, au nom de notre ONG et de notre peuple amazigh (berb\u00e8re), nos sinc\u00e8res condol\u00e9ances pour les nombreuses pertes humaines que le coronavirus Covid-19 a tragiquement provoqu\u00e9 au sein de votre pays et dans les diff\u00e9rents pays europ\u00e9ens.<\/p>\n<p style=\"font-weight: 400;\">Nous sommes fort conscients des graves probl\u00e8mes et de profondes cons\u00e9quences \u00e9conomiques qu\u2019il a engendr\u00e9\u2026Mais malheureusement, nous tenons \u00e0 vous alerter qu\u2019apr\u00e8s le d\u00e9confinement, la relance \u00e9conomique de votre pays et de l\u2019Union Europ\u00e9enne apr\u00e8s Covid-19 pourrait s\u00e9rieusement \u00eatre mis \u00e0 mal si \u00a0votre excellence et les diff\u00e9rents chefs d\u2019Etats de l\u2019UE ne vous impliquez pas d\u2019avantage \u00e0 mettre fin le plut\u00f4t possible \u00e0\u00a0la guerre civile fratricide qui s\u00e9vit en Libye. Pourquoi\u00a0?<\/p>\n<p style=\"font-weight: 400;\">D\u00e9j\u00e0 on essaie de minimiser les cons\u00e9quences catastrophiques et n\u00e9fastes qu\u2019avait provoqu\u00e9 la dite guerre civile\u00a0 directement sur le premier pays qui les a subit de plein fouet, \u00e0 savoir l\u2019Italie, et qu\u2019\u00e0 cause du trafic incessant d\u2019\u00eatres humains vers l\u2019ile de Lampedusa et les c\u00f4tes italiennes, la guerre civile libyenne s\u2019est sold\u00e9 en fin de compte par la propagation des th\u00e8ses de l\u2019extr\u00eame droite de Matteo Salvini, de nord vers le sud de l\u2019Italie\u2026 Ajoutant \u00e0 cela le manque de solidarit\u00e9 des pays europ\u00e9ens avec l\u2019Italie dans les premi\u00e8res heures avec la trag\u00e9die humaine provoqu\u00e9 par le Covid-19, l\u2019extr\u00eame droite eurosceptique s\u2019est largement d\u00e9foul\u00e9 avec la diffusion sur les r\u00e9seaux sociaux de ces tristes images des citoyens italiens qui br\u00fblaient le drapeau de l\u2019Union Europ\u00e9enne!<\/p>\n<p style=\"font-weight: 400;\">Imaginez maintenant que le projet de sinistre salafiste chef turc Erdogan, obs\u00e9d\u00e9 de faire la guerre \u00e0 l\u2019UE, y compris la France, \u00e0 tous les niveaux et sur toutes les fronti\u00e8res, r\u00e9ussit en Libye, comme celui de donner des ailes \u00e0 Daech de s\u2019y implanter et de s\u2019y propager, avec l\u2019aide de soi-disant gouvernement irresponsable de Serraj, qui lui a ouvert les portes aux mercenaires djihadistes syriens de mener et de d\u00e9placer leur \u00abGuerre\u00a0 Sainte\u00bb m\u00e9di\u00e9valiste \u00a0en Afrique du Nord. Supposons qu\u2019ils arrivent \u00e0 d\u00e9stabiliser, par cons\u00e9quent, les premiers pays frontaliers, en l\u2019occurrence la Tunisie et l\u2019Alg\u00e9rie, d\u00e9j\u00e0 tr\u00e8s fragilis\u00e9s sur le plan \u00e9conomique \u00e0 cause de Covid-19 et de l\u2019effondrement de tourisme pour le premier et des prix des hydrocarbures pour le second. Sans aucun doute, nous allons alors assister \u00e0 un colossal trafic d\u2019\u00e9migr\u00e9s qui partiraient des c\u00f4tes libyennes jusqu\u2019aux c\u00f4tes alg\u00e9riennes. Un potentiel et immense trafic que certains terroristes ne douteraient pas de profiter pour s\u2019y infiltrer en France et en Europe \u00e0 travers vos c\u00f4tes, les c\u00f4tes grecques, italiennes ou espagnoles ! Alors imaginez bien comment serait la mont\u00e9e de populisme et du nazisme !!!<\/p>\n<p style=\"font-weight: 400;\">Monsieur Le Pr\u00e9sident,<\/p>\n<p style=\"font-weight: 400;\">Laissez-moi vous rappeler que c\u2019est la France, sous la pr\u00e9sidence de Nicholas Sarkozy, en embarquant avec elle l\u2019Angleterre et l\u2019OTAN, qui s\u2019est aventur\u00e9 \u00e0 soutenir la r\u00e9volution du peuple libyen\u00a0; et que c\u2019est toujours \u00e0 la France qu\u2019il incombe la totale responsabilit\u00e9 \u00e0 laquelle s\u2019est engouffr\u00e9 la Libye. C\u2019est pour cela qu\u2019il est de votre devoir, en tant qu\u2019actuel pr\u00e9sident de la R\u00e9publique Fran\u00e7aise, de trouver et d\u2019insister \u00e0 imposer une solution \u00e0 cette guerre civile. En d\u00e9finitive, vous ne pouvez r\u00e9ussir dans cette difficile mission\u00a0de pacification et de s\u00e9curisation de la Libye\u00a0qu\u2019\u00e0 condition d\u2019impliquer activement les combattants Amazighs de l\u2019est libyen, en respectant bien s\u00fbr leurs droits.<\/p>\n<p style=\"font-weight: 400;\">Pour cela, je vous invite \u00e0 lire attentivement ma lettre ouverte que je viens d\u2019adresser de nouveau aux \u00abhommes libres\u00bb de la Libye :<\/p>\n<p style=\"font-weight: 400;\"><a href=\"https:\/\/amamazigh.org\/2020\/05\/lettre-ouverte-aux-amazighs-de-libye-unissez-vous-et-constituez-un-seul-front-politico-militaire-comme-alternative-pour-sortir-de-la-fratricide-guerre-civile\/\" target=\"_blank\" rel=\"noopener noreferrer\" data-saferedirecturl=\"https:\/\/www.google.com\/url?q=https:\/\/amamazigh.org\/2020\/05\/lettre-ouverte-aux-amazighs-de-libye-unissez-vous-et-constituez-un-seul-front-politico-militaire-comme-alternative-pour-sortir-de-la-fratricide-guerre-civile\/&amp;source=gmail&amp;ust=1589216524832000&amp;usg=AFQjCNGGFJAAbYXeq14qfIXqoCpzWCxlEg\">https:\/\/amamazigh.org\/2020\/05\/lettre-ouverte-aux-amazighs-de-libye-unissez-vous-et-constituez-un-seul-front-politico-militaire-comme-alternative-pour-sortir-de-la-fratricide-guerre-civile\/<\/a><\/p>\n<p style=\"font-weight: 400;\">Veuillez agr\u00e9er, Monsieur Le Pr\u00e9sident, mes salutations les plus distingu\u00e9es.<\/p>\n<p style=\"font-weight: 400; text-align: center;\">Sign\u00e9: Rachid RAHA<\/p>\n<p style=\"font-weight: 400; text-align: center;\">Pr\u00e9sident de l\u2019Assembl\u00e9e Mondiale Amazighe<\/p>\n","protected":false},"excerpt":{"rendered":"<p>A Son Excellence M. Emmanuel MACRON, Pr\u00e9sident de la R\u00e9publique Fran\u00e7aise, Objet: Demande de mesures urgentes pour mettre fin \u00e0 la guerre civile libyenne en prenant en compte la participation active et les droits des Amazighs Monsieur Le Pr\u00e9sident, Permettez-moi d&rsquo;abord de vous pr\u00e9senter, au nom de notre ONG et de notre peuple amazigh (berb\u00e8re), &hellip;<\/p>\n","protected":false},"author":2,"featured_media":2620,"comment_status":"open","ping_status":"closed","sticky":false,"template":"","format":"standard","meta":{"jetpack_post_was_ever_published":false,"_jetpack_newsletter_access":"","_jetpack_dont_email_post_to_subs":false,"_jetpack_newsletter_tier_id":0,"_jetpack_memberships_contains_paywalled_content":false,"_jetpack_memberships_contains_paid_content":false,"footnotes":"","jetpack_publicize_message":"","jetpack_publicize_feature_enabled":true,"jetpack_social_post_already_shared":false,"jetpack_social_options":{"image_generator_settings":{"template":"highway","default_image_id":0,"font":"","enabled":false},"version":2}},"categories":[9],"tags":[],"class_list":["post-2619","post","type-post","status-publish","format-standard","has-post-thumbnail","","category-libye"],"jetpack_publicize_connections":[],"jetpack_featured_media_url":"https:\/\/i0.wp.com\/amadalamazigh.press.ma\/fr\/wp-content\/uploads\/2020\/05\/Macron_Raha.jpg?fit=450%2C225&ssl=1","jetpack_shortlink":"https:\/\/wp.me\/p9uxE2-Gf","jetpack_sharing_enabled":true,"_links":{"self":[{"href":"https:\/\/amadalamazigh.press.ma\/fr\/wp-json\/wp\/v2\/posts\/2619","targetHints":{"allow":["GET"]}}],"collection":[{"href":"https:\/\/amadalamazigh.press.ma\/fr\/wp-json\/wp\/v2\/posts"}],"about":[{"href":"https:\/\/amadalamazigh.press.ma\/fr\/wp-json\/wp\/v2\/types\/post"}],"author":[{"embeddable":true,"href":"https:\/\/amadalamazigh.press.ma\/fr\/wp-json\/wp\/v2\/users\/2"}],"replies":[{"embeddable":true,"href":"https:\/\/amadalamazigh.press.ma\/fr\/wp-json\/wp\/v2\/comments?post=2619"}],"version-history":[{"count":1,"href":"https:\/\/amadalamazigh.press.ma\/fr\/wp-json\/wp\/v2\/posts\/2619\/revisions"}],"predecessor-version":[{"id":2621,"href":"https:\/\/amadalamazigh.press.ma\/fr\/wp-json\/wp\/v2\/posts\/2619\/revisions\/2621"}],"wp:featuredmedia":[{"embeddable":true,"href":"https:\/\/amadalamazigh.press.ma\/fr\/wp-json\/wp\/v2\/media\/2620"}],"wp:attachment":[{"href":"https:\/\/amadalamazigh.press.ma\/fr\/wp-json\/wp\/v2\/media?parent=2619"}],"wp:term":[{"taxonomy":"category","embeddable":true,"href":"https:\/\/amadalamazigh.press.ma\/fr\/wp-json\/wp\/v2\/categories?post=2619"},{"taxonomy":"post_tag","embeddable":true,"href":"https:\/\/amadalamazigh.press.ma\/fr\/wp-json\/wp\/v2\/tags?post=2619"}],"curies":[{"name":"wp","href":"https:\/\/api.w.org\/{rel}","templated":true}]}}