{"id":2677,"date":"2020-05-30T15:47:30","date_gmt":"2020-05-30T15:47:30","guid":{"rendered":"http:\/\/amadalamazigh.press.ma\/fr\/?p=2677"},"modified":"2020-05-31T20:04:32","modified_gmt":"2020-05-31T20:04:32","slug":"interview-a-simon-skira-secretaire-general-de-la-federation-francaise-du-judaisme-marocain","status":"publish","type":"post","link":"https:\/\/amadalamazigh.press.ma\/fr\/interview-a-simon-skira-secretaire-general-de-la-federation-francaise-du-judaisme-marocain\/","title":{"rendered":"Interview \u00e0 Simon SKIRA, Secr\u00e9taire g\u00e9n\u00e9ral de la F\u00e9d\u00e9ration fran\u00e7aise du juda\u00efsme marocain"},"content":{"rendered":"<figure id=\"attachment_2702\" aria-describedby=\"caption-attachment-2702\" style=\"width: 428px\" class=\"wp-caption alignleft\"><img data-recalc-dims=\"1\" loading=\"lazy\" decoding=\"async\" class=\"wp-image-2702 size-medium\" src=\"https:\/\/i0.wp.com\/amadalamazigh.press.ma\/fr\/wp-content\/uploads\/2020\/05\/sim-428x250.jpg?resize=428%2C250\" alt=\"\" width=\"428\" height=\"250\" srcset=\"https:\/\/i0.wp.com\/amadalamazigh.press.ma\/fr\/wp-content\/uploads\/2020\/05\/sim.jpg?resize=428%2C250&amp;ssl=1 428w, https:\/\/i0.wp.com\/amadalamazigh.press.ma\/fr\/wp-content\/uploads\/2020\/05\/sim.jpg?w=802&amp;ssl=1 802w\" sizes=\"auto, (max-width: 428px) 100vw, 428px\" \/><figcaption id=\"caption-attachment-2702\" class=\"wp-caption-text\"><span style=\"color: #0000ff;\">Mr. Simon SKIRA<\/span><\/figcaption><\/figure>\n<p style=\"text-align: center;\"><span style=\"color: #ff0000;\"><strong>\u00abLes juifs Marocains, qui vivaient pendant des si\u00e8cles en parfaite cohabitation et coexistence avec leurs compatriotes Musulmans, n&rsquo;ont pas quitt\u00e9 leur patrie de leur plein gr\u00e9\u00bb.<\/strong><\/span><\/p>\n<p style=\"text-align: justify;\"><strong><span style=\"color: #0000ff;\">Vous pouvez vous pr\u00e9senter \u00e0 nos lecteurs en quelques lignes?.<\/span><\/strong><\/p>\n<p style=\"text-align: justify;\">Mon parcours professionnel, mes activit\u00e9s associatives et mes actions de militantisme pour la paix ont pour objectif le rapprochement entre les diff\u00e9rentes communaut\u00e9s religieuses, ethniques et culturelles\u2026 Mes initiatives en France et \u00e1 travers le monde sont en faveur de la d\u00e9fense des causes sacr\u00e9es du Royaume, sp\u00e9cialement, de son int\u00e9grit\u00e9 territoriale, son r\u00f4le pionnier dans la cr\u00e9ation des m\u00e9canismes permettant des \u00e9changes fructueux entre les op\u00e9rateurs et d\u00e9cideurs Marocains et Isra\u00e9liens \u00e0 travers l&rsquo;association d&rsquo;amiti\u00e9 Isra\u00eblo-Marocaine.<\/p>\n<p style=\"text-align: justify;\"><strong><span style=\"color: #0000ff;\">Vous avez cr\u00e9\u00e9 une association d\u2019amiti\u00e9s isra\u00e9lo-marocaine. Quelles sont ses objectifs?.<\/span><\/strong><\/p>\n<p style=\"text-align: justify;\">&#8211; Cr\u00e9ation d&rsquo;un forum de dialogue permanent entre les deux patries, \u00e1 travers des instances parlementaires, diplomatiques et des ONGs.<\/p>\n<p style=\"text-align: justify;\">&#8211; Fructifier les \u00e9changes commerciaux, culturels et touristiques entre le Maroc et Isra\u00ebl, on d\u00e9veloppant le c\u00f4t\u00e9 communication sur le potentiel des deux pays, la participation aux meetings, salons et congr\u00e8s tenus dans les deux pays, l&rsquo;\u00e9change des visites&#8230;etc&#8230;<\/p>\n<p style=\"text-align: justify;\">&#8211; Consolider les efforts des deux pays dans la recherche et l&rsquo;instauration de la paix au Proche Orient.<\/p>\n<p style=\"text-align: justify;\">&#8211; Hisser les relations bilat\u00e9rales entre les deux pays \u00e1 un niveau sup\u00e9rieur pour servir les int\u00e9r\u00eats mutuels.<\/p>\n<p style=\"text-align: justify;\">&#8211; Cr\u00e9er et approfondir un climat de confiance, de coop\u00e9ration tout azimut et de convivialit\u00e9 entre les deux patries.<\/p>\n<p style=\"text-align: justify;\"><strong><span style=\"color: #0000ff;\">Derni\u00e8rement il y a eu des \u00e9lections pour la repr\u00e9sentation de la communaut\u00e9 juif au Maroc ? comment ce sont d\u00e9roul\u00e9s les dites \u00e9lections auxquelles vous vous \u00eates port\u00e9s candidat?.<\/span><\/strong><\/p>\n<p style=\"text-align: justify;\">Les \u00e9lections pour la repr\u00e9sentation de la communaut\u00e9 juive au Maroc est une \u00e9ch\u00e9ance cruciale et d&rsquo;une grande importance pour tous les juifs d&rsquo;origine Marocaine, &#8230; Dans tous les cas, et quelques soient les circonstances, et en tant que Juif Marocain, fortement attach\u00e9 \u00e0 mon Pays et \u00e1 ses institutions sacr\u00e9es, loyal et fid\u00e8le \u00e0 mon Roi que Dieu le glorifie , soucieux de d\u00e9fendre les causes sacr\u00e9es de la Nation sous l&rsquo;\u00e9gide du Souverain, militant pour le rayonnement de ce mod\u00e8le exceptionnel de cohabitation, de coh\u00e9sion et de tol\u00e9rance entre les composantes de l&rsquo;identit\u00e9 Marocaine plurielle qu&rsquo;incarne le pays, je serai toujours pr\u00e9sent, entreprenant et actif lors des prochaines \u00e9ch\u00e9ances.<\/p>\n<p style=\"text-align: justify;\"><strong><span style=\"color: #0000ff;\">R\u00e9cemment, il parait que le nouveau gouvernement d\u2019Isra\u00ebl compte une dizaine de ministres dont les parents sont d\u2019origine marocaine. Comment expliquez-vous cela?.<\/span><\/strong><\/p>\n<p style=\"text-align: justify;\">La nomination de dix Ministres d&rsquo;origine Marocaine dans l&rsquo;actuel ex\u00e9cutif, ne peut que me procurer joie, fiert\u00e9 et satisfaction. Je l&rsquo;interpr\u00e8te comme un signe d&rsquo;espoir, d&rsquo;ouverture et de reconnaissance, mais aussi un geste tr\u00e8s significatif qui sera de nature \u00e0 mettre sur les rails un processus de rapprochement, d&rsquo;entente et de collaboration fructueuse et sereine entre le Maroc et Isra\u00ebl. Je nourris cet espoir depuis tr\u00e8s longtemps et je serai combl\u00e9 de le voir aboutir. Je serai bien naturellement pr\u00eat et dispos\u00e9 \u00e0 tout instant \u00e0 servir en toute humilit\u00e9 et en toute loyaut\u00e9 toute d\u00e9marche permettant la concr\u00e9tisation de ce v\u0153u pieux qui m&rsquo;est tr\u00e8s cher.<\/p>\n<p style=\"text-align: justify;\"><strong><span style=\"color: #0000ff;\">Vous avez le m\u00e9rite d\u2019\u00eatre le producteur d\u2019un superbe documentaire, r\u00e9alis\u00e9 par Younes Laghrari, sur les raisons qui ont pouss\u00e9 les Juifs \u00e0 quitter leur pays qu\u2019est le Maroc depuis des mill\u00e9naires. Comment se fait-il qu\u2019ils l\u2019ont fait sachant que lors de la deuxi\u00e8me guerre mondiale, feu le roi Mohamed V les a bien prot\u00e9g\u00e9, et que le Maroc les avaient bien accueilli lorsque ils \u00e9taient expuls\u00e9s de l\u2019Andalousie musulmane?.<\/span><\/strong><\/p>\n<p style=\"text-align: justify;\">Comme vous le devriez constater en visionnant le documentaire, les juifs Marocains qui vivaient pendant des si\u00e8cles en parfaite cohabitation et coexistence avec leurs compatriotes Musulmans, n&rsquo;ont pas quitt\u00e9 leur patrie de leur plein gr\u00e9. Ils \u00e9taient contraints et forc\u00e9s de le quitter, surtout apr\u00e8s la guerre de 1967. Vous savez, c&rsquo;\u00e9tait une \u00e9poque tr\u00e8s dure avec la mont\u00e9e spectaculaire des id\u00e9ologies extr\u00e9mistes dites nationalistes, tels que le panarabisme pr\u00f4n\u00e9 par Nasser, le ba\u00e2tisme, parfum\u00e9es aux pouss\u00e9es de fi\u00e8vre tiers-mondiste. Ces id\u00e9ologies, qui impr\u00e9gnaient les fervents militants dans le monde arabe, n&rsquo;ont pas \u00e9pargn\u00e9 un courant partisan Marocain de l&rsquo;\u00e9poque, qui a commenc\u00e9 \u00e0 prendre des prises de positions hostiles \u00e0 la pr\u00e9sence Juive, et ce, contrairement \u00e0 l&rsquo;\u00e9crasante majorit\u00e9 des Marocains et \u00e1 leur t\u00eate, l&rsquo;institution Monarchique, qui a toujours \u00e9t\u00e9 la garante de la communaut\u00e9 Juive et lui a procur\u00e9 toute la bienveillance et la protection n\u00e9cessaire. Personne ne peut oublier l&rsquo;acte H\u00e9ro\u00efque de Feu Sa Majest\u00e9 Mohamed V face \u00e0 l&rsquo;arrogance et aux menaces du gouvernement Nazi de Vichy, qui a d\u00e9clar\u00e9 solennellement et courageusement, que les juifs Marocains sont ses propres sujets dont il a l&rsquo;obligation de prot\u00e9ger et toute atteinte \u00e0 leurs vies et \u00e1 leur s\u00e9curit\u00e9 est une offense odieuse \u00e0 sa personne et \u00e1 tous les Marocains.<\/p>\n<p style=\"text-align: justify;\"><strong><span style=\"color: #0000ff;\">A votre avis, qui bloque \u00e0 qu\u2019il n\u2019y ait pas de repr\u00e9sentation diplomatique entre Isra\u00ebl et le royaume du Maroc ? Et comment vous voyez l\u2019avenir proche de leurs relations?.<\/span><\/strong><\/p>\n<p style=\"text-align: justify;\">\u00c9coutez, en toute sinc\u00e9rit\u00e9, je pense que l&rsquo;absence des relations diplomatiques entre les deux pays, n&rsquo;ont jamais emp\u00each\u00e9 des liens \u00e9pris d&rsquo;estime et de consid\u00e9ration entre eux. Le Maroc est un pays qui jouit de respect et de cr\u00e9dibilit\u00e9 dans le monde entier, de par ses prises de positions sages et \u00e9clair\u00e9es dans tous les conflits qui ravagent plusieurs contr\u00e9es de notre plan\u00e8te. C&rsquo;est indiscutablement un acteur et un pr\u00e9curseur de paix et d&rsquo;harmonie dans le Monde. Il a \u0153uvr\u00e9 inlassablement pour r\u00e9soudre le conflit isra\u00e9lo-palestinien dans le cadre de la l\u00e9galit\u00e9 et du pragmatisme politique, pr\u00f4nant toujours la cohabitation pacifique, intelligente et fructueuse entre Isra\u00e9liens et Palestiniens.<\/p>\n<p style=\"text-align: justify;\">Les choses sont en train de m\u00fbrir, laissons-les m\u00fbrir dans la s\u00e9r\u00e9nit\u00e9, l&rsquo;optimisme et le sens de responsabilit\u00e9. Je suis extr\u00eamement confiant dans l&rsquo;avenir de ces relations humaines et multidimensionnelles. N&rsquo;oublions surtout pas que le Maroc compte pr\u00e8s d&rsquo;un million de ses enfants qui vivent en Isra\u00ebl et qui n&rsquo;ont jamais coup\u00e9 ce lien d&rsquo;amour qui les attache \u00e0 leur pays d&rsquo;origine. N&rsquo;oublions pas non plus cette belle et entreprenante Diaspora Juive Marocaine \u00e0 travers le monde dont chaque membre est un vrai Ambassadeur itin\u00e9rant du Maroc. Ce pont d&rsquo;amour, d&rsquo;estime et de fid\u00e9lit\u00e9 constante se doit d&rsquo;\u00eatre renforc\u00e9 et consolid\u00e9 par des mesures avant-gardistes et courageuses, afin d&rsquo;assurer la fructification des \u00e9changes et servir les int\u00e9r\u00eats de tout le monde.<\/p>\n<p style=\"text-align: justify;\"><span style=\"color: #0000ff;\"><strong>Un dernier mot.<\/strong><\/span><\/p>\n<p style=\"text-align: justify;\">la paix en route &#8230; j&rsquo;en suis profond\u00e9ment persuad\u00e9.<\/p>\n<p style=\"text-align: right;\"><strong><span style=\"color: #0000ff;\">Interview r\u00e9alis\u00e9 par: Rachid RAHA<\/span><\/strong><\/p>\n<p><span class=\"embed-youtube\" style=\"text-align:center; display: block;\"><iframe loading=\"lazy\" class=\"youtube-player\" width=\"618\" height=\"348\" src=\"https:\/\/www.youtube.com\/embed\/esEoG16ZxiM?version=3&#038;rel=1&#038;showsearch=0&#038;showinfo=1&#038;iv_load_policy=1&#038;fs=1&#038;hl=fr-FR&#038;autohide=2&#038;wmode=transparent\" allowfullscreen=\"true\" style=\"border:0;\" sandbox=\"allow-scripts allow-same-origin allow-popups allow-presentation allow-popups-to-escape-sandbox\"><\/iframe><\/span><\/p>\n","protected":false},"excerpt":{"rendered":"<p>\u00abLes juifs Marocains, qui vivaient pendant des si\u00e8cles en parfaite cohabitation et coexistence avec leurs compatriotes Musulmans, n&rsquo;ont pas quitt\u00e9 leur patrie de leur plein gr\u00e9\u00bb. Vous pouvez vous pr\u00e9senter \u00e0 nos lecteurs en quelques lignes?. Mon parcours professionnel, mes activit\u00e9s associatives et mes actions de militantisme pour la paix ont pour objectif le rapprochement &hellip;<\/p>\n","protected":false},"author":2,"featured_media":2702,"comment_status":"open","ping_status":"closed","sticky":false,"template":"","format":"standard","meta":{"jetpack_post_was_ever_published":false,"_jetpack_newsletter_access":"","_jetpack_dont_email_post_to_subs":false,"_jetpack_newsletter_tier_id":0,"_jetpack_memberships_contains_paywalled_content":false,"_jetpack_memberships_contains_paid_content":false,"footnotes":"","jetpack_publicize_message":"","jetpack_publicize_feature_enabled":true,"jetpack_social_post_already_shared":false,"jetpack_social_options":{"image_generator_settings":{"template":"highway","default_image_id":0,"font":"","enabled":false},"version":2}},"categories":[4],"tags":[],"class_list":["post-2677","post","type-post","status-publish","format-standard","has-post-thumbnail","","category-interviews"],"jetpack_publicize_connections":[],"jetpack_featured_media_url":"https:\/\/i0.wp.com\/amadalamazigh.press.ma\/fr\/wp-content\/uploads\/2020\/05\/sim.jpg?fit=802%2C468&ssl=1","jetpack_shortlink":"https:\/\/wp.me\/p9uxE2-Hb","jetpack_sharing_enabled":true,"_links":{"self":[{"href":"https:\/\/amadalamazigh.press.ma\/fr\/wp-json\/wp\/v2\/posts\/2677","targetHints":{"allow":["GET"]}}],"collection":[{"href":"https:\/\/amadalamazigh.press.ma\/fr\/wp-json\/wp\/v2\/posts"}],"about":[{"href":"https:\/\/amadalamazigh.press.ma\/fr\/wp-json\/wp\/v2\/types\/post"}],"author":[{"embeddable":true,"href":"https:\/\/amadalamazigh.press.ma\/fr\/wp-json\/wp\/v2\/users\/2"}],"replies":[{"embeddable":true,"href":"https:\/\/amadalamazigh.press.ma\/fr\/wp-json\/wp\/v2\/comments?post=2677"}],"version-history":[{"count":10,"href":"https:\/\/amadalamazigh.press.ma\/fr\/wp-json\/wp\/v2\/posts\/2677\/revisions"}],"predecessor-version":[{"id":2691,"href":"https:\/\/amadalamazigh.press.ma\/fr\/wp-json\/wp\/v2\/posts\/2677\/revisions\/2691"}],"wp:featuredmedia":[{"embeddable":true,"href":"https:\/\/amadalamazigh.press.ma\/fr\/wp-json\/wp\/v2\/media\/2702"}],"wp:attachment":[{"href":"https:\/\/amadalamazigh.press.ma\/fr\/wp-json\/wp\/v2\/media?parent=2677"}],"wp:term":[{"taxonomy":"category","embeddable":true,"href":"https:\/\/amadalamazigh.press.ma\/fr\/wp-json\/wp\/v2\/categories?post=2677"},{"taxonomy":"post_tag","embeddable":true,"href":"https:\/\/amadalamazigh.press.ma\/fr\/wp-json\/wp\/v2\/tags?post=2677"}],"curies":[{"name":"wp","href":"https:\/\/api.w.org\/{rel}","templated":true}]}}