{"id":2727,"date":"2020-06-05T16:40:41","date_gmt":"2020-06-05T16:40:41","guid":{"rendered":"http:\/\/amadalamazigh.press.ma\/fr\/?p=2727"},"modified":"2020-06-05T16:40:41","modified_gmt":"2020-06-05T16:40:41","slug":"tamazgha-se-rejouit-de-la-liberation-de-tripoli","status":"publish","type":"post","link":"https:\/\/amadalamazigh.press.ma\/fr\/tamazgha-se-rejouit-de-la-liberation-de-tripoli\/","title":{"rendered":"Tamazgha se r\u00e9jouit de la lib\u00e9ration de Tripoli"},"content":{"rendered":"<p><img data-recalc-dims=\"1\" loading=\"lazy\" decoding=\"async\" class=\"aligncenter wp-image-2730 size-full\" src=\"https:\/\/i0.wp.com\/amadalamazigh.press.ma\/fr\/wp-content\/uploads\/2020\/06\/igrawliyen1-f743a.jpg?resize=560%2C258\" alt=\"\" width=\"560\" height=\"258\" srcset=\"https:\/\/i0.wp.com\/amadalamazigh.press.ma\/fr\/wp-content\/uploads\/2020\/06\/igrawliyen1-f743a.jpg?w=560&amp;ssl=1 560w, https:\/\/i0.wp.com\/amadalamazigh.press.ma\/fr\/wp-content\/uploads\/2020\/06\/igrawliyen1-f743a.jpg?resize=450%2C207&amp;ssl=1 450w\" sizes=\"auto, (max-width: 560px) 100vw, 560px\" \/><\/p>\n<p>Nous publions ci-apr\u00e8s la d\u00e9claration de\u00a0Tamazgha\u00a0qui se r\u00e9jouit de la lib\u00e9ration de Tripoli et exprime sa solidarit\u00e9 avec les combattants amazighs. Elle d\u00e9nonce le r\u00f4le \u00ab\u00a0malsain\u00a0\u00bb de la France dans cette crise que traverse la Libye.<\/p>\n<p style=\"text-align: center;\"><strong>Tripoli lib\u00e9r\u00e9e des forces du mal\u00a0!<br \/>\n<\/strong><strong>Une victoire qui en appelle d\u2019autres\u2026<\/strong><\/p>\n<p style=\"text-align: center;\"><span style=\"color: #0000ff;\"><strong>DECLARATION<\/strong><\/span><\/p>\n<p>L\u2019organisation\u00a0<i>Tamazgha<\/i>\u00a0se r\u00e9jouit des victoires enregistr\u00e9es \u00e0 Tripoli et \u00e0 l\u2019ouest de la Libye, notamment depuis le 13 avril, contre les Forces arm\u00e9es arabes libyennes (FAAL) de Khalifa Haftar soutenues par une large alliance russo-arabo-occidentale. La reprise du contr\u00f4le total sur Tripoli d\u2019o\u00f9 les milices des FAAL ont \u00e9t\u00e9 chass\u00e9es marque un tournant important dans la guerre contre les forces du mal dirig\u00e9es par le criminel et sanguinaire Khalifa Haftar qui planifie de replonger la Libye dans l\u2019obscurit\u00e9 kadhafiste.<\/p>\n<p><i>Tamazgha<\/i>\u00a0tient \u00e0 f\u00e9liciter tout particuli\u00e8rement les combattants amazighs (Igrawliyen) d\u2019At-Willul, d\u2019Adrar n Infusen ainsi que de Tiniri qui se sont battus avec bravoure, d\u2019abord pour prot\u00e9ger leurs territoires et repousser les tentatives d\u2019incursion des milices des FAAL, puis en apportant un soutien d\u00e9terminant aux combats qui ont conduit \u00e0 la lib\u00e9ration de Tripoli et des villes occup\u00e9es de l\u2019ouest. Nous saluons leur courage, leur savoir-faire guerrier et leur bravoure et tenons \u00e0 dire combien nous sommes fiers d\u2019eux et de leurs exploits. Ils sont la fiert\u00e9 de l\u2019ensemble des Amazighs qui aspirent \u00e0 la lib\u00e9ration de leur Terre.<\/p>\n<p>Aussi, nous inclinons-nous \u00e0 la m\u00e9moire des combattants qui sont tomb\u00e9s au champ d\u2019honneur, armes \u00e0 la main. Leur sacrifice ne doit pas \u00eatre vain et nous nous devons de poursuivre le combat sur la voie de la lib\u00e9ration et du recouvrement de notre souverainet\u00e9, seule \u00e0 m\u00eame de garantir aux Amazighs leur dignit\u00e9 sur leur Terre d\u00e9barrass\u00e9e de tous les maux qui visent leur assimilation par l\u2019\u00e9radication de Timmuzgha (l\u2019amazighit\u00e9).<\/p>\n<p><i>Tamazgha<\/i>\u00a0\u00e9tant une organisation bas\u00e9e en France, nous tenons \u00e0 cette occasion \u00e0 d\u00e9noncer l\u2019Etat fran\u00e7ais, et en particulier son ministre des Affaires \u00e9trang\u00e8res, Jean-Yves Le Drian, pour le r\u00f4le malsain qu\u2019il joue dans cette crise libyenne. Le soutien et l\u2019appui assur\u00e9s \u00e0 un homme d\u00e9cid\u00e9 \u00e0 prendre le pouvoir par la force n\u2019honore pas la France. L\u2019histoire se souviendra que l\u2019Etat fran\u00e7ais aura soutenu un criminel qui, pour s\u2019emparer du pouvoir, a tu\u00e9 des Libyens et a d\u00e9truit leurs biens. Et par la m\u00eame occasion nous appelons l\u2019opinion et le peuple fran\u00e7ais ainsi que les repr\u00e9sentants politiques int\u00e8gres, qui n\u2019ont pas encore perdu le sens des valeurs qui font la grandeur de la France, de se d\u00e9marquer du choix du gouvernement fran\u00e7ais et d\u00e9noncer cette trahison faite au peuple libyen qui n\u2019aspire qu\u2019\u00e0 vivre en paix et dans la dignit\u00e9. Le peuple libyen voudrait que le monde d\u2019apr\u00e8s ne soit pas pire que celui d\u2019avant\u00a0; celui sous-Kadhafi. Et \u00e0 juste titre, l\u2019homme que la France a voulu porter au pouvoir est pire que Kadhafi dont les Libyens se sont d\u00e9barrass\u00e9s gr\u00e2ce essentiellement \u00e0 l\u2019effort de la France.<\/p>\n<p>Il est inadmissible que la France s\u2019allie avec les forces du mal et les semeurs de l\u2019obscurantisme et abandonne les partisans d\u2019une Libye dot\u00e9e d\u2019un Etat de droit, un Etat d\u00e9mocratique respectueux des droits de l\u2019Homme et de la Femme, un Etat respectueux des diversit\u00e9s culturelles et ethniques du pays et qui ne soit ni entre les mains des militaires ni celles de ceux qui instrumentalisent la religion.<\/p>\n<p>Enfin, la Communaut\u00e9 internationale et les Nations unies doivent intervenir pour mettre fin aux crimes des Forces arm\u00e9es arabes libyennes de Khalifa Haftar et de poursuivre ce dernier pour crimes de guerre et non-respect du droit international. Il doit r\u00e9pondre devant la juridiction comp\u00e9tente pour les crimes dont il est responsable.<\/p>\n<p>Enfin,\u00a0<i>Tamazgha<\/i>\u00a0r\u00e9it\u00e8re son soutien ind\u00e9fectible aux combattants amazighs et leurs alli\u00e9s dans leur lutte contre les Forces arm\u00e9es arabes libyennes de Khalifa Haftar qui doivent \u00eatre neutralis\u00e9es afin de garantir l\u2019ouverture pour la construction d\u2019une nouvelle Libye.<\/p>\n<p><center><strong>\u2d5c\u2d53\u2d37\u2d54\u2d5c \u2d49 \u2d62\u2d4e\u2d30\u2d63\u2d49\u2d56\u2d4f<\/strong><br \/>\n<i>Tudert i ymazi\u0263en<\/i><br \/>\n<strong>\u2d5c\u2d53\u2d37\u2d54\u2d5c \u2d49 \u2d5c\u2d4e\u2d30\u2d63\u2d49\u2d56\u2d5c<\/strong><br \/>\n<i>Tudert i Tmazi\u0263t<\/i><\/center><\/p>\n<p style=\"text-align: center;\"><strong>\u2d30\u2d61\u2d49\u2d5b\u2d3d\u2d49\u2d4f \u2d3c \u2d49\u2d45\u2d30\u2d3c\u2d53\u2d54\u2d4f<\/strong><br \/>\n<i>Awickin i yxafu\u1e5bn-nne\u0263<\/i><br \/>\n<strong>\u2d30\u2d62\u2d62\u2d53\u2d63 \u2d49 \u2d62\u2d33\u2d54\u2d30\u2d61\u2d4d\u2d49\u2d62\u2d4f<\/strong><br \/>\n<i>Ayyuz i yegrawliyen<\/i><\/p>\n<p style=\"text-align: left;\"><i><strong>Tamazgha,<\/strong><br \/>\nParis, le 4 juin 2020.<\/i><\/p>\n<p><center><strong>T\u00e9l\u00e9charger la d\u00e9claration en format PDF<\/strong><\/center><center><a href=\"http:\/\/amadalamazigh.press.ma\/fr\/wp-content\/uploads\/2020\/06\/D\u00e9claration-Tamazgha_Libye_040620.pdf\" target=\"_blank\" rel=\"noopener noreferrer\"><img data-recalc-dims=\"1\" loading=\"lazy\" decoding=\"async\" class=\"size-full wp-image-2728 aligncenter\" src=\"https:\/\/i0.wp.com\/amadalamazigh.press.ma\/fr\/wp-content\/uploads\/2020\/06\/pdf.png?resize=52%2C52\" alt=\"\" width=\"52\" height=\"52\" \/><\/a><\/center><center><\/center><\/p>\n<p style=\"text-align: right;\"><span style=\"color: #0000ff;\">Source: Tamazgha.fr<\/span><\/p>\n","protected":false},"excerpt":{"rendered":"<p>Nous publions ci-apr\u00e8s la d\u00e9claration de\u00a0Tamazgha\u00a0qui se r\u00e9jouit de la lib\u00e9ration de Tripoli et exprime sa solidarit\u00e9 avec les combattants amazighs. Elle d\u00e9nonce le r\u00f4le \u00ab\u00a0malsain\u00a0\u00bb de la France dans cette crise que traverse la Libye. Tripoli lib\u00e9r\u00e9e des forces du mal\u00a0! Une victoire qui en appelle d\u2019autres\u2026 DECLARATION L\u2019organisation\u00a0Tamazgha\u00a0se r\u00e9jouit des victoires enregistr\u00e9es \u00e0 &hellip;<\/p>\n","protected":false},"author":2,"featured_media":2730,"comment_status":"open","ping_status":"closed","sticky":false,"template":"","format":"standard","meta":{"jetpack_post_was_ever_published":false,"_jetpack_newsletter_access":"","_jetpack_dont_email_post_to_subs":false,"_jetpack_newsletter_tier_id":0,"_jetpack_memberships_contains_paywalled_content":false,"_jetpack_memberships_contains_paid_content":false,"footnotes":"","jetpack_publicize_message":"","jetpack_publicize_feature_enabled":true,"jetpack_social_post_already_shared":false,"jetpack_social_options":{"image_generator_settings":{"template":"highway","default_image_id":0,"font":"","enabled":false},"version":2}},"categories":[9],"tags":[],"class_list":["post-2727","post","type-post","status-publish","format-standard","has-post-thumbnail","","category-libye"],"jetpack_publicize_connections":[],"jetpack_featured_media_url":"https:\/\/i0.wp.com\/amadalamazigh.press.ma\/fr\/wp-content\/uploads\/2020\/06\/igrawliyen1-f743a.jpg?fit=560%2C258&ssl=1","jetpack_shortlink":"https:\/\/wp.me\/p9uxE2-HZ","jetpack_sharing_enabled":true,"_links":{"self":[{"href":"https:\/\/amadalamazigh.press.ma\/fr\/wp-json\/wp\/v2\/posts\/2727","targetHints":{"allow":["GET"]}}],"collection":[{"href":"https:\/\/amadalamazigh.press.ma\/fr\/wp-json\/wp\/v2\/posts"}],"about":[{"href":"https:\/\/amadalamazigh.press.ma\/fr\/wp-json\/wp\/v2\/types\/post"}],"author":[{"embeddable":true,"href":"https:\/\/amadalamazigh.press.ma\/fr\/wp-json\/wp\/v2\/users\/2"}],"replies":[{"embeddable":true,"href":"https:\/\/amadalamazigh.press.ma\/fr\/wp-json\/wp\/v2\/comments?post=2727"}],"version-history":[{"count":4,"href":"https:\/\/amadalamazigh.press.ma\/fr\/wp-json\/wp\/v2\/posts\/2727\/revisions"}],"predecessor-version":[{"id":2734,"href":"https:\/\/amadalamazigh.press.ma\/fr\/wp-json\/wp\/v2\/posts\/2727\/revisions\/2734"}],"wp:featuredmedia":[{"embeddable":true,"href":"https:\/\/amadalamazigh.press.ma\/fr\/wp-json\/wp\/v2\/media\/2730"}],"wp:attachment":[{"href":"https:\/\/amadalamazigh.press.ma\/fr\/wp-json\/wp\/v2\/media?parent=2727"}],"wp:term":[{"taxonomy":"category","embeddable":true,"href":"https:\/\/amadalamazigh.press.ma\/fr\/wp-json\/wp\/v2\/categories?post=2727"},{"taxonomy":"post_tag","embeddable":true,"href":"https:\/\/amadalamazigh.press.ma\/fr\/wp-json\/wp\/v2\/tags?post=2727"}],"curies":[{"name":"wp","href":"https:\/\/api.w.org\/{rel}","templated":true}]}}