{"id":2943,"date":"2020-08-31T13:19:25","date_gmt":"2020-08-31T13:19:25","guid":{"rendered":"http:\/\/amadalamazigh.press.ma\/fr\/?p=2943"},"modified":"2020-08-31T17:17:19","modified_gmt":"2020-08-31T17:17:19","slug":"lorigine-du-drapeau-amazighien-achenyal-amazghan","status":"publish","type":"post","link":"https:\/\/amadalamazigh.press.ma\/fr\/lorigine-du-drapeau-amazighien-achenyal-amazghan\/","title":{"rendered":"l&rsquo;origine du drapeau amazighien (Achenyal amazghan)"},"content":{"rendered":"<p><strong><img data-recalc-dims=\"1\" loading=\"lazy\" decoding=\"async\" class=\"size-medium wp-image-2947 alignleft\" src=\"https:\/\/i0.wp.com\/amadalamazigh.press.ma\/fr\/wp-content\/uploads\/2020\/08\/20200228_114737-327x250.jpg?resize=327%2C250\" alt=\"\" width=\"327\" height=\"250\" srcset=\"https:\/\/i0.wp.com\/amadalamazigh.press.ma\/fr\/wp-content\/uploads\/2020\/08\/20200228_114737.jpg?resize=327%2C250&amp;ssl=1 327w, https:\/\/i0.wp.com\/amadalamazigh.press.ma\/fr\/wp-content\/uploads\/2020\/08\/20200228_114737.jpg?resize=1024%2C783&amp;ssl=1 1024w, https:\/\/i0.wp.com\/amadalamazigh.press.ma\/fr\/wp-content\/uploads\/2020\/08\/20200228_114737.jpg?w=1080&amp;ssl=1 1080w\" sizes=\"auto, (max-width: 327px) 100vw, 327px\" \/>Origine et signification du drapeau amazighien<\/strong><\/p>\n<p>C&rsquo;est lors de l&rsquo;une de mes rencontres en 1971 dans le bureau de M. Sa\u00efd Hanouz pr\u00e9sident de l&rsquo;Acad\u00e9mie Berb\u00e8re que mon ami Amar Naroun membre fondateur, nous d\u00e9voila l&rsquo;existence du drapeau dans le tableau de Henri F\u00e9lix Emmanuel Philippoteaux: Portraits pr\u00e9sum\u00e9s du Ch\u00e9rif Boubaghla et de Lalla Fadhma n&rsquo;Soumer conduisant l&rsquo;arm\u00e9e r\u00e9volutionnaire (1866).Cet \u00e9tendard \u00e9tait d\u00e9ploy\u00e9 d\u00e9j\u00e0 lors des soul\u00e8vements dirig\u00e9s par Lalla Fadhma n\u2019Soumer.<\/p>\n<p>De 1854 \u00e0 juillet 1857, elle mena une r\u00e9sistance contre les troupes fran\u00e7aises. Sur le tableau de Henri F\u00e9lix Emmanuel Philippoteaux, peintre orientaliste (1815-1884), datant de 1866 montrant Massa Lalla Fadhma n\u2019Soumer sur son cheval, un fusil \u00e0 la main, avec des cavaliers \u00ab\u00a0porte drapeaux\u00a0\u00bb, on remarque les drapeaux aux trois couleurs, bleu, vert, jaune. Ce tableau est visible dans le salon de la pr\u00e9sidence de la R\u00e9publique Alg\u00e9rienne (Palais d\u2019El Mouradia). L\u2019Acad\u00e9mie Berb\u00e8re a actualis\u00e9 ce drapeau en ajoutant la lettre tifinagh aza. A cette \u00e9poque, nous n&rsquo;avons pas voulu le d\u00e9voiler pour ne pas donner aux ennemis de l&rsquo;amazighitude un moyen pour nous taxer de diviseurs comme savent le faire tous ces dictateurs de nos pays d&rsquo;origine.<\/p>\n<p>C&rsquo;est lors du Congr\u00e8s Mondial Amazigh organis\u00e9 \u00e0 Tafira dans la Grand Canaria en ao\u00fbt 1997, avec d&rsquo;autres militants, que je l&rsquo;avais propos\u00e9 \u00e0 la premi\u00e8re Assembl\u00e9e g\u00e9n\u00e9rale o\u00f9 il a \u00e9t\u00e9 adopt\u00e9 comme drapeau d&rsquo;Amazighie (Tamazgha en langue amazighe). Le territoire des Amazighs s&rsquo;\u00e9tend d&rsquo;Est \u00e0 l&rsquo;Ouest de l&rsquo;Oasis de Siwa en Egypte jusqu&rsquo;\u00e0 l&rsquo;archipel Canarien, du Nord de l&rsquo;Alg\u00e9rie jusqu&rsquo;au Sud du Niger. Lors de mon voyage en 1998 au Niger dans l&rsquo;Air, en compagnie de la r\u00e9sistance touareg et du commandant Isyad Kato, nous avons fait lev\u00e9 des couleurs avec ce drapeau. C&rsquo;est le drapeau identitaire et culturel de l&rsquo;Amazighie &#8211; Afrique du Nord (Tamazgha en langue amazighe) qui comporte 3 bandes de 3 couleurs de m\u00eame largeur avec en son milieu la lettre Yaz ou aza \u2d30\u2d63\u2d30 en rouge.<\/p>\n<p>&#8211; le bleu de l&rsquo;oc\u00e9an Atlantique et de la mer M\u00e9diterran\u00e9e qui d\u00e9limite le territoire au Nord et \u00e0 l&rsquo;Ouest de l&rsquo;Afrique (Taferka).<br \/>\n&#8211; le vert couleur des terres et des montagnes, couleur de l&rsquo;espoir,<br \/>\n&#8211; le jaune indique le d\u00e9sert, espace de libert\u00e9 des Touaregs, d\u00e9limite le territoire au sud<br \/>\n&#8211; AZA en rouge, racine du nom Amazigh symbolisant la r\u00e9sistance de l\u2019homme libre debout.<\/p>\n<p>Moi-m\u00eame avec l&rsquo;Acad\u00e9mie Berb\u00e8re du Nord que j\u2019ai fond\u00e9e en1971 et dont le si\u00e8ge \u00e9tait au 17 rue du Pays \u00e0 Roubaix (1971 \u00e0 1975), j&rsquo;ai ajout\u00e9 les 7 \u00e9toiles au dessus de \u2d30\u2d63\u2d30 en hommage au combat de Ma\u00eetre Antonio Cubillo fondateur du MPAIAC (Mouvement Pour l\u2019Autod\u00e9termination et l\u2019Ind\u00e9pendance de l\u2019Archipel Canarien) que j&rsquo;ai connu au CRAPE, (Centre de Recherche Anthropologique Pr\u00e9historique et Ethnologique) dirig\u00e9 par Mouloud Mammeri \u00e0 Alger.<\/p>\n<p><span style=\"color: #0000ff;\"><strong>Mohand Ouramdane KHACER<\/strong><\/span><br \/>\n&#8211; Ancien membre de l&rsquo;Acad\u00e9mie Berb\u00e8re.<br \/>\n&#8211; Fondateur de l&rsquo;Acad\u00e9mie Berb\u00e8re du Nord<br \/>\n&#8211; Pr\u00e9sident de l&rsquo; Espace Culturel Berb\u00e8re Europ\u00e9en Afus Deg Wfus.<\/p>\n<p><img data-recalc-dims=\"1\" loading=\"lazy\" decoding=\"async\" class=\"aligncenter wp-image-2944 size-full\" src=\"https:\/\/i0.wp.com\/amadalamazigh.press.ma\/fr\/wp-content\/uploads\/2020\/08\/received_630946744125785.jpeg?resize=569%2C378\" alt=\"\" width=\"569\" height=\"378\" srcset=\"https:\/\/i0.wp.com\/amadalamazigh.press.ma\/fr\/wp-content\/uploads\/2020\/08\/received_630946744125785.jpeg?w=569&amp;ssl=1 569w, https:\/\/i0.wp.com\/amadalamazigh.press.ma\/fr\/wp-content\/uploads\/2020\/08\/received_630946744125785.jpeg?resize=376%2C250&amp;ssl=1 376w, https:\/\/i0.wp.com\/amadalamazigh.press.ma\/fr\/wp-content\/uploads\/2020\/08\/received_630946744125785.jpeg?resize=310%2C205&amp;ssl=1 310w\" sizes=\"auto, (max-width: 569px) 100vw, 569px\" \/><\/p>\n<p><img data-recalc-dims=\"1\" loading=\"lazy\" decoding=\"async\" class=\"aligncenter wp-image-2946\" src=\"https:\/\/i0.wp.com\/amadalamazigh.press.ma\/fr\/wp-content\/uploads\/2020\/08\/received_2256389011321971-1024x614.jpeg?resize=569%2C341\" alt=\"\" width=\"569\" height=\"341\" srcset=\"https:\/\/i0.wp.com\/amadalamazigh.press.ma\/fr\/wp-content\/uploads\/2020\/08\/received_2256389011321971.jpeg?resize=1024%2C614&amp;ssl=1 1024w, https:\/\/i0.wp.com\/amadalamazigh.press.ma\/fr\/wp-content\/uploads\/2020\/08\/received_2256389011321971.jpeg?resize=417%2C250&amp;ssl=1 417w, https:\/\/i0.wp.com\/amadalamazigh.press.ma\/fr\/wp-content\/uploads\/2020\/08\/received_2256389011321971.jpeg?w=1363&amp;ssl=1 1363w, https:\/\/i0.wp.com\/amadalamazigh.press.ma\/fr\/wp-content\/uploads\/2020\/08\/received_2256389011321971.jpeg?w=1236&amp;ssl=1 1236w\" sizes=\"auto, (max-width: 569px) 100vw, 569px\" \/><\/p>\n","protected":false},"excerpt":{"rendered":"<p>Origine et signification du drapeau amazighien C&rsquo;est lors de l&rsquo;une de mes rencontres en 1971 dans le bureau de M. Sa\u00efd Hanouz pr\u00e9sident de l&rsquo;Acad\u00e9mie Berb\u00e8re que mon ami Amar Naroun membre fondateur, nous d\u00e9voila l&rsquo;existence du drapeau dans le tableau de Henri F\u00e9lix Emmanuel Philippoteaux: Portraits pr\u00e9sum\u00e9s du Ch\u00e9rif Boubaghla et de Lalla Fadhma &hellip;<\/p>\n","protected":false},"author":2,"featured_media":2947,"comment_status":"open","ping_status":"closed","sticky":false,"template":"","format":"standard","meta":{"jetpack_post_was_ever_published":false,"_jetpack_newsletter_access":"","_jetpack_dont_email_post_to_subs":false,"_jetpack_newsletter_tier_id":0,"_jetpack_memberships_contains_paywalled_content":false,"_jetpack_memberships_contains_paid_content":false,"footnotes":"","jetpack_publicize_message":"","jetpack_publicize_feature_enabled":true,"jetpack_social_post_already_shared":false,"jetpack_social_options":{"image_generator_settings":{"template":"highway","default_image_id":0,"font":"","enabled":false},"version":2}},"categories":[19,13],"tags":[],"class_list":["post-2943","post","type-post","status-publish","format-standard","has-post-thumbnail","","category-monde-amazigh","category-opinions"],"jetpack_publicize_connections":[],"jetpack_featured_media_url":"https:\/\/i0.wp.com\/amadalamazigh.press.ma\/fr\/wp-content\/uploads\/2020\/08\/20200228_114737.jpg?fit=1080%2C826&ssl=1","jetpack_shortlink":"https:\/\/wp.me\/p9uxE2-Lt","jetpack_sharing_enabled":true,"_links":{"self":[{"href":"https:\/\/amadalamazigh.press.ma\/fr\/wp-json\/wp\/v2\/posts\/2943","targetHints":{"allow":["GET"]}}],"collection":[{"href":"https:\/\/amadalamazigh.press.ma\/fr\/wp-json\/wp\/v2\/posts"}],"about":[{"href":"https:\/\/amadalamazigh.press.ma\/fr\/wp-json\/wp\/v2\/types\/post"}],"author":[{"embeddable":true,"href":"https:\/\/amadalamazigh.press.ma\/fr\/wp-json\/wp\/v2\/users\/2"}],"replies":[{"embeddable":true,"href":"https:\/\/amadalamazigh.press.ma\/fr\/wp-json\/wp\/v2\/comments?post=2943"}],"version-history":[{"count":4,"href":"https:\/\/amadalamazigh.press.ma\/fr\/wp-json\/wp\/v2\/posts\/2943\/revisions"}],"predecessor-version":[{"id":2950,"href":"https:\/\/amadalamazigh.press.ma\/fr\/wp-json\/wp\/v2\/posts\/2943\/revisions\/2950"}],"wp:featuredmedia":[{"embeddable":true,"href":"https:\/\/amadalamazigh.press.ma\/fr\/wp-json\/wp\/v2\/media\/2947"}],"wp:attachment":[{"href":"https:\/\/amadalamazigh.press.ma\/fr\/wp-json\/wp\/v2\/media?parent=2943"}],"wp:term":[{"taxonomy":"category","embeddable":true,"href":"https:\/\/amadalamazigh.press.ma\/fr\/wp-json\/wp\/v2\/categories?post=2943"},{"taxonomy":"post_tag","embeddable":true,"href":"https:\/\/amadalamazigh.press.ma\/fr\/wp-json\/wp\/v2\/tags?post=2943"}],"curies":[{"name":"wp","href":"https:\/\/api.w.org\/{rel}","templated":true}]}}