{"id":2996,"date":"2020-09-21T20:33:38","date_gmt":"2020-09-21T20:33:38","guid":{"rendered":"http:\/\/amadalamazigh.press.ma\/fr\/?p=2996"},"modified":"2020-09-21T20:33:38","modified_gmt":"2020-09-21T20:33:38","slug":"lassemblee-mondiale-amazighe-interpelle-le-conseil-des-droits-de-lhomme-des-nations-unies-sur-les-droits-des-amazighs-au-maroc","status":"publish","type":"post","link":"https:\/\/amadalamazigh.press.ma\/fr\/lassemblee-mondiale-amazighe-interpelle-le-conseil-des-droits-de-lhomme-des-nations-unies-sur-les-droits-des-amazighs-au-maroc\/","title":{"rendered":"L&rsquo;Assembl\u00e9e Mondiale Amazighe \u00a0interpelle le Conseil des droits de l\u2019Homme des Nations Unies sur les droits des Amazighs au Maroc"},"content":{"rendered":"<p><strong><img data-recalc-dims=\"1\" loading=\"lazy\" decoding=\"async\" class=\"size-medium wp-image-2997 alignleft\" src=\"https:\/\/i0.wp.com\/amadalamazigh.press.ma\/fr\/wp-content\/uploads\/2020\/09\/Elisabeth-TICHY-FISSLBERGER-372x250.jpg?resize=372%2C250\" alt=\"\" width=\"372\" height=\"250\" srcset=\"https:\/\/i0.wp.com\/amadalamazigh.press.ma\/fr\/wp-content\/uploads\/2020\/09\/Elisabeth-TICHY-FISSLBERGER.jpg?resize=372%2C250&amp;ssl=1 372w, https:\/\/i0.wp.com\/amadalamazigh.press.ma\/fr\/wp-content\/uploads\/2020\/09\/Elisabeth-TICHY-FISSLBERGER.jpg?resize=110%2C75&amp;ssl=1 110w, https:\/\/i0.wp.com\/amadalamazigh.press.ma\/fr\/wp-content\/uploads\/2020\/09\/Elisabeth-TICHY-FISSLBERGER.jpg?w=988&amp;ssl=1 988w\" sizes=\"auto, (max-width: 372px) 100vw, 372px\" \/>A Son Excellence Mme.\u00a0Elisabeth TICHY-FISSLBERGER,<\/strong><\/p>\n<p><strong>Pr\u00e9sidente du Conseil des droits de l\u2019Homme des Nations Unies <\/strong><\/p>\n<p><strong>Objet : Demande d\u2019interpeller les autorit\u00e9s marocaines en faveur de respect des droits des Amazighs et de la lib\u00e9ration des d\u00e9tenus politiques du \u00ab\u00a0Hirak du Rif\u00a0\u00bb.<\/strong><\/p>\n<p>Excellence,<\/p>\n<p>A l\u2019occasion de la 45<sup>\u00e8me<\/sup> Session du Conseil des droits de l\u2019Homme qui se tient actuellement \u00e0 Gen\u00e8ve du 14 septembre jusqu\u2019au 6 octobre, M. Omar Zniber, l\u2019ambassadeur repr\u00e9sentant permanent du Royaume du Maroc aupr\u00e8s de l\u2019Office des Nations Unies \u00e0 Gen\u00e8ve, a d\u00e9clar\u00e9, ce mardi dernier 15 septembre, que le Maroc est attach\u00e9 sans faille \u00e0 l\u2019architecture onusienne des droits de l\u2019Homme et il a soulign\u00e9 qu\u2019il s\u2019est pr\u00e9occup\u00e9 par \u00ab\u00a0<em>la mont\u00e9e du racisme syst\u00e9mique et le discours de la haine raciale, qui continue de s\u2019exprimer et d\u2019\u00eatre assum\u00e9 dans de nombreux pays, en contradiction avec les engagements consign\u00e9s dans la Charte des Nations Unies<\/em>\u00a0\u00bb.<\/p>\n<p>Malheureusement, ce qui appelle notre sp\u00e9ciale attention c\u2019est cette fa\u00e7on de g\u00e9n\u00e9ralisation et d\u2019omettre ouvertement les violations flagrantes des droits humains au Maroc, et plus concr\u00e8tement des droits des citoyen-e-s Amazighs, victimes d\u2019une large discrimination raciale \u00e0 leurs encontre.<\/p>\n<p>En effet, lorsque les Nations Unies \u00e0 travers la Rapporteuse sp\u00e9ciale sur les formes contemporaines de racisme, de discrimination raciale, de x\u00e9nophobie et de l\u2019intol\u00e9rance qui y est associ\u00e9e, Mme. Tendayi Achiume,\u00a0 qui s\u2019est rendue au Maroc du 13 au 21 d\u00e9cembre 2018 et qui a eu le m\u00e9rite d\u2019\u00e9valuer dans son rapport du 28 mai 2019 (1), sur le terrain, la flagrante discrimination raciale \u00e0 l\u2019encontre des Amazighs, ni le pr\u00e9sident du gouvernement, ni aucun de ces ministre n\u2019avaient os\u00e9 r\u00e9pondre aux all\u00e9gations et recommandations onusiennes!<\/p>\n<p>Rappelons bien que la Rapporteuse sp\u00e9ciale avait appel\u00e9, depuis mai de l\u2019ann\u00e9e derni\u00e8re, les autorit\u00e9s marocaines \u00e0 adopter des mesures concr\u00e8tes visant \u00e0 \u00e9liminer et \u00e0 pr\u00e9venir le racisme et la discrimination raciale, comme par exemple:<\/p>\n<p><em>* Adopter un cadre juridique, des dispositions l\u00e9gislatives et des mesures concr\u00e8tes et de politique global de lutte contre la discrimination qui met en application l\u2019int\u00e9gralit\u00e9 des dispositions relatives \u00e0 l\u2019\u00e9galit\u00e9 raciale de la Convention internationale sur l\u2019\u00e9limination de toutes les formes de discrimination raciale, conform\u00e9ment aux recommandations du Comit\u00e9 pour l\u2019\u00e9limination de la discrimination raciale&#8230; <\/em><\/p>\n<p><em>* Envisager l\u2019adoption de mesures sp\u00e9ciales pour garantir aux groupes d\u00e9favoris\u00e9s, dans des conditions d\u2019\u00e9galit\u00e9, la pleine jouissance des droits de l\u2019homme et des libert\u00e9s fondamentales. <\/em><\/p>\n<p><em>* <strong>Intensifier les efforts pour faire en sorte que les Amazighs ne soient pas victimes de discrimination raciale dans l\u2019exercice de leurs droits fondamentaux, notamment en ce qui concerne l\u2019\u00e9ducation, l\u2019acc\u00e8s \u00e0 la justice, l\u2019acc\u00e8s \u00e0 l\u2019emploi et aux services de sant\u00e9, les droits fonciers et les libert\u00e9s d\u2019opinion et d\u2019expression, de r\u00e9union pacifique et d\u2019association.<\/strong> <\/em><\/p>\n<p>Ainsi, le gouvernement actuel, sous la pr\u00e9sidence de Dr. Sa\u00e2d-Eddine El Othmani, n\u2019a pratiquement rien entrepris de mesures ni d\u2019initiatives gouvernementales en faveur d\u2019y rem\u00e9dier \u00e0 cette pr\u00e9occupante attitude discriminatoire de l\u2019Etat marocain \u00e0 l\u2019encontre de ses populations autochtones. Malgr\u00e9 le fait que la constitution consacre d\u00e9sormais dans son article 5 que \u00ab\u00a0<em>l&rsquo;amazighe constitue une langue officielle de l&rsquo;\u00c9tat, en tant que patrimoine commun \u00e0 tous les Marocains sans exception<\/em>\u00a0\u00bb, et l\u2019adoption de la loi organique pour la mise en \u0153uvre du caract\u00e8re officiel de la langue amazighe par les deux chambres du parlement, depuis d\u00e9j\u00e0 une ann\u00e9e enti\u00e8re.<\/p>\n<p>Au contraire, le gouvernement marocain s\u2019est ent\u00eat\u00e9 \u00e0 poursuivre sa politique d\u2019apartheid institutionnalis\u00e9 anti-amazigh, comme en atteste les mesures adopt\u00e9s par certains ministres et dont nous allons vous exposer quelques exemples.<\/p>\n<p>Commen\u00e7ant par le ministre de l\u2019Int\u00e9rieur. M. Abdelouafi Laftit, se r\u00e9jouit d\u2019avoir impos\u00e9 l\u2019adoption de la nouvelle loi sur la carte \u00e9lectronique d\u2019identit\u00e9 nationale, en d\u00e9fiant les appels de la soci\u00e9t\u00e9 civile et des partis politiques, sans int\u00e9grer la langue amazighe ni sa graphie tifinagh, en violant carr\u00e9ment les statuts de la constitution et la loi organique N\u00b026.16. Sachant que cette nouvelle carte nationale \u00e9lectronique d\u2019identit\u00e9 (CIEN) consacre au moins trois types de discrimination: discrimination raciale en continuant dans sa politique de n\u00e9gation de l\u2019officialit\u00e9 de la langue amazighe, discrimination de genre qui promeut une soci\u00e9t\u00e9 patriarcale et polygame, et une discrimination sociale en identifiant plus facilement les personnes \u00e0 faibles ressources (les pauvres)\u00a0! En plus, et n\u2019oubliant pas que c\u2019est le minist\u00e8re de l\u2019Int\u00e9rieur qui \u00e9tait \u00e0 l\u2019origine de la fausse accusation de \u00ab\u00a0s\u00e9paratistes\u00a0\u00bb qu\u2019il a coll\u00e9 aux manifestants pacifistes des \u00e9v\u00e9nements du Mouvement populaire au nord du Maroc (connu sous le nom arabe de \u00ab\u00a0Hirak Rif\u00a0\u00bb et \u00ab\u00a0Amussu n Rif\u00a0\u00bb en amazigh), orientant tout le gouvernement \u00e0 privil\u00e9gier une attitude plus s\u00e9curitaire que politique, condamnant des jeunes qui revendiquent du l\u2019emploi et des infrastructures \u00e0 des peines de prison \u00e0 des dizaines d\u2019ann\u00e9es\u00a0! Des jeunes qui croupissent dans les prisons pour avoir simplement os\u00e9 revendiquer leurs droits \u00e9conomiques et sociaux, tels la construction d\u2019universit\u00e9s et d\u2019h\u00f4pitaux, en l\u2019occurrence d\u2019un h\u00f4pital sp\u00e9cialis\u00e9 en traitements oncologiques.<\/p>\n<p>Toujours, ce m\u00eame ministre, en pr\u00e9textant la lutte contre la propagation de Covid-19, il s\u2019ent\u00eate \u00e0 fermer incessamment les fronti\u00e8res de Melilla et Ceuta en continuant le blocus de milliers de ses compatriotes rifains travailleurs transfrontaliers d\u2019acc\u00e9der \u00e0 leurs postes de travail, depuis plus de six mois, violant ainsi tous les droits des travailleurs transfrontaliers que garantit la Charte onusienne et les textes de l\u2019OIT !<\/p>\n<p>Autres des plus mauvaises et plus graves mesures de ce gouvernement ce sont, sans aucun doute, celles prises par le ministre de l\u2019Education Nationale et actuel porte-parole u gouvernement. M. Said Amzazi a compl\u00e8tement exclus l\u2019int\u00e9gration de la langue amazighe dans l\u2019\u00e9ducation pr\u00e9scolaire et continue \u00e0 bloquer sa g\u00e9n\u00e9ralisation dans le cycle primaire. De ce fait, il continue \u00e0 ignorer volontairement l\u2019importance capitale de la langue maternelle dans l\u2019enseignement primaire et pr\u00e9scolaire. Il ne voudrait pas admettre que l\u2019\u00e9chec perp\u00e9tuel de l\u2019\u00e9cole marocaine est d\u00fb au fait qu\u2019elle n\u2019a jamais respect\u00e9 les recommandations de l\u2019UNESCO, \u00e0 savoir de pr\u00e9coniser l\u2019insertion de la langue maternelle dans l\u2019enseignement primaire d\u00e8s les premi\u00e8res ann\u00e9es. Chose que le c\u00e9l\u00e8bre linguiste fran\u00e7ais Alain Bentolila insiste lorsqu\u2019il d\u00e9clarait que\u00a0: \u00ab\u00a0 <em>les syst\u00e8mes \u00e9ducatifs de certains pays, aussi co\u00fbteux qu\u2019ils soient, sont devenus des machines \u00e0 fabriquer de l\u2019analphab\u00e9tisme et de l\u2019\u00e9chec scolaire parce qu\u2019ils n\u2019ont jamais su (ou voulu) r\u00e9soudre la question qui les d\u00e9truit\u00a0: celle du choix de la langue d\u2019enseignement. Ils conduisent des \u00e9l\u00e8ves \u00e0 des \u00e9checs cruels parce que l\u2019\u00e9cole les a accueillis dans une langue que leurs m\u00e8res ne leur ont pas apprise et c\u2019est pour un enfant une violence intol\u00e9rable. ..\u00a0c\u2019est sur la base solide de leur langue maternelle qu\u2019on leur donnera une chance d\u2019acc\u00e9der \u00e0 la lecture et \u00e0 l\u2019\u00e9criture et que l\u2019on pourra ensuite construire un apprentissage ambitieux des langues officielles.\u00a0\u00bb (2).<\/em><\/p>\n<p>Ni avant la pand\u00e9mie de Covid-19, ni apr\u00e8s, le ministre Amzazi n\u2019a pas dot\u00e9 de postes budg\u00e9taires pour recruter des enseignants en langue amazighe. D\u00e9j\u00e0 le Comit\u00e9 onusien des droits \u00e9conomiques, sociaux et culturels qui avait examin\u00e9 le quatri\u00e8me rapport p\u00e9riodique du Maroc sur l\u2019application du Pacte international relatif aux droits \u00e9conomiques, sociaux et culturels, tenues \u00e0 Gen\u00e8ve les 30 septembre et 1er octobre 2015, <strong>recommandait au Maroc d\u2019adopter la langue Amazigh comme une des langues officielles de l\u2019\u00c9tat et de redoubler ses efforts pour offrir l&rsquo;enseignement primaire, secondaire et universitaire en Amazigh (3)<\/strong>. Selon le rapport d\u2019Achiume, il faudrait au moins 100 000 professeurs pour enseigner l\u2019amazighe aux 5 millions d\u2019\u00e9l\u00e8ves du primaire (et de pr\u00e9scolaire).<\/p>\n<p>Le ministre des affaires \u00e9trang\u00e8res, de la coop\u00e9ration africaine et des marocains r\u00e9sidant \u00e0 l\u2019\u00e9tranger, M. Nasser Bourita, continue, lui aussi, \u00e0 agir comme si la langue amazighe n\u2019est plus officielle et les cadres de son minist\u00e8re ainsi que ceux de l\u2019Education nationale s\u2019obstinent \u00e0 ne pas l\u2019inclure dans les programmes de conventions bilat\u00e9rales avec des pays d\u2019accueil europ\u00e9ens, notamment les accords bilat\u00e9raux concernant les \u00ab\u00a0Enseignements de Langue et de Culture d&rsquo;Origine (<strong>ELCO<\/strong>)\u00a0\u00bb, mis en \u0153uvre sur la base d\u2019une directive europ\u00e9enne du 25 juillet 1977 visant \u00e0 la scolarisation des enfants des travailleurs migrants.<\/p>\n<p>De m\u00eame pour le minist\u00e8re des Affaires Islamiques et des Habous, il se comporte comme si la langue amazighe n\u2019est pas de tout officielle et comme s\u2019il n\u2019existe pas de loi organique adopt\u00e9e par les deux chambres du parlement \u00e0 son sujet.\u00a0 Lui aussi continue \u00e0 utiliser uniquement la langue arabe dans les programmes de l&rsquo;alphab\u00e9tisation des adultes, comme le fait d\u2019ailleurs l\u2019Agence Nationale de Lutte contre l\u2019Analphab\u00e9tisme (ANLCA). Cette derni\u00e8re fait objet de d\u00e9tournement de ses objectifs et de fonds financiers qui lui sont d\u00e9di\u00e9s! Etc.<\/p>\n<p>Ce qui est incroyablement bizarre et compl\u00e8tement incompr\u00e9hensible c\u2019est que le pr\u00e9sident de gouvernement, les ministres de l\u2019Int\u00e9rieur, de l\u2019Education nationale et des Affaires islamiques sont tous des Amazighs et des amazighophones, qui ne respectent pas ni leur langue maternelle qu\u2019est la langue amazighe, ni leur identit\u00e9 autochtone ni leur civilisation africaine\u00a0!!!<\/p>\n<p>En d\u00e9finitive, et pour toutes ces raisons \u00e9voqu\u00e9es ci-dessus, en vous remerciant d\u2019avance de votre diligence \u00e0 interpeller les autorit\u00e9s marocaines,\u00a0 afin de les conseiller de changer de cap et de les rappeler \u00e0 l\u2019ordre afin de se conformer au droit international, au respect scrupuleux des droits humains, et \u00e0 traduire sur le terrain les recommandations de l\u2019ONU et de proc\u00e9der \u00e0 l\u2019arr\u00eat sur le champ de toute politique d\u2019agression, de discrimination et de n\u00e9gation \u00e0 l\u2019encontre des Amazighs, et de proc\u00e9der \u00e0 la lib\u00e9ration de tous les d\u00e9tenus de la contestation sociale du Hirak Rif qui restent dans les ge\u00f4les marocaines.<\/p>\n<p>Veuillez agr\u00e9er, Excellence\u00a0<strong>Madame la Pr\u00e9sidente <\/strong><strong>TICHY-FISSLBERGER<\/strong>, l\u2019assurance de notre consid\u00e9ration forte distingu\u00e9e.<\/p>\n<p style=\"text-align: center;\">Sign\u00e9: Rachid RAHA, &#8211; Pr\u00e9sident de l\u2019Assembl\u00e9e Mondiale Amazighe (AMA)<\/p>\n<p><strong>Notes\u00a0:<\/strong><\/p>\n<p>(1)- <a href=\"https:\/\/undocs.org\/pdf?symbol=fr\/A\/HRC\/41\/54\/Add.1\" target=\"_blank\" rel=\"noopener noreferrer\">https:\/\/undocs.org\/pdf?symbol=fr\/A\/HRC\/41\/54\/Add.1<\/a><\/p>\n<p>(2)- <a href=\"http:\/\/www.leconomiste.com\/article\/1053276-si-l-ecole-ne-parle-pas-la-langue-de-ses-eleves\" target=\"_blank\" rel=\"noopener noreferrer\">www.leconomiste.com\/article\/1053276-si-l-ecole-ne-parle-pas-la-langue-de-ses-eleves<\/a><\/p>\n<p><u>(3)-<\/u> <u><a href=\"http:\/\/apsoinfo.blogspot.com\/2015\/10\/rapport-de-lexamen-periodique-du-maroc.html\" target=\"_blank\" rel=\"noopener noreferrer\">http:\/\/apsoinfo.blogspot.com\/2015\/10\/rapport-de-lexamen-periodique-du-maroc.html<\/a><\/u><\/p>\n","protected":false},"excerpt":{"rendered":"<p>A Son Excellence Mme.\u00a0Elisabeth TICHY-FISSLBERGER, Pr\u00e9sidente du Conseil des droits de l\u2019Homme des Nations Unies Objet : Demande d\u2019interpeller les autorit\u00e9s marocaines en faveur de respect des droits des Amazighs et de la lib\u00e9ration des d\u00e9tenus politiques du \u00ab\u00a0Hirak du Rif\u00a0\u00bb. Excellence, A l\u2019occasion de la 45\u00e8me Session du Conseil des droits de l\u2019Homme qui &hellip;<\/p>\n","protected":false},"author":2,"featured_media":2997,"comment_status":"open","ping_status":"closed","sticky":false,"template":"","format":"standard","meta":{"jetpack_post_was_ever_published":false,"_jetpack_newsletter_access":"","_jetpack_dont_email_post_to_subs":false,"_jetpack_newsletter_tier_id":0,"_jetpack_memberships_contains_paywalled_content":false,"_jetpack_memberships_contains_paid_content":false,"footnotes":"","jetpack_publicize_message":"","jetpack_publicize_feature_enabled":true,"jetpack_social_post_already_shared":false,"jetpack_social_options":{"image_generator_settings":{"template":"highway","default_image_id":0,"font":"","enabled":false},"version":2}},"categories":[18,10],"tags":[],"class_list":["post-2996","post","type-post","status-publish","format-standard","has-post-thumbnail","","category-hors-tamazgha","category-maroc"],"jetpack_publicize_connections":[],"jetpack_featured_media_url":"https:\/\/i0.wp.com\/amadalamazigh.press.ma\/fr\/wp-content\/uploads\/2020\/09\/Elisabeth-TICHY-FISSLBERGER.jpg?fit=988%2C664&ssl=1","jetpack_shortlink":"https:\/\/wp.me\/p9uxE2-Mk","jetpack_sharing_enabled":true,"_links":{"self":[{"href":"https:\/\/amadalamazigh.press.ma\/fr\/wp-json\/wp\/v2\/posts\/2996","targetHints":{"allow":["GET"]}}],"collection":[{"href":"https:\/\/amadalamazigh.press.ma\/fr\/wp-json\/wp\/v2\/posts"}],"about":[{"href":"https:\/\/amadalamazigh.press.ma\/fr\/wp-json\/wp\/v2\/types\/post"}],"author":[{"embeddable":true,"href":"https:\/\/amadalamazigh.press.ma\/fr\/wp-json\/wp\/v2\/users\/2"}],"replies":[{"embeddable":true,"href":"https:\/\/amadalamazigh.press.ma\/fr\/wp-json\/wp\/v2\/comments?post=2996"}],"version-history":[{"count":1,"href":"https:\/\/amadalamazigh.press.ma\/fr\/wp-json\/wp\/v2\/posts\/2996\/revisions"}],"predecessor-version":[{"id":2998,"href":"https:\/\/amadalamazigh.press.ma\/fr\/wp-json\/wp\/v2\/posts\/2996\/revisions\/2998"}],"wp:featuredmedia":[{"embeddable":true,"href":"https:\/\/amadalamazigh.press.ma\/fr\/wp-json\/wp\/v2\/media\/2997"}],"wp:attachment":[{"href":"https:\/\/amadalamazigh.press.ma\/fr\/wp-json\/wp\/v2\/media?parent=2996"}],"wp:term":[{"taxonomy":"category","embeddable":true,"href":"https:\/\/amadalamazigh.press.ma\/fr\/wp-json\/wp\/v2\/categories?post=2996"},{"taxonomy":"post_tag","embeddable":true,"href":"https:\/\/amadalamazigh.press.ma\/fr\/wp-json\/wp\/v2\/tags?post=2996"}],"curies":[{"name":"wp","href":"https:\/\/api.w.org\/{rel}","templated":true}]}}