{"id":3107,"date":"2020-11-10T09:08:54","date_gmt":"2020-11-10T09:08:54","guid":{"rendered":"http:\/\/amadalamazigh.press.ma\/fr\/?p=3107"},"modified":"2020-11-14T14:07:04","modified_gmt":"2020-11-14T14:07:04","slug":"deces-de-madjid-ait-mohamed-militant-du-ffs-de-la-democratie-et-des-droits-de-lhomme","status":"publish","type":"post","link":"https:\/\/amadalamazigh.press.ma\/fr\/deces-de-madjid-ait-mohamed-militant-du-ffs-de-la-democratie-et-des-droits-de-lhomme\/","title":{"rendered":"D\u00e9c\u00e8s de Madjid Ait Mohamed, militant du FFS, de la d\u00e9mocratie et des droits de l&rsquo;homme"},"content":{"rendered":"<figure id=\"attachment_3109\" aria-describedby=\"caption-attachment-3109\" style=\"width: 259px\" class=\"wp-caption alignleft\"><img data-recalc-dims=\"1\" loading=\"lazy\" decoding=\"async\" class=\"wp-image-3109 size-full\" src=\"https:\/\/i0.wp.com\/amadalamazigh.press.ma\/fr\/wp-content\/uploads\/2020\/11\/FB_IMG_1604999074651.jpg?resize=259%2C194\" alt=\"\" width=\"259\" height=\"194\" srcset=\"https:\/\/i0.wp.com\/amadalamazigh.press.ma\/fr\/wp-content\/uploads\/2020\/11\/FB_IMG_1604999074651.jpg?w=259&amp;ssl=1 259w, https:\/\/i0.wp.com\/amadalamazigh.press.ma\/fr\/wp-content\/uploads\/2020\/11\/FB_IMG_1604999074651.jpg?resize=200%2C150&amp;ssl=1 200w\" sizes=\"auto, (max-width: 259px) 100vw, 259px\" \/><figcaption id=\"caption-attachment-3109\" class=\"wp-caption-text\">Par: Mohamed Lahlou<\/figcaption><\/figure>\n<p>Madjid Ait Mohamed nous a quitt\u00e9 ce 6 novembre 2020, emport\u00e9 par l&rsquo;\u00e9pid\u00e9mie de Coronavirus.<\/p>\n<p>Un militant de la premi\u00e8re heure de toutes les causes justes qui ont travers\u00e9 notre pays.<\/p>\n<p>Il \u00e9tait l\u00e0, au d\u00e9but des ann\u00e9es 70, au milieu de ce petit groupe qui, autour de Mouloud Mammeri defendait, comme il pouvait le refus \u00e0 l&rsquo;exclusion et le droit \u00e0 l&rsquo;existence de la langue et de la culture berb\u00e8res.<\/p>\n<p>Il \u00e9tait l\u00e0, au Printemps berb\u00e8re, pour participer \u00e0 la r\u00e9volution culturelle du 20 avril 1980 et s&rsquo;engager dans la cr\u00e9ation du Mouvement Culturel Berb\u00e8re (MCB).<\/p>\n<p>Il \u00e9tait l\u00e0 pour d\u00e9fendre, en 1985, les droits de l&rsquo;Homme et devenir membre fondateur de la Ligue Alg\u00e9rienne de D\u00e9fense des Droits de l&rsquo;Homme (LADDH), aux c\u00f4t\u00e9s de Ma\u00eetre Ali Yahia.<\/p>\n<p>Il \u00e9tait l\u00e0, en Octobre 88, pour sortir avec la jeunesse alg\u00e9rienne r\u00e9volt\u00e9e contre l&rsquo;injustice et le syst\u00e8me du parti unique.<\/p>\n<p>Il \u00e9tait l\u00e0, le 1 mai 1989, \u00e0 la distribution des tracts du FFS encore dans la clandestinit\u00e9, au milieu du d\u00e9fil\u00e9 des Travailleurs. Il \u00e9tait toujours l\u00e0, pour distribuer FFS Information et vendre Libre Alg\u00e9rie dans les rues de Bab El Oued, en d\u00e9cembre 89. Il \u00e9tait aussi l\u00e0 pour parcourir l&rsquo;Alg\u00e9rie et d\u00e9fendre les id\u00e9aux du FFS, jusqu&rsquo;\u00e0 traverser ensemble, de nuit et sous la neige, l&rsquo;Ouarsenis pour \u00eatre \u00e0 Tiaret t\u00f4t le matin, pour une conf\u00e9rence publique. Il \u00e9tait surtout l\u00e0 pour s&rsquo;associer comme membre fondateur de la l\u00e9galisation du FFS, le 26 septembre 1989 et en \u00eatre le militant sinc\u00e8re et convaincu, jusqu&rsquo;\u00e0 son dernier souffle.<\/p>\n<p>Depuis le 22 f\u00e9vrier 2019, il \u00e9tait \u00e0 chaque vendredi du Hirak et parfois m\u00eame \u00e0 chaque mardi. Nous nous y sommes parfois rencontr\u00e9s et il avait toujours la certitude que cette clameur populaire \u00e9tait ce mouvement attendu depuis l&rsquo;ind\u00e9pendance, pour redonner au peuple, sa fiert\u00e9 et ses droits.<\/p>\n<p>Madjid Ait Mohamed, enfant de Ath Ouacif, a toujours \u00e9t\u00e9 l\u00e0, quand il le fallait. Il avait gard\u00e9 intacte cette conviction, depuis plus d&rsquo;un demi-si\u00e8cle.<\/p>\n<p>J&rsquo;ai gard\u00e9 de Madjid Ait Mohamed le souvenir du militant simple et du simple militant qu&rsquo;il \u00e9tait. Il rappelait toutes ces dates, avec un petit sourire de fiert\u00e9. Il me prenait \u00e0 t\u00e9moin que son combat \u00e9tait juste et qu&rsquo;il avait d\u00e9j\u00e0 triomph\u00e9.<\/p>\n<p>Toujours dynamique, \u00e0 presque 80 ans, il \u00e9tait sorti le matin, \u00e0 Soustara, pour acheter son journal, mais le virus ne lui a laiss\u00e9 que deux journ\u00e9es de sursis. Il est parti aussi simplement et discr\u00e8tement qu&rsquo;il a v\u00e9cu.<\/p>\n<p>Madjid, toi le camarade et l&rsquo;ami de longtemps, j&rsquo;ai gard\u00e9 de toi, comme tous nos camarades et amis de longtemps, le souvenir de la simplicit\u00e9 et de la d\u00e9termination.<\/p>\n<p>Tu as m\u00e9rit\u00e9 le titre de \u00ab\u00a0l&rsquo;Ancien\u00a0\u00bb que nous donnions \u00e0 tous ceux qui \u00e9taient au service de la libert\u00e9 et de la democratie, \u00e0 leur t\u00eate Ait Ahmed, l&rsquo;Ancien de tous les Anciens\u00a0\u00bb.<\/p>\n<p>A Dieu, Madjid l&rsquo;Ancien. Adh&rsquo;felek ya3fou Rabbi dh&rsquo;ldjeneth. A tous les tiens, tes nombreux compagnons pr\u00e9sentent, \u00e0 la famille Ait Mohamed de Ouacif, d&rsquo;Alger et de partout, ses condol\u00e9ances les plus attrist\u00e9es.<\/p>\n<p>Repose en Paix, regrett\u00e9 Madjid.<\/p>\n","protected":false},"excerpt":{"rendered":"<p>Madjid Ait Mohamed nous a quitt\u00e9 ce 6 novembre 2020, emport\u00e9 par l&rsquo;\u00e9pid\u00e9mie de Coronavirus. Un militant de la premi\u00e8re heure de toutes les causes justes qui ont travers\u00e9 notre pays. Il \u00e9tait l\u00e0, au d\u00e9but des ann\u00e9es 70, au milieu de ce petit groupe qui, autour de Mouloud Mammeri defendait, comme il pouvait le &hellip;<\/p>\n","protected":false},"author":2,"featured_media":3109,"comment_status":"open","ping_status":"closed","sticky":false,"template":"","format":"standard","meta":{"jetpack_post_was_ever_published":false,"_jetpack_newsletter_access":"","_jetpack_dont_email_post_to_subs":false,"_jetpack_newsletter_tier_id":0,"_jetpack_memberships_contains_paywalled_content":false,"_jetpack_memberships_contains_paid_content":false,"footnotes":"","jetpack_publicize_message":"","jetpack_publicize_feature_enabled":true,"jetpack_social_post_already_shared":false,"jetpack_social_options":{"image_generator_settings":{"template":"highway","default_image_id":0,"font":"","enabled":false},"version":2}},"categories":[8],"tags":[],"class_list":["post-3107","post","type-post","status-publish","format-standard","has-post-thumbnail","","category-algerie"],"jetpack_publicize_connections":[],"jetpack_featured_media_url":"https:\/\/i0.wp.com\/amadalamazigh.press.ma\/fr\/wp-content\/uploads\/2020\/11\/FB_IMG_1604999074651.jpg?fit=259%2C194&ssl=1","jetpack_shortlink":"https:\/\/wp.me\/p9uxE2-O7","jetpack_sharing_enabled":true,"_links":{"self":[{"href":"https:\/\/amadalamazigh.press.ma\/fr\/wp-json\/wp\/v2\/posts\/3107","targetHints":{"allow":["GET"]}}],"collection":[{"href":"https:\/\/amadalamazigh.press.ma\/fr\/wp-json\/wp\/v2\/posts"}],"about":[{"href":"https:\/\/amadalamazigh.press.ma\/fr\/wp-json\/wp\/v2\/types\/post"}],"author":[{"embeddable":true,"href":"https:\/\/amadalamazigh.press.ma\/fr\/wp-json\/wp\/v2\/users\/2"}],"replies":[{"embeddable":true,"href":"https:\/\/amadalamazigh.press.ma\/fr\/wp-json\/wp\/v2\/comments?post=3107"}],"version-history":[{"count":2,"href":"https:\/\/amadalamazigh.press.ma\/fr\/wp-json\/wp\/v2\/posts\/3107\/revisions"}],"predecessor-version":[{"id":3115,"href":"https:\/\/amadalamazigh.press.ma\/fr\/wp-json\/wp\/v2\/posts\/3107\/revisions\/3115"}],"wp:featuredmedia":[{"embeddable":true,"href":"https:\/\/amadalamazigh.press.ma\/fr\/wp-json\/wp\/v2\/media\/3109"}],"wp:attachment":[{"href":"https:\/\/amadalamazigh.press.ma\/fr\/wp-json\/wp\/v2\/media?parent=3107"}],"wp:term":[{"taxonomy":"category","embeddable":true,"href":"https:\/\/amadalamazigh.press.ma\/fr\/wp-json\/wp\/v2\/categories?post=3107"},{"taxonomy":"post_tag","embeddable":true,"href":"https:\/\/amadalamazigh.press.ma\/fr\/wp-json\/wp\/v2\/tags?post=3107"}],"curies":[{"name":"wp","href":"https:\/\/api.w.org\/{rel}","templated":true}]}}