{"id":3182,"date":"2020-11-27T11:21:50","date_gmt":"2020-11-27T11:21:50","guid":{"rendered":"https:\/\/amadalamazigh.press.ma\/fr\/?p=3182"},"modified":"2020-11-27T11:21:50","modified_gmt":"2020-11-27T11:21:50","slug":"algerie-le-parlement-europeen-appelle-a-agir-sur-les-droits-humains-et-exprime-sa-solidarite-avec-les-manifestantes","status":"publish","type":"post","link":"https:\/\/amadalamazigh.press.ma\/fr\/algerie-le-parlement-europeen-appelle-a-agir-sur-les-droits-humains-et-exprime-sa-solidarite-avec-les-manifestantes\/","title":{"rendered":"Alg\u00e9rie: Le Parlement europ\u00e9en appelle \u00e0 agir sur les droits humains et exprime sa solidarit\u00e9 avec les manifestant(e)s"},"content":{"rendered":"<p><img data-recalc-dims=\"1\" loading=\"lazy\" decoding=\"async\" class=\"size-medium wp-image-3183 alignleft\" src=\"https:\/\/i0.wp.com\/amadalamazigh.press.ma\/fr\/wp-content\/uploads\/2020\/11\/Parlement_europeen_Istock_782-ea88ad7928-439x250.jpg?resize=439%2C250&#038;ssl=1\" alt=\"\" width=\"439\" height=\"250\" srcset=\"https:\/\/i0.wp.com\/amadalamazigh.press.ma\/fr\/wp-content\/uploads\/2020\/11\/Parlement_europeen_Istock_782-ea88ad7928.jpg?resize=439%2C250&amp;ssl=1 439w, https:\/\/i0.wp.com\/amadalamazigh.press.ma\/fr\/wp-content\/uploads\/2020\/11\/Parlement_europeen_Istock_782-ea88ad7928.jpg?w=760&amp;ssl=1 760w\" sizes=\"auto, (max-width: 439px) 100vw, 439px\" \/>Alg\u00e9rie : Le Parlement europ\u00e9en appelle \u00e0 agir sur les droits humains et exprime sa solidarit\u00e9 avec les manifestant(e)s<\/p>\n<p style=\"text-align: center;\"><em>La deuxi\u00e8me r\u00e9solution du Parlement europ\u00e9en sur l\u2019Alg\u00e9rie en un an est un signal important qui devrait conduire la communaut\u00e9 internationale \u00e0 une action publique plus forte.<\/em><\/p>\n<p>26 novembre 2020<\/p>\n<p>Le Parlement europ\u00e9en (PE) a adopt\u00e9 jeudi 26 novembre une r\u00e9solution d\u2019urgence sur l\u2019Alg\u00e9rie soulignant \u00ab La d\u00e9t\u00e9rioration de la situation des droits de l\u2019homme en Alg\u00e9rie, en particulier le cas du journaliste Khaled Drareni \u00bb, condamn\u00e9 \u00e0 deux ans de prison le 15 septembre dernier. Ayant \u00e9t\u00e9 propos\u00e9e par six des sept groupes politiques, elle b\u00e9n\u00e9ficie d\u2019un soutien largement partag\u00e9 \u00e0 travers le spectre politique. Pour les organisations de la soci\u00e9t\u00e9 civile nationale et internationale soussign\u00e9es, cette r\u00e9solution est une \u00e9tape opportune et n\u00e9cessaire face \u00e0 l\u2019intensification de la r\u00e9pression contre la soci\u00e9t\u00e9 civile, les militants pacifiques et les journalistes, et les menaces \u00e0 l\u2019encontre de l\u2019ind\u00e9pendance du pouvoir judiciaire.<\/p>\n<p>Apr\u00e8s avoir rappel\u00e9 la r\u00e9solution d&rsquo;urgence du Parlement europ\u00e9en du 28 novembre 2019 sur la situation des libert\u00e9s en Alg\u00e9rie, le texte exprime la solidarit\u00e9 du Parlement avec \u00ab tous les citoyens et citoyennes alg\u00e9riens, quels que soient leur origine g\u00e9ographique ou ethnique et leur statut socio\u00e9conomique, qui manifestent pacifiquement depuis f\u00e9vrier 2019 \u00bb. Le texte souligne \u00ab qu\u2019en 2020, les mouvements de d\u00e9fense des droits des femmes ont multipli\u00e9 les d\u00e9nonciations des actes de violence de plus en plus fr\u00e9quents \u00e0 l\u2019encontre des femmes \u00bb et qu\u2019ils ont appel\u00e9 \u00e0 \u00ab la r\u00e9vision des lois en vigueur, en particulier du code de la famille et de plusieurs articles du code p\u00e9nal, afin de garantir une pleine \u00e9galit\u00e9 entre les femmes et les hommes \u00bb.<\/p>\n<p>Le journaliste Khaled Drareni &#8211; dont le cas est mis en avant par la r\u00e9solution &#8211; est devenu un symbole de la libert\u00e9 de la presse en Alg\u00e9rie. Son harc\u00e8lement par les autorit\u00e9s alg\u00e9riennes et sa condamnation \u00e0 deux ans de prison sont embl\u00e9matiques d&rsquo;une r\u00e9pression accrue de la part des autorit\u00e9s. Condamnant l&rsquo;escalade des arrestations et des d\u00e9tentions arbitraires, le Parlement demande aux autorit\u00e9s de \u00ab remettre imm\u00e9diatement en libert\u00e9, sans conditions, Mohamed Khaled Drareni et tous ceux qui ont \u00e9t\u00e9 d\u00e9tenus et inculp\u00e9s pour avoir exerc\u00e9 leur droit \u00e0 la libert\u00e9 d\u2019expression, que ce soit en ligne ou hors ligne, et \u00e0 la libert\u00e9 de r\u00e9union et d\u2019association, y compris Yacine Mebarki, Abdellah Benaoum, Mohamed Tadjadit, Abeldhamid Amine, Abdelkrim Zeghileche, Walid Kechida, Brahim Laalami, Aissa Chouha, Zoheir Kaddam, Walid Nekkiche, Nourredine Khimoud et Hakim Addad\u00bb. Le Parlement \u00ab appuie la demande de Michelle Bachelet, Haut-Commissaire des Nations unies aux droits de l\u2019homme, en vue de la lib\u00e9ration urgente, compte tenu de la pand\u00e9mie de COVID-19, de tous les prisonniers politiques et de toute personne d\u00e9tenue pour avoir exprim\u00e9 une opinion dissidente \u00bb. Enfin, il \u00ab invite les autorit\u00e9s alg\u00e9riennes \u00e0 d\u00e9verrouiller les m\u00e9dias et \u00e0 mettre fin \u00e0 toute arrestation ou d\u00e9tention de militants politiques, de journalistes, de d\u00e9fenseurs des droits de l\u2019homme ou de personnes qui expriment une opinion dissidente ou critique \u00e0 l\u2019\u00e9gard du gouvernement \u00bb.<\/p>\n<p>Le Parlement europ\u00e9en s&rsquo;adresse \u00e9galement aux institutions de l&rsquo;Union europ\u00e9enne et aux \u00c9tats membres les invitant \u00e0 \u00ab apporter leur soutien aux groupes de la soci\u00e9t\u00e9 civile, aux d\u00e9fenseurs des droits de l\u2019homme, aux journalistes et aux manifestants, y compris en se montrant publiquement plus fermes au sujet du respect des droits de l\u2019homme et de l\u2019\u00e9tat de droit en Alg\u00e9rie, en condamnant, sans ambigu\u00eft\u00e9s et de mani\u00e8re publique, les atteintes aux droits de l\u2019homme, en invitant instamment les autorit\u00e9s \u00e0 remettre en libert\u00e9 les victimes de d\u00e9tentions arbitraires et \u00e0 cesser de recourir de mani\u00e8re excessive \u00e0 la d\u00e9tention provisoire, en demandant \u00e0 avoir acc\u00e8s aux d\u00e9tenus et en observant les proc\u00e8s de militants, de journalistes et de d\u00e9fenseurs des droits de l\u2019homme, ainsi qu\u2019en suivant de pr\u00e8s la situation en mati\u00e8re de droits de l\u2019homme en Alg\u00e9rie \u00bb.<\/p>\n<p>Selon les articles 3.5 et 21.1 du Trait\u00e9 sur l\u2019Union europ\u00e9enne (TUE) ainsi que l\u2019article 2 de l\u2019Accord d\u2019Association entre l\u2019Union europ\u00e9enne (UE) et l\u2019Alg\u00e9rie, l\u2019Union europ\u00e9enne et ses Etats membres doivent placer les droits humains, y compris le respect des conventions internationales sur les droits humains, au centre de leur coop\u00e9ration bilat\u00e9rale comme r\u00e9gionale avec l\u2019Alg\u00e9rie. Cela concerne notamment le Pacte international relatif aux droits civils et politiques, dont les articles 14, 19, 21 et 22 portent sur les questions de droits humains abord\u00e9es dans la r\u00e9solution du Parlement. Ce dernier d\u00e9clare dans sa r\u00e9solution qu&rsquo;il \u00ab attend de l\u2019Union europ\u00e9enne qu\u2019elle place la situation en mati\u00e8re de droits de l\u2019homme au c\u0153ur de son dialogue avec les autorit\u00e9s alg\u00e9riennes, tout particuli\u00e8rement lors de la prochaine session du Conseil d\u2019association UE-Alg\u00e9rie; demande au Service europ\u00e9en pour l\u2019action ext\u00e9rieure (SEAE) d\u2019\u00e9laborer et de dresser une liste de cas particuliers singuli\u00e8rement pr\u00e9occupants, o\u00f9 figurent notamment ceux mentionn\u00e9s dans la pr\u00e9sente r\u00e9solution, et de rendre r\u00e9guli\u00e8rement compte au Parlement des progr\u00e8s accomplis en vue d\u2019y apporter une solution \u00bb.<\/p>\n<p>Par ailleurs, l&rsquo;adoption de cette r\u00e9solution intervient \u00e0 la suite de la r\u00e9cente r\u00e9vision de la constitution alg\u00e9rienne, par un processus domin\u00e9 par l\u2019Ex\u00e9cutif et qui a \u00e9t\u00e9 critiqu\u00e9 pour son manque de transparence et d\u2019inclusivit\u00e9. Ces amendements maintiennent l\u2019emprise pr\u00e9judiciable du pouvoir ex\u00e9cutif sur toutes les institutions y compris le pouvoir judiciaire, ainsi que de dangereuses restrictions aux droits et libert\u00e9s, et emp\u00eachent un r\u00e9el contr\u00f4le ind\u00e9pendant sur les institutions militaires et s\u00e9curitaires. \u00c0 cet \u00e9gard, le Parlement europ\u00e9en \u00ab invite les autorit\u00e9s alg\u00e9riennes \u00e0 garantir \u00e0 la fois une pleine reddition de comptes et un contr\u00f4le d\u00e9mocratique et civil des forces arm\u00e9es, ainsi que la subordination effective de ces derni\u00e8res \u00e0 une autorit\u00e9 civile l\u00e9galement constitu\u00e9e, et \u00e0 faire en sorte que le r\u00f4le de l\u2019arm\u00e9e soit correctement d\u00e9fini dans la Constitution et explicitement limit\u00e9 aux questions touchant \u00e0 la d\u00e9fense nationale \u00bb.<\/p>\n<p>Face \u00e0 cette d\u00e9t\u00e9rioration rapide de l\u2019espace civique et des libert\u00e9s fondamentales, une mobilisation collective et publique de la communaut\u00e9 internationale est n\u00e9cessaire pour prot\u00e9ger les droits et les libert\u00e9s des citoyen(ne)s alg\u00e9rien(ne)s, y compris le droit de participer librement \u00e0 la vie publique de leur pays.<\/p>\n<p><strong>Organisations signataires :<\/strong><\/p>\n<p>1. Institut du Caire pour les \u00e9tudes des droits de l&rsquo;homme (CIHRS)<br \/>\n2. Collectif des familles de disparus en Alg\u00e9rie (CFDA)<br \/>\n3. Riposte Internationale<br \/>\n4. F\u00e9d\u00e9ration internationale des droits de l&rsquo;homme (FIDH)<br \/>\n5. CIVICUS : Alliance mondiale pour la participation citoyenne<br \/>\n6. Reporters Sans Fronti\u00e8res<br \/>\n7. Syndicat National Autonome des Personnels de l&rsquo;Administration Publique (SNAPAP)<br \/>\n8. Conf\u00e9d\u00e9ration g\u00e9n\u00e9rale autonome des travailleurs en Alg\u00e9rie (CGATA)<br \/>\n9. Ligue alg\u00e9rienne pour la d\u00e9fense des droits de l&rsquo;homme (LADDH)<br \/>\n10. Article 19<br \/>\n11. Cartooning for Peace<br \/>\n12. Forum de solidarit\u00e9 euro-m\u00e9diterran\u00e9en (FORSEM)<br \/>\n13. Amnesty International<br \/>\n14. Euromed Droits<br \/>\n15. Action pour le Changement et la D\u00e9mocratie en Alg\u00e9rie (ACDA)<\/p>\n","protected":false},"excerpt":{"rendered":"<p>Alg\u00e9rie : Le Parlement europ\u00e9en appelle \u00e0 agir sur les droits humains et exprime sa solidarit\u00e9 avec les manifestant(e)s La deuxi\u00e8me r\u00e9solution du Parlement europ\u00e9en sur l\u2019Alg\u00e9rie en un an est un signal important qui devrait conduire la communaut\u00e9 internationale \u00e0 une action publique plus forte. 26 novembre 2020 Le Parlement europ\u00e9en (PE) a adopt\u00e9 &hellip;<\/p>\n","protected":false},"author":2,"featured_media":3183,"comment_status":"open","ping_status":"closed","sticky":false,"template":"","format":"standard","meta":{"jetpack_post_was_ever_published":false,"_jetpack_newsletter_access":"","_jetpack_dont_email_post_to_subs":false,"_jetpack_newsletter_tier_id":0,"_jetpack_memberships_contains_paywalled_content":false,"_jetpack_memberships_contains_paid_content":false,"footnotes":"","jetpack_publicize_message":"","jetpack_publicize_feature_enabled":true,"jetpack_social_post_already_shared":false,"jetpack_social_options":{"image_generator_settings":{"template":"highway","default_image_id":0,"font":"","enabled":false},"version":2}},"categories":[8],"tags":[],"class_list":["post-3182","post","type-post","status-publish","format-standard","has-post-thumbnail","","category-algerie"],"jetpack_publicize_connections":[],"jetpack_featured_media_url":"https:\/\/i0.wp.com\/amadalamazigh.press.ma\/fr\/wp-content\/uploads\/2020\/11\/Parlement_europeen_Istock_782-ea88ad7928.jpg?fit=760%2C433&ssl=1","jetpack_shortlink":"https:\/\/wp.me\/p9uxE2-Pk","jetpack_sharing_enabled":true,"_links":{"self":[{"href":"https:\/\/amadalamazigh.press.ma\/fr\/wp-json\/wp\/v2\/posts\/3182","targetHints":{"allow":["GET"]}}],"collection":[{"href":"https:\/\/amadalamazigh.press.ma\/fr\/wp-json\/wp\/v2\/posts"}],"about":[{"href":"https:\/\/amadalamazigh.press.ma\/fr\/wp-json\/wp\/v2\/types\/post"}],"author":[{"embeddable":true,"href":"https:\/\/amadalamazigh.press.ma\/fr\/wp-json\/wp\/v2\/users\/2"}],"replies":[{"embeddable":true,"href":"https:\/\/amadalamazigh.press.ma\/fr\/wp-json\/wp\/v2\/comments?post=3182"}],"version-history":[{"count":1,"href":"https:\/\/amadalamazigh.press.ma\/fr\/wp-json\/wp\/v2\/posts\/3182\/revisions"}],"predecessor-version":[{"id":3184,"href":"https:\/\/amadalamazigh.press.ma\/fr\/wp-json\/wp\/v2\/posts\/3182\/revisions\/3184"}],"wp:featuredmedia":[{"embeddable":true,"href":"https:\/\/amadalamazigh.press.ma\/fr\/wp-json\/wp\/v2\/media\/3183"}],"wp:attachment":[{"href":"https:\/\/amadalamazigh.press.ma\/fr\/wp-json\/wp\/v2\/media?parent=3182"}],"wp:term":[{"taxonomy":"category","embeddable":true,"href":"https:\/\/amadalamazigh.press.ma\/fr\/wp-json\/wp\/v2\/categories?post=3182"},{"taxonomy":"post_tag","embeddable":true,"href":"https:\/\/amadalamazigh.press.ma\/fr\/wp-json\/wp\/v2\/tags?post=3182"}],"curies":[{"name":"wp","href":"https:\/\/api.w.org\/{rel}","templated":true}]}}