{"id":3193,"date":"2020-12-06T15:56:16","date_gmt":"2020-12-06T15:56:16","guid":{"rendered":"https:\/\/amadalamazigh.press.ma\/fr\/?p=3193"},"modified":"2020-12-06T15:56:16","modified_gmt":"2020-12-06T15:56:16","slug":"la-fondation-mohamed-ali-ag-tahar-al-ansari-soutient-lintegrite-territoriale-du-maroc","status":"publish","type":"post","link":"https:\/\/amadalamazigh.press.ma\/fr\/la-fondation-mohamed-ali-ag-tahar-al-ansari-soutient-lintegrite-territoriale-du-maroc\/","title":{"rendered":"La Fondation \u00ab\u00a0Mohamed Ali Ag Tahar Al-Ansari\u00a0\u00bb soutient l\u2019int\u00e9grit\u00e9 territoriale du Maroc"},"content":{"rendered":"<p><img data-recalc-dims=\"1\" loading=\"lazy\" decoding=\"async\" class=\"size-medium wp-image-3194 alignleft\" src=\"https:\/\/i0.wp.com\/amadalamazigh.press.ma\/fr\/wp-content\/uploads\/2020\/12\/WhatsApp-Image-2020-12-04-at-23.25.27-1.jpeg?resize=333%2C250&#038;ssl=1\" alt=\"\" width=\"333\" height=\"250\" srcset=\"https:\/\/i0.wp.com\/amadalamazigh.press.ma\/fr\/wp-content\/uploads\/2020\/12\/WhatsApp-Image-2020-12-04-at-23.25.27-1.jpeg?resize=333%2C250&amp;ssl=1 333w, https:\/\/i0.wp.com\/amadalamazigh.press.ma\/fr\/wp-content\/uploads\/2020\/12\/WhatsApp-Image-2020-12-04-at-23.25.27-1.jpeg?resize=1024%2C768&amp;ssl=1 1024w, https:\/\/i0.wp.com\/amadalamazigh.press.ma\/fr\/wp-content\/uploads\/2020\/12\/WhatsApp-Image-2020-12-04-at-23.25.27-1.jpeg?resize=200%2C150&amp;ssl=1 200w, https:\/\/i0.wp.com\/amadalamazigh.press.ma\/fr\/wp-content\/uploads\/2020\/12\/WhatsApp-Image-2020-12-04-at-23.25.27-1.jpeg?w=1040&amp;ssl=1 1040w\" sizes=\"auto, (max-width: 333px) 100vw, 333px\" \/>La Fondation Mohamed Ali Ag Tahar Al-Ansari a \u00e9t\u00e9 inform\u00e9e des d\u00e9clarations irresponsables faites par le colonel Hussein Mokhtar Gao, commandant de la r\u00e9gion militaire occidentale de l&rsquo;Azawad \u00e0 l\u2019encontre du royaume fr\u00e8re du Maroc et \u00e0 son unit\u00e9 nationale, apr\u00e8s que les Forces arm\u00e9es royales se soient d\u00e9plac\u00e9es pour s\u00e9curiser le passage de la fronti\u00e8re de Guerguerate avec la Mauritanie et avoir r\u00e9ussi \u00e0 d\u00e9gager des groupes arm\u00e9s de Polisario.<\/p>\n<p>La Fondation Mohamed Ag Taher Al-Ansari affirme que les d\u00e9clarations attribu\u00e9es au responsable susmentionn\u00e9 ne repr\u00e9sentent en aucun cas les positions des habitants de la r\u00e9gion de l&rsquo;Azawad et de ses dirigeants, qui ont toujours \u00e9t\u00e9 et ont toujours soutenu le Royaume du Maroc et son unit\u00e9 territoriale, car le royaume a \u00e9t\u00e9 \u00a0toujours aux c\u00f4t\u00e9s du peuple Azawadi et il l&rsquo;a soutenu dans toutes les circonstances qu&rsquo;il a travers\u00e9es.<\/p>\n<p>La Fondation condamne \u00e9galement les moqueries envers les Amazighs de la part de la personne susmentionn\u00e9e, en les qualifiant de \u00ab\u00a0chlouhs\u00a0\u00bb et confirme que le peuple Azawadi, comme tous les peuples d&rsquo;Afrique du Nord, sont des peuples amazighs avec une histoire et une civilisation communes, profond\u00e9ment ancr\u00e9e dans l&rsquo;histoire de la r\u00e9gion.<\/p>\n<p>La Fondation Mohamed Ali Ag Taher Al-Ansari renouvelle son plein soutien au Royaume du Maroc dans ses d\u00e9marches pour assurer la s\u00e9curit\u00e9 et la stabilit\u00e9 de ses fronti\u00e8res au sud du Sahara marocain, ainsi qu\u2019elle renouvelle son soutien \u00e0 l\u2019int\u00e9grit\u00e9 territoriale du Royaume fr\u00e8re du Maroc et r\u00e9pudie toute attaque du Maroc et de son unit\u00e9 nationale.<\/p>\n<p>La Fondation affirme que le Royaume fr\u00e8re du Maroc a soutenu les pr\u00e9occupations du peuple Azwadi, contrairement au reste d\u2019autres pays voisins, et nous n&rsquo;avons vu que du bien et de la bienveillance de leur part, et notre morale exige de rester fid\u00e8le \u00e0 elle et de respecter l&rsquo;alliance et les constantes qui nous unissent avec elle, pas en faisant des d\u00e9clarations t\u00e9m\u00e9raires et irresponsables au service d&rsquo;objectifs ext\u00e9rieurs qui tentent de nuire \u00e0 notre profonde relation historique.<\/p>\n<p>Sign\u00e9e\u00a0: Mme. Belkiss Al-Ansari, pr\u00e9sidente de la Fondation Mohamed Ali Ag Tahar Al-Ansari<\/p>\n<p><strong>Nota<\/strong>\u00a0: en photo, Mme. Belkiss Al-Ansari saluant Sa Majest\u00e9 Le Roi Mohamed VI lors de sa visite \u00e0 Bamako au Mali en 2013<\/p>\n","protected":false},"excerpt":{"rendered":"<p>La Fondation Mohamed Ali Ag Tahar Al-Ansari a \u00e9t\u00e9 inform\u00e9e des d\u00e9clarations irresponsables faites par le colonel Hussein Mokhtar Gao, commandant de la r\u00e9gion militaire occidentale de l&rsquo;Azawad \u00e0 l\u2019encontre du royaume fr\u00e8re du Maroc et \u00e0 son unit\u00e9 nationale, apr\u00e8s que les Forces arm\u00e9es royales se soient d\u00e9plac\u00e9es pour s\u00e9curiser le passage de la &hellip;<\/p>\n","protected":false},"author":2,"featured_media":3194,"comment_status":"open","ping_status":"closed","sticky":false,"template":"","format":"standard","meta":{"jetpack_post_was_ever_published":false,"_jetpack_newsletter_access":"","_jetpack_dont_email_post_to_subs":false,"_jetpack_newsletter_tier_id":0,"_jetpack_memberships_contains_paywalled_content":false,"_jetpack_memberships_contains_paid_content":false,"footnotes":"","jetpack_publicize_message":"","jetpack_publicize_feature_enabled":true,"jetpack_social_post_already_shared":false,"jetpack_social_options":{"image_generator_settings":{"template":"highway","default_image_id":0,"font":"","enabled":false},"version":2}},"categories":[10,11],"tags":[],"class_list":["post-3193","post","type-post","status-publish","format-standard","has-post-thumbnail","","category-maroc","category-touareg"],"jetpack_publicize_connections":[],"jetpack_featured_media_url":"https:\/\/i0.wp.com\/amadalamazigh.press.ma\/fr\/wp-content\/uploads\/2020\/12\/WhatsApp-Image-2020-12-04-at-23.25.27-1.jpeg?fit=1040%2C780&ssl=1","jetpack_shortlink":"https:\/\/wp.me\/p9uxE2-Pv","jetpack_sharing_enabled":true,"_links":{"self":[{"href":"https:\/\/amadalamazigh.press.ma\/fr\/wp-json\/wp\/v2\/posts\/3193","targetHints":{"allow":["GET"]}}],"collection":[{"href":"https:\/\/amadalamazigh.press.ma\/fr\/wp-json\/wp\/v2\/posts"}],"about":[{"href":"https:\/\/amadalamazigh.press.ma\/fr\/wp-json\/wp\/v2\/types\/post"}],"author":[{"embeddable":true,"href":"https:\/\/amadalamazigh.press.ma\/fr\/wp-json\/wp\/v2\/users\/2"}],"replies":[{"embeddable":true,"href":"https:\/\/amadalamazigh.press.ma\/fr\/wp-json\/wp\/v2\/comments?post=3193"}],"version-history":[{"count":1,"href":"https:\/\/amadalamazigh.press.ma\/fr\/wp-json\/wp\/v2\/posts\/3193\/revisions"}],"predecessor-version":[{"id":3195,"href":"https:\/\/amadalamazigh.press.ma\/fr\/wp-json\/wp\/v2\/posts\/3193\/revisions\/3195"}],"wp:featuredmedia":[{"embeddable":true,"href":"https:\/\/amadalamazigh.press.ma\/fr\/wp-json\/wp\/v2\/media\/3194"}],"wp:attachment":[{"href":"https:\/\/amadalamazigh.press.ma\/fr\/wp-json\/wp\/v2\/media?parent=3193"}],"wp:term":[{"taxonomy":"category","embeddable":true,"href":"https:\/\/amadalamazigh.press.ma\/fr\/wp-json\/wp\/v2\/categories?post=3193"},{"taxonomy":"post_tag","embeddable":true,"href":"https:\/\/amadalamazigh.press.ma\/fr\/wp-json\/wp\/v2\/tags?post=3193"}],"curies":[{"name":"wp","href":"https:\/\/api.w.org\/{rel}","templated":true}]}}