{"id":3281,"date":"2021-01-11T18:13:23","date_gmt":"2021-01-11T18:13:23","guid":{"rendered":"https:\/\/amadalamazigh.press.ma\/fr\/?p=3281"},"modified":"2021-01-11T18:13:23","modified_gmt":"2021-01-11T18:13:23","slug":"riposte-internationale-denonce-la-grave-situation-des-droits-de-lhomme-et-des-libertes-en-algerie","status":"publish","type":"post","link":"https:\/\/amadalamazigh.press.ma\/fr\/riposte-internationale-denonce-la-grave-situation-des-droits-de-lhomme-et-des-libertes-en-algerie\/","title":{"rendered":"Riposte Internationale d\u00e9nonce la grave\u00a0situation des droits de l&rsquo;homme et des libert\u00e9s en Alg\u00e9rie"},"content":{"rendered":"<p><img data-recalc-dims=\"1\" loading=\"lazy\" decoding=\"async\" class=\"size-medium wp-image-2911 alignleft\" src=\"https:\/\/i0.wp.com\/amadalamazigh.press.ma\/fr\/wp-content\/uploads\/2020\/08\/riposte-internationale-logo.jpg?resize=354%2C250&#038;ssl=1\" alt=\"\" width=\"354\" height=\"250\" srcset=\"https:\/\/i0.wp.com\/amadalamazigh.press.ma\/fr\/wp-content\/uploads\/2020\/08\/riposte-internationale-logo.jpg?resize=354%2C250&amp;ssl=1 354w, https:\/\/i0.wp.com\/amadalamazigh.press.ma\/fr\/wp-content\/uploads\/2020\/08\/riposte-internationale-logo.jpg?w=842&amp;ssl=1 842w\" sizes=\"auto, (max-width: 354px) 100vw, 354px\" \/>La nouvelle ann\u00e9e 2021 s&rsquo;ouvre en Alg\u00e9rie sur la r\u00e9pression dont le bilan est des plus lourds.<br \/>\nApr\u00e8s un an de mobilisation citoyenne massive et pacifique et un an de crise sanitaire, le r\u00e9gime n\u2019a m\u00e9nag\u00e9 aucun effort, pand\u00e9mie aidant, pour \u00e9touffer la contestation citoyenne par le verrouillage des m\u00e9dias publics et priv\u00e9s y compris la presse \u00e9lectronique, l\u2019instrumentalisation sans pr\u00e9c\u00e9dent de la justice et l\u2019emprisonnement de plus de 90 personnes pour des faits li\u00e9s au Hirak.<\/p>\n<p>Une trentaine de jeunes militants ont fait l\u2019objet r\u00e9cemment d&rsquo;une assignation devant le tribunal de Bejaia, accus\u00e9s \u00ab d\u2019attroupement non arm\u00e9 \u00bb.<\/p>\n<p>Walid Kechida, un jeune dessinateur de Constantine, vient d&rsquo;\u00eatre condamn\u00e9 \u00e0 3 ans de prison ferme.<\/p>\n<p>Des militants en Kabylie sont convoqu\u00e9s devant la justice pour avoir organis\u00e9 en 2016 un rassemblement \u00e0 Bejaia en soutien au regrett\u00e9 d\u00e9tenu politique le m\u00e9decin Kamel Eddine Fekhar, assassin\u00e9 par la suite en prison.<\/p>\n<p>La r\u00e9pression n\u2019\u00e9pargne plus personne y compris des syndicalistes et des journalistes.<\/p>\n<p>A l\u2019int\u00e9rieur des prisons des d\u00e9tenus, pour faire valoir leurs droits et d\u00e9noncer les injustices qu\u2019ils subissent, n\u2019ont d\u2019autres choix que de recourir \u00e0 des gr\u00e8ves de la faim.<br \/>\n\u200e<\/p>\n<p>Fatima Boudouda kidnapp\u00e9e le 7 Janvier 2020, a rejoint deux autres femmes en prison. Les trois militantes (Fatima Ben Douda de Guelma, Namia Abdelkader de Tipaza et Dalila Touat de Mostaganem), arbitrairement arr\u00eat\u00e9es, croupissent actuellement \u00e0 la prison de Kol\u00e9a.<br \/>\nUne \u00e9tudiante a \u00e9t\u00e9 s\u00e9questr\u00e9e et violent\u00e9e au sein m\u00eame du consulat alg\u00e9rien de Cr\u00e9teil 17 d\u00e9cembre 2020 pour avoir sollicit\u00e9 une aide sociale \u00e0 la suite de la d\u00e9gradation de sa situation sociale. L&rsquo;affaire est entre les mains de la justice.<\/p>\n<p>Dans la nouvelle Alg\u00e9rie de Abdelmadjid Tebboune, la police, gendarmerie et la justice sont instrumentalis\u00e9es, comme au temps de Bouteflika pour mater l&rsquo;opposition et r\u00e9primer les citoyens. En contrepartie, des g\u00e9n\u00e9raux arr\u00eat\u00e9s et condamn\u00e9s pour \u00ab complot contre l\u2019\u00c9tat \u00bb sont lib\u00e9r\u00e9s et acquitt\u00e9s par la justice militaire. Or ces officiers sup\u00e9rieurs de l&rsquo;arm\u00e9e sont responsables de la crise politique que vit le pays depuis au moins 30 ans puisqu&rsquo;un g\u00e9n\u00e9ral, poursuivi en Suisse pour crime contre l&rsquo;humanit\u00e9, a \u00e9t\u00e9 ministre de la d\u00e9fense pendant lad \u00e9cennie noire et que l&rsquo;autre \u00e9tait chef des services de renseignements (DRS).<\/p>\n<p>En l&rsquo;absence du pr\u00e9sident d\u00e9sign\u00e9 par le haut commandement de l\u2019arm\u00e9e, la constitution r\u00e9vis\u00e9e est adopt\u00e9e par un simulacre de r\u00e9f\u00e9rendum constitutionnel le 01\/11\/2020. Pendant que la pand\u00e9mie du covid 19 continue \u00e0 faire des ravages dans le pays, les autorit\u00e9s proc\u00e8dent \u00e0 des rafles contre les militants et les acteurs de la soci\u00e9t\u00e9 civile. Au lieu de chercher une sortie de crise et d&rsquo;instaurer un climat d&rsquo;apaisement, le r\u00e9gime, fid\u00e8le \u00e0 ses pratiques dictatoriales, pr\u00e9f\u00e8re le pourrissement ouvrant la voie dangereusement \u00e0 un risque de d\u00e9rive violente de la crise.<\/p>\n<p>Riposte Internationale alerte l&rsquo;opinion internationale de la grave d\u00e9gradation de la situation des droits et libert\u00e9s en Alg\u00e9rie, notamment depuis le r\u00e9f\u00e9rendum constitutionnel du 1er novembre dernier que les Alg\u00e9riens ont boycott\u00e9 massivement. Nous appelons les organismes internationaux \u00e0 faire pression sur les autorit\u00e9s alg\u00e9riennes pour qu\u2019elles lib\u00e8re tous les d\u00e9tenus du hirak et qu\u2019elles mettent en \u0153uvre les conditions d\u2019une transition politique tant r\u00e9clam\u00e9e par les citoyens depuis deux ans.<\/p>\n<p style=\"text-align: center;\">Paris, le 11 janvier 2021<br \/>\nPour le Bureau F\u00e9d\u00e9ral<br \/>\nAli AIT DJOUDI<br \/>\nPr\u00e9sident<\/p>\n","protected":false},"excerpt":{"rendered":"<p>La nouvelle ann\u00e9e 2021 s&rsquo;ouvre en Alg\u00e9rie sur la r\u00e9pression dont le bilan est des plus lourds. Apr\u00e8s un an de mobilisation citoyenne massive et pacifique et un an de crise sanitaire, le r\u00e9gime n\u2019a m\u00e9nag\u00e9 aucun effort, pand\u00e9mie aidant, pour \u00e9touffer la contestation citoyenne par le verrouillage des m\u00e9dias publics et priv\u00e9s y compris &hellip;<\/p>\n","protected":false},"author":2,"featured_media":2911,"comment_status":"open","ping_status":"closed","sticky":false,"template":"","format":"standard","meta":{"jetpack_post_was_ever_published":false,"_jetpack_newsletter_access":"","_jetpack_dont_email_post_to_subs":false,"_jetpack_newsletter_tier_id":0,"_jetpack_memberships_contains_paywalled_content":false,"_jetpack_memberships_contains_paid_content":false,"footnotes":"","jetpack_publicize_message":"","jetpack_publicize_feature_enabled":true,"jetpack_social_post_already_shared":false,"jetpack_social_options":{"image_generator_settings":{"template":"highway","default_image_id":0,"font":"","enabled":false},"version":2}},"categories":[8],"tags":[],"class_list":["post-3281","post","type-post","status-publish","format-standard","has-post-thumbnail","","category-algerie"],"jetpack_publicize_connections":[],"jetpack_featured_media_url":"https:\/\/i0.wp.com\/amadalamazigh.press.ma\/fr\/wp-content\/uploads\/2020\/08\/riposte-internationale-logo.jpg?fit=842%2C595&ssl=1","jetpack_shortlink":"https:\/\/wp.me\/p9uxE2-QV","jetpack_sharing_enabled":true,"_links":{"self":[{"href":"https:\/\/amadalamazigh.press.ma\/fr\/wp-json\/wp\/v2\/posts\/3281","targetHints":{"allow":["GET"]}}],"collection":[{"href":"https:\/\/amadalamazigh.press.ma\/fr\/wp-json\/wp\/v2\/posts"}],"about":[{"href":"https:\/\/amadalamazigh.press.ma\/fr\/wp-json\/wp\/v2\/types\/post"}],"author":[{"embeddable":true,"href":"https:\/\/amadalamazigh.press.ma\/fr\/wp-json\/wp\/v2\/users\/2"}],"replies":[{"embeddable":true,"href":"https:\/\/amadalamazigh.press.ma\/fr\/wp-json\/wp\/v2\/comments?post=3281"}],"version-history":[{"count":1,"href":"https:\/\/amadalamazigh.press.ma\/fr\/wp-json\/wp\/v2\/posts\/3281\/revisions"}],"predecessor-version":[{"id":3282,"href":"https:\/\/amadalamazigh.press.ma\/fr\/wp-json\/wp\/v2\/posts\/3281\/revisions\/3282"}],"wp:featuredmedia":[{"embeddable":true,"href":"https:\/\/amadalamazigh.press.ma\/fr\/wp-json\/wp\/v2\/media\/2911"}],"wp:attachment":[{"href":"https:\/\/amadalamazigh.press.ma\/fr\/wp-json\/wp\/v2\/media?parent=3281"}],"wp:term":[{"taxonomy":"category","embeddable":true,"href":"https:\/\/amadalamazigh.press.ma\/fr\/wp-json\/wp\/v2\/categories?post=3281"},{"taxonomy":"post_tag","embeddable":true,"href":"https:\/\/amadalamazigh.press.ma\/fr\/wp-json\/wp\/v2\/tags?post=3281"}],"curies":[{"name":"wp","href":"https:\/\/api.w.org\/{rel}","templated":true}]}}