{"id":3354,"date":"2021-01-20T16:52:40","date_gmt":"2021-01-20T16:52:40","guid":{"rendered":"https:\/\/amadalamazigh.press.ma\/fr\/?p=3354"},"modified":"2021-01-20T16:52:40","modified_gmt":"2021-01-20T16:52:40","slug":"riposte-internationale-denonce-devant-la-haut-commissaire-aux-droits-humains-la-dictature-algerienne","status":"publish","type":"post","link":"https:\/\/amadalamazigh.press.ma\/fr\/riposte-internationale-denonce-devant-la-haut-commissaire-aux-droits-humains-la-dictature-algerienne\/","title":{"rendered":"Riposte Internationale d\u00e9nonce devant la Haut-Commissaire aux Droits Humains la dictature alg\u00e9rienne"},"content":{"rendered":"<p style=\"font-weight: 400;\"><img data-recalc-dims=\"1\" loading=\"lazy\" decoding=\"async\" class=\"size-medium wp-image-2911 alignleft\" src=\"https:\/\/i0.wp.com\/amadalamazigh.press.ma\/fr\/wp-content\/uploads\/2020\/08\/riposte-internationale-logo.jpg?resize=354%2C250&#038;ssl=1\" alt=\"\" width=\"354\" height=\"250\" srcset=\"https:\/\/i0.wp.com\/amadalamazigh.press.ma\/fr\/wp-content\/uploads\/2020\/08\/riposte-internationale-logo.jpg?resize=354%2C250&amp;ssl=1 354w, https:\/\/i0.wp.com\/amadalamazigh.press.ma\/fr\/wp-content\/uploads\/2020\/08\/riposte-internationale-logo.jpg?w=842&amp;ssl=1 842w\" sizes=\"auto, (max-width: 354px) 100vw, 354px\" \/>A Paris le 20\/01\/2021<\/p>\n<p style=\"font-weight: 400;\"><strong>A son Excellence Madame Michelle BACHELET Haut-Commissaire aux Droits Humains,<\/strong><\/p>\n<p style=\"font-weight: 400;\">Votre Excellence,<\/p>\n<p style=\"font-weight: 400;\">Aujourd&rsquo;hui encore une simple citoyenne Madame Dalila Touati vient d&rsquo;\u00eatre condamn\u00e9e \u00e0 dix-huit mois de prison et une amende de 300.000 DA pour le seul crime d&rsquo;avoir d\u00e9nonc\u00e9 une dictature qui ne cesse d&rsquo;opprimer le peuple alg\u00e9rien. Son nom vient s&rsquo;ajouter \u00e0 une longue liste de condamn\u00e9s pour des motifs aussi saugrenus que futiles et en violation des propres lois nationales et de la constitution. Cette m\u00eame constitution qui vient de faire l&rsquo;objet d&rsquo;une \u00e9ni\u00e8me r\u00e9vision est aussit\u00f4t viol\u00e9e all\u00e8grement par une justice surnomm\u00e9e \u00ab\u00a0justice du t\u00e9l\u00e9phone \u00ab\u00a0puisqu&rsquo;elle instruit \u00e0 partir d&rsquo;officines occultes du pouvoir les magistrats \u00e0 prononcer des peines au gr\u00e9 de leurs humeurs.<\/p>\n<p style=\"font-weight: 400;\">Cela proc\u00e8de tout simplement d&rsquo;une tentative de b\u00e2illonner toute voix qui oserait d\u00e9fier la dictature militaire en place.<\/p>\n<p style=\"font-weight: 400;\">Des dizaines de citoyens en d\u00e9tention provisoire ill\u00e9gale attendent dans les prisons de la junte d&rsquo;\u00eatre jug\u00e9s sans que leurs droits consacr\u00e9s par la constitution ne soient garantis et qui malgr\u00e9 le d\u00e9vouement d&rsquo;avocats engag\u00e9s b\u00e9n\u00e9volement pour leur d\u00e9fense voient l&rsquo;instruction de leur dossier d&rsquo;accusation b\u00e2cl\u00e9e et en violation flagrant des lois en vigueur et aux conventions et trait\u00e9s internationaux que l&rsquo;Alg\u00e9rie a pourtant sign\u00e9s.<\/p>\n<p style=\"font-weight: 400;\">Tout ceci se d\u00e9roule au vu et au su de la communaut\u00e9 internationale et plus particuli\u00e8rement les instances internationales et les Organisations non Gouvernementales attach\u00e9es au respect des droits humains.<\/p>\n<p style=\"font-weight: 400;\">S&rsquo; il est vrai que votre institution s&rsquo;est prononc\u00e9e sur quelques cas d&rsquo;atteintes aux droits humains et a exig\u00e9 des \u00e9claircissements au pouvoir en place, voire a\u00a0 sugg\u00e9r\u00e9 des mesures de compensation qui apparemment sont rest\u00e9es\u00a0 sans lendemain, il n&rsquo;en demeure pas moins que votre propre intervention ainsi que celle de son Excellence le Secr\u00e9taire G\u00e9n\u00e9ral de l&rsquo;ONU serait d&rsquo;un apport pr\u00e9cieux pour rappeler aux autorit\u00e9s alg\u00e9riennes leur responsabilit\u00e9 pleine et enti\u00e8re\u00a0 dans la d\u00e9gradation de la situation s\u00e9curitaire et les glissements vers un autoritarisme ouvertement assum\u00e9.<\/p>\n<p style=\"font-weight: 400;\">C&rsquo;est pourquoi nous en appelons \u00e0 votre sagesse et votre engagement pour les droits humains pour interpeller le pouvoir alg\u00e9rien.<\/p>\n<p style=\"font-weight: 400;\">En effet Votre Excellence que faudrait-il faire pour que l&rsquo;on entende notre peuple qui souffre<\/p>\n<p style=\"font-weight: 400;\">Faudrait-il vous offrir quelques morts de plus pour que vous daigniez jeter un coup d&rsquo;\u0153il sur les \u00e9v\u00e9nements dramatiques qui secouent l&rsquo;Alg\u00e9rie.<\/p>\n<p style=\"font-weight: 400;\">Quel sens a votre mission si des atteintes flagrantes aux droits humains deviennent quotidiennes, si une chape de plomb s&rsquo;abat sur tout un peuple.<\/p>\n<p style=\"font-weight: 400;\">Que faut-il de plus poignant Mme Bachelet, vous qui avez subi les violences du r\u00e9gime Pinochet, et qui a vu r\u00e9cemment votre propre peuple se soulever pour parachever sa volont\u00e9 d&rsquo;\u00e9mancipation.<\/p>\n<p style=\"font-weight: 400;\">Que vous faudrait-il pour que vous daigniez ne serait-ce que vous renseigner sur ce qui secoue notre pays depuis bient\u00f4t 23 longs mois \u00e0 travers des marches ou des dizaines de millions de manifestants ont battu le pav\u00e9 pendant 13 mois sans discontinuer. Ces marches sont suspendues volontairement par les citoyens de fa\u00e7on responsable au vu de la crise sanitaire qui secoue l&rsquo;Alg\u00e9rie tout autant que le monde entier. Ceci et malgr\u00e9 votre appel ainsi que celui de son Excellence le Secr\u00e9taire G\u00e9n\u00e9ral de l&rsquo;ONU \u00e0 observer une pause dans les emprisonnements, n&rsquo;a pas emp\u00each\u00e9 le pouvoir d\u2019accentuer la pression et \u00e0 multiplier les arrestations et ce en d\u00e9pit du risque \u00e9lev\u00e9 de contamination au COVID.<\/p>\n<p style=\"font-weight: 400;\">Que vous faudrait-il Votre Excellence pour r\u00e9agir quand ces m\u00eames dizaines de millions de citoyens s&rsquo;\u00e9poumonent sans cesse en criant \u00ab\u00a0pouvoir civil et non militaire\u00a0\u00bb \u00ab\u00a0lib\u00e9rez les d\u00e9tenus politiques devenus otages d&rsquo;un r\u00e9gime honni\u00a0\u00bb \u00ab\u00a0pouvoir assassin\u00a0\u00bb \u00ab\u00a0Alg\u00e9rie libre et d\u00e9mocratique\u00a0\u00bb.<\/p>\n<p style=\"font-weight: 400;\">Que vous faudrait-il pour \u00e9couter les voix de ces millions d\u2019Alg\u00e9riens qui ne veulent que la libert\u00e9 et la d\u00e9mocratie dont vous-m\u00eame \u00eates une \u00e9g\u00e9rie.<\/p>\n<p style=\"font-weight: 400;\">Que vous faudrait-il pour nous \u00e9couter&#8230;<\/p>\n<p style=\"font-weight: 400;\">Nous sommes d\u00e9sol\u00e9s de vous dire que dans le cas contraire il s&rsquo;agirait d&rsquo;une non-assistance \u00e0 un peuple en danger et qui ne saurait passer cela sous silence.<\/p>\n<p style=\"font-weight: 400;\">Il y a parmi nos membres un haut fonctionnaire des Nations unies en retraite et qui a exerc\u00e9 pendant des dizaines d&rsquo;ann\u00e9es et qui aujourd&rsquo;hui encore continue \u00e0 servir comme expert b\u00e9n\u00e9vole. Il a toujours eu confiance en vos institutions. Ne le d\u00e9cevez pas&#8230;.<\/p>\n<p style=\"font-weight: 400; text-align: center;\">Pour le bureau F\u00e9d\u00e9ral<\/p>\n<p style=\"font-weight: 400; text-align: center;\">Le pr\u00e9sident &#8211; Ali Ait Djoudi<\/p>\n","protected":false},"excerpt":{"rendered":"<p>A Paris le 20\/01\/2021 A son Excellence Madame Michelle BACHELET Haut-Commissaire aux Droits Humains, Votre Excellence, Aujourd&rsquo;hui encore une simple citoyenne Madame Dalila Touati vient d&rsquo;\u00eatre condamn\u00e9e \u00e0 dix-huit mois de prison et une amende de 300.000 DA pour le seul crime d&rsquo;avoir d\u00e9nonc\u00e9 une dictature qui ne cesse d&rsquo;opprimer le peuple alg\u00e9rien. Son nom &hellip;<\/p>\n","protected":false},"author":2,"featured_media":2911,"comment_status":"open","ping_status":"closed","sticky":false,"template":"","format":"standard","meta":{"jetpack_post_was_ever_published":false,"_jetpack_newsletter_access":"","_jetpack_dont_email_post_to_subs":false,"_jetpack_newsletter_tier_id":0,"_jetpack_memberships_contains_paywalled_content":false,"_jetpack_memberships_contains_paid_content":false,"footnotes":"","jetpack_publicize_message":"","jetpack_publicize_feature_enabled":true,"jetpack_social_post_already_shared":true,"jetpack_social_options":{"image_generator_settings":{"template":"highway","default_image_id":0,"font":"","enabled":false},"version":2}},"categories":[8,20],"tags":[],"class_list":["post-3354","post","type-post","status-publish","format-standard","has-post-thumbnail","","category-algerie","category-communiques"],"jetpack_publicize_connections":[],"jetpack_featured_media_url":"https:\/\/i0.wp.com\/amadalamazigh.press.ma\/fr\/wp-content\/uploads\/2020\/08\/riposte-internationale-logo.jpg?fit=842%2C595&ssl=1","jetpack_shortlink":"https:\/\/wp.me\/p9uxE2-S6","jetpack_sharing_enabled":true,"_links":{"self":[{"href":"https:\/\/amadalamazigh.press.ma\/fr\/wp-json\/wp\/v2\/posts\/3354","targetHints":{"allow":["GET"]}}],"collection":[{"href":"https:\/\/amadalamazigh.press.ma\/fr\/wp-json\/wp\/v2\/posts"}],"about":[{"href":"https:\/\/amadalamazigh.press.ma\/fr\/wp-json\/wp\/v2\/types\/post"}],"author":[{"embeddable":true,"href":"https:\/\/amadalamazigh.press.ma\/fr\/wp-json\/wp\/v2\/users\/2"}],"replies":[{"embeddable":true,"href":"https:\/\/amadalamazigh.press.ma\/fr\/wp-json\/wp\/v2\/comments?post=3354"}],"version-history":[{"count":1,"href":"https:\/\/amadalamazigh.press.ma\/fr\/wp-json\/wp\/v2\/posts\/3354\/revisions"}],"predecessor-version":[{"id":3357,"href":"https:\/\/amadalamazigh.press.ma\/fr\/wp-json\/wp\/v2\/posts\/3354\/revisions\/3357"}],"wp:featuredmedia":[{"embeddable":true,"href":"https:\/\/amadalamazigh.press.ma\/fr\/wp-json\/wp\/v2\/media\/2911"}],"wp:attachment":[{"href":"https:\/\/amadalamazigh.press.ma\/fr\/wp-json\/wp\/v2\/media?parent=3354"}],"wp:term":[{"taxonomy":"category","embeddable":true,"href":"https:\/\/amadalamazigh.press.ma\/fr\/wp-json\/wp\/v2\/categories?post=3354"},{"taxonomy":"post_tag","embeddable":true,"href":"https:\/\/amadalamazigh.press.ma\/fr\/wp-json\/wp\/v2\/tags?post=3354"}],"curies":[{"name":"wp","href":"https:\/\/api.w.org\/{rel}","templated":true}]}}