{"id":3435,"date":"2021-02-25T17:42:15","date_gmt":"2021-02-25T17:42:15","guid":{"rendered":"https:\/\/amadalamazigh.press.ma\/fr\/?p=3435"},"modified":"2021-02-26T11:36:33","modified_gmt":"2021-02-26T11:36:33","slug":"les-droits-des-touaregues-et-les-enjeux-securitaires-en-afrique-du-nord-et-au-sahel-seminaire-international-en-teleconference","status":"publish","type":"post","link":"https:\/\/amadalamazigh.press.ma\/fr\/les-droits-des-touaregues-et-les-enjeux-securitaires-en-afrique-du-nord-et-au-sahel-seminaire-international-en-teleconference\/","title":{"rendered":"\u00abLES DROITS DES TOUAREGS ET LES ENJEUX SECURITAIRES EN AFRIQUE DU NORD ET AU SAHEL\u00bb S\u00e9minaire International en t\u00e9l\u00e9conf\u00e9rence"},"content":{"rendered":"<p><span lang=\"FR\"><img data-recalc-dims=\"1\" loading=\"lazy\" decoding=\"async\" class=\"aligncenter wp-image-3455 size-full\" src=\"https:\/\/i0.wp.com\/amadalamazigh.press.ma\/fr\/wp-content\/uploads\/2021\/02\/FB_IMG_1614274837071.jpg?resize=618%2C323&#038;ssl=1\" alt=\"\" width=\"618\" height=\"323\" srcset=\"https:\/\/i0.wp.com\/amadalamazigh.press.ma\/fr\/wp-content\/uploads\/2021\/02\/FB_IMG_1614274837071.jpg?w=1080&amp;ssl=1 1080w, https:\/\/i0.wp.com\/amadalamazigh.press.ma\/fr\/wp-content\/uploads\/2021\/02\/FB_IMG_1614274837071.jpg?resize=450%2C235&amp;ssl=1 450w, https:\/\/i0.wp.com\/amadalamazigh.press.ma\/fr\/wp-content\/uploads\/2021\/02\/FB_IMG_1614274837071.jpg?resize=1024%2C536&amp;ssl=1 1024w\" sizes=\"auto, (max-width: 618px) 100vw, 618px\" \/><\/span><\/p>\n<p style=\"text-align: left;\"><span lang=\"FR\">L\u2019<b>Assembl\u00e9e Mondiale Amazighe<\/b>\u00a0(AMA), la\u00a0<b>Fondation MOHAMED ALI AG TAHER AL ANSAR<\/b>I,\u00a0<b>l\u2019Organisation de la Diaspora Touar\u00e8gue en Europe<\/b>\u00a0(ODTE), en collaboration avec la\u00a0<b>Fondation FRIEDRICH NAUMANN POUR LA LIBERTE<\/b>\u00a0(FFN), organisent un s\u00e9minaire international sur\u00a0:<\/span><\/p>\n<p style=\"text-align: center;\" align=\"center\"><span style=\"color: #0000ff;\"><strong><span lang=\"FR\">\u00ab<\/span><span lang=\"FR\">LES DROITS DES TOUAREGS ET LES ENJEUX SECURITAIRES EN AFRIQUE DU NORD ET AU SAHEL<\/span><span lang=\"FR\">\u00bb\u00a0;<\/span><\/strong><\/span><\/p>\n<p style=\"text-align: left;\" align=\"center\"><b><span lang=\"FR\">Le samedi 27 F\u00e9vrier 2021\/2971<\/span><\/b><\/p>\n<p style=\"text-align: left;\" align=\"center\"><b><span lang=\"FR\">de 18h00 \u00e0 20h00 (heure marocaine et europ\u00e9enne)<\/span><\/b><span lang=\"FR\">.<\/span><\/p>\n<p style=\"text-align: left;\" align=\"center\"><span lang=\"FR\">S\u00e9minaire en t\u00e9l\u00e9conf\u00e9rence suivi en direct sur la page Facebook d\u2019<b>Amadalmazigh<\/b>\u00a0:\u00a0<\/span><\/p>\n<p style=\"text-align: left;\" align=\"center\"><strong><span lang=\"FR\"><a href=\"https:\/\/www.facebook.com\/Amadalpresse\" target=\"_blank\" rel=\"noopener noreferrer\">https:\/\/www.facebook.com\/Amadalpresse<\/a><\/span><\/strong><\/p>\n<p style=\"text-align: left;\" align=\"center\"><span lang=\"FR\">et de la\u00a0<b>Fondation FRIEDRICH NAUMANN POUR LA LIBERTE<\/b>\u00a0(FFN) <\/span><\/p>\n<p style=\"text-align: left;\" align=\"center\"><b><span lang=\"FR\"><a href=\"https:\/\/facebook.com\/ffnmaroc\" target=\"_blank\" rel=\"noopener noreferrer\">https:\/\/facebook.com\/ffnmaroc<\/a><\/span><\/b><\/p>\n<p><b><u><span lang=\"FR\">Introduction et objectifs :<\/span><\/u><\/b><\/p>\n<p><span lang=\"FR\">Les populations touar\u00e8gues, qui se nomment elles-m\u00eames \u00ab\u00a0IMOUHAGH\u00a0\u00bb ou \u00ab\u00a0KEL TAMACHEQ\u00a0\u00bb ou \u00ab\u00a0KEL TAMAJAQ\u00a0\u00bb, sont les populations amazighes autochtones du Grand Sahara, \u00e9parpill\u00e9es et s\u00e9par\u00e9es \u00e0 la suite des fronti\u00e8res artificielles, r\u00e9sultant des d\u00e9coupages territoriaux impos\u00e9s par la colonisation europ\u00e9enne en Afrique, et vivant au sein de plusieurs pays d\u2019Afrique du Nord et du Sahel (Alg\u00e9rie, Libye, Niger, Mali, Burkina Faso, Mauritanie et Maroc) et formant une petite diaspora en Europe et en Arabie Saoudite. Des communaut\u00e9s minoritaires, aux marges des Etats-Nations, o\u00f9 la femme dispose d\u2019une reconnaissance in\u00e9gal\u00e9e. Comme le souligne l\u2019 anthropologue H\u00e9l\u00e8ne Claudot-Hawad\u00a0: \u00ab\u00a0<i>Pour toute d\u00e9cision grave engageant la soci\u00e9t\u00e9, comme par exemple une alliance strat\u00e9gique, une d\u00e9claration de guerre, une proposition de paix, la premi\u00e8re condition \u00e0 obtenir est l\u2019assentiment des femmes<\/i>\u00a0\u00bb.<\/span><\/p>\n<p><span lang=\"FR\">Ce s\u00e9minaire international a pour objectif de mettre l\u2019accent, d\u2019une part, sur les difficult\u00e9s r\u00e9currentes entre les communaut\u00e9s touar\u00e8gues et les Etats-Nations h\u00e9rit\u00e9s de la colonisation franco-hispano-italienne et, d\u2019autre part sur les enjeux et probl\u00e9matiques s\u00e9curitaires qui concernent cette vaste zone d\u2019Afrique du Nord et du Sahel, profond\u00e9ment secou\u00e9e par le terrorisme djihadiste et les mouvements du printemps d\u00e9mocratique des peuples, d\u00e9clench\u00e9s \u00e0 la suite de la r\u00e9volution tunisienne du \u00ab\u00a0Jasmin\u00a0\u00bb.<\/span><\/p>\n<p><span lang=\"FR\">Ce s\u00e9minaire qui compte avec la participation des principales ONG de d\u00e9fense des droits des Touaregs (<b>Organisation TIN HINAN, Survie Touar\u00e8gue TEMOUST, \u00a0Internationale TOUAREGUE, IMOUHAGH International Organisation for the Sale of Justice &amp; Transparency, Organisation de la Diaspora Touar\u00e8gue en Europe et la Fondation MOHAMED ALI AG TAHER AL ANSARI<\/b>) s\u2019organise pr\u00e8s de deux semaines apr\u00e8s la tenue du Sommet officiel du G5-SAHEL des Etats de Sahel,\u00a0du Maroc et de France \u00e0 N\u2019Djamena. <\/span><\/p>\n<p><span lang=\"FR\">A propos de ce sommet, M. Abdoulahi Attayoub affirme que\u00a0: \u00ab\u00a0<i>Il est dor\u00e9navant admis que la stabilisation de la bande sah\u00e9lo-saharienne ne pourra se faire \u00e0 travers des syst\u00e8mes politiques faillis qui ont montr\u00e9 leur incapacit\u00e9 \u00e0 promouvoir le vivre ensemble des diff\u00e9rentes communaut\u00e9s. N\u2019en d\u00e9plaise \u00e0 certains d\u00e9tracteurs missionn\u00e9s par des int\u00e9r\u00eats rarement avou\u00e9s, la stabilit\u00e9 de la bande sah\u00e9lo-saharienne ne se fera pas sans une implication politique et ouvertement assum\u00e9e de toutes les communaut\u00e9s, notamment celles dont les territoires traditionnels, repr\u00e9sentant plus des deux tiers du Mali et du Niger par exemple, constituent les principaux terrains de conflits. Ces territoires sont par ailleurs au centre d\u2019enjeux g\u00e9ostrat\u00e9giques qui d\u00e9terminent les diff\u00e9rents positionnements politiques<\/i>. \u00bb. De m\u00eame, pour la Libye, sa transition d\u00e9mocratique et sa stabilisation sociale ne pourront se faire sans la participation active de ses populations amazighes et touar\u00e8gues et sans la reconnaissance constitutionnelle de leurs droits culturels et linguistiques, ainsi que d\u2019un r\u00e9gime politique f\u00e9d\u00e9raliste.<\/span><\/p>\n<p style=\"text-align: left;\"><span lang=\"FR\">Ainsi, le but de ce s\u00e9minaire international est de mettre en lumi\u00e8re les relations probl\u00e9matiques des Touar\u00e8gues avec les Etats-Nations et de r\u00e9fl\u00e9chir aux solutions opportunes et r\u00e9alistes dans le but de contribuer \u00e0 renforcer les droits de ces communaut\u00e9s nomades autochtones et de contribuer \u00e0 la stabilit\u00e9 et \u00e0 la paix durables et au d\u00e9veloppement socio-\u00e9conomique.<\/span><\/p>\n<p style=\"text-align: left;\" align=\"center\"><span style=\"color: #0000ff;\"><b><u><span lang=\"FR\">PROGRAMME:<\/span><\/u><\/b><\/span><\/p>\n<p><b><u><span lang=\"FR\">Samedi 27 F\u00e9vrier 2021<\/span><\/u><\/b><\/p>\n<p><span lang=\"FR\">16h30\u00a0: Pr\u00e9paration des conf\u00e9renciers<\/span><\/p>\n<p><span lang=\"FR\">17h30\u00a0: Test technique et pr\u00e9paration du live facebook<\/span><\/p>\n<p><b><span lang=\"FR\">18h00 : Ouverture officielle de s\u00e9minaire et allocution de bienvenue :<\/span><\/b><span lang=\"FR\">\u00a0<\/span><\/p>\n<ul>\n<li><span lang=\"FR\">M. Rachid RAHA, pr\u00e9sident de l\u2019Assembl\u00e9e Mondiale Amazighe\/AMA (Mod\u00e9rateur) ;<\/span><\/li>\n<li>Mme. Belkiss A L ANSARI, pr\u00e9sidente de la Fondation Mohamed Ali Ag Ali Taher Al-Ansari ;<\/li>\n<li>M. Abdoulahi ATTAYOUB, pr\u00e9sident de l\u2019Organisation de la Diaspora Touar\u00e8gue en Europe (ODTE) ;<\/li>\n<li>M. Sebastian VAGT, directeur de la Fondation Friedrich Naumann pour la Libert\u00e9 au Maroc (FFN).<\/li>\n<\/ul>\n<p><b><span lang=\"FR\">18h20\u00a0: Intervention des conf\u00e9renciers :<\/span><\/b><\/p>\n<ul>\n<li><span lang=\"FR\">18h20 : Mme. Dr. Mariam Wallet Mohamed<\/span><span lang=\"FR\">\u00a0<\/span><span lang=\"FR\">Aboubakrine<\/span><b><span lang=\"FR\">,\u00a0<\/span><\/b><span lang=\"FR\">Pr\u00e9sidente de l\u2019Association Tinhinan Canada et membre Tinhinane Sahel,\u00a0ancienne Pr\u00e9sidente de l&rsquo;instance Permanente des Nations-unies sur les questions autochtones <\/span><span lang=\"FR\">(Canada) ;<\/span><\/li>\n<li>18h35 : M. Hamma Ag Mahmoud, pr\u00e9c\u00e9dant pr\u00e9sident d\u00e9l\u00e9gu\u00e9 de l\u2019AMA pour les Touaregs : situation des Touaregs au Mali ;<\/li>\n<li>18h50 : M. Abdoulahi Attayoub, pr\u00e9sident de l\u2019ODTE : situation des Touaregs de Niger;<\/li>\n<li>19h05 : M. Akli Sh\u2019kka, de l\u2019International Imouhar : situation des Touaregs en Libye;<\/li>\n<li>19h20 : Dr. Mimoun Charqi, pr\u00e9sident d\u2019honneur de l\u2019AMA : <span lang=\"FR\">l\u2019Azawad entre droit des peuples \u00e0 disposer d\u2019eux-m\u00eames et intangibilit\u00e9 des fronti\u00e8res n\u00e9es de la d\u00e9colonisation.\u00a0<\/span><\/li>\n<\/ul>\n<p><b><span lang=\"FR\">19h35\u00a0: D\u00e9bats et interventions des participant-e-s<\/span><\/b><\/p>\n<p><b><span lang=\"FR\">20h00 : cl\u00f4ture<\/span><\/b><\/p>\n<p><b><u><span lang=\"FR\">Premi\u00e8re liste des participant-e-s:<\/span><\/u><\/b><u><\/u><\/p>\n<ul>\n<li><span lang=\"FR\">Mme. Amina Ibnou-Cheikh, pr\u00e9sidente d\u00e9l\u00e9gu\u00e9e pour le Maroc de l\u2019AMA<\/span><\/li>\n<li>M. Thomas Fortune, pr\u00e9sident de l\u2019International Touar\u00e8gue (France)<\/li>\n<li>Mme. Sarah Fortune, Imouhagh International (France)<\/li>\n<li>M. Ayoub Attaher, Pr\u00e9sident Imouhagh International (France)<\/li>\n<li>M. Mustapha Saadi, membre fondateur du R\u00e9seau Citoyen des Amazighs d\u2019Europe (France)<\/li>\n<li>M. Abderrahman Aissati, pr\u00e9sident de l\u2019Association Adrar des Pays-Bas<\/li>\n<li>M. Moussa Ag Acharatoumane, pr\u00e9sident du Mouvement pour le salut de l\u2019Azawad (Mali)<\/li>\n<li>M. Mohamed Mahmoud Tolba Organisation AMAZIGH et MAUDEGH de Mauritanie<\/li>\n<li>M. Seydou-Kaocen Mayga <span lang=\"FR\">Pr\u00e9sident de l\u2019Amicale Franco-Touaregue.<\/span><span lang=\"FR\">\u00a0<\/span><span lang=\"FR\">(Niger)<\/span><\/li>\n<li>M. Alhousseini Ag Chekhou (Niger)<\/li>\n<li>M. Ghoumour Khabatta, ODTE (Belgique)<\/li>\n<li>M. Abakoula Argalaless, ODTE (Pays-Bas)<\/li>\n<li>Mme. Dr. Mariam Raliou, vice-pr\u00e9sidente de l\u2019ODTE\/TANAT<\/li>\n<li>M. Aboukala Argalaless, vice-pt l\u2019ODTE\/TANAT (Pays-Bas)<\/li>\n<li>M. Dr. Mohamed Aghali-Zakara, pr\u00e9sident d\u2019honneur l\u2019ODTE\/TANAT<\/li>\n<li>M. Alassane Ag Solimane, ODTE\/TANAT<\/li>\n<li>M. Mohamed Abdoulaye, ODTE\/TANAT<\/li>\n<li>M. Ghoumour Khabatta, ODTE\/TANAT (Belgique)<\/li>\n<li>M. Mohamed Ewangaye Didane (Niger)<\/li>\n<li>M. Lahcen Hammou, pr\u00e9sident Tifawin (Belgique)<\/li>\n<li>Mme. Chona del Toro, Association Azar (Iles Canaries)<\/li>\n<li>M. Raul M. Braga Pires (Portugal)<\/li>\n<li>M. Mohamed El Hafi (Allemagne)<\/li>\n<li>M. Dr. Mohamed Chtatou, membre de l\u2019AMA (Maroc)<\/li>\n<li>M. Amezghi Lyazid, membre de l\u2019AMA (Maroc)<\/li>\n<li>Mme. Souad Bouziane, membre de l\u2019AMA (Maroc)<\/li>\n<li>M. Marzouk Chahmi, membre de l\u2019AMA (Maroc)<\/li>\n<li>M. Hamim Adghirni (Maroc)<\/li>\n<\/ul>\n<p style=\"text-align: left;\" align=\"center\"><span lang=\"FR\"><strong>N.B<\/strong> : pour celles et ceux qui veulent assister par visioconf\u00e9rence \u00e0 ce s\u00e9minaire, qu&rsquo;elles\/ils nous fassent la demande \u00e0 ce mail: <\/span><span style=\"color: #0000ff;\"><b>agraw.amadlan@gmail.com <\/b><\/span>afin de leur envoyer par mail les codes de ZOOM.<\/p>\n<p><img data-recalc-dims=\"1\" loading=\"lazy\" decoding=\"async\" class=\"aligncenter wp-image-3437 size-full\" src=\"https:\/\/i0.wp.com\/amadalamazigh.press.ma\/fr\/wp-content\/uploads\/2021\/02\/IMG-20210216-WA0011.jpg?resize=618%2C824&#038;ssl=1\" alt=\"\" width=\"618\" height=\"824\" srcset=\"https:\/\/i0.wp.com\/amadalamazigh.press.ma\/fr\/wp-content\/uploads\/2021\/02\/IMG-20210216-WA0011.jpg?w=750&amp;ssl=1 750w, https:\/\/i0.wp.com\/amadalamazigh.press.ma\/fr\/wp-content\/uploads\/2021\/02\/IMG-20210216-WA0011.jpg?resize=188%2C250&amp;ssl=1 188w\" sizes=\"auto, (max-width: 618px) 100vw, 618px\" \/><\/p>\n","protected":false},"excerpt":{"rendered":"<p>L\u2019Assembl\u00e9e Mondiale Amazighe\u00a0(AMA), la\u00a0Fondation MOHAMED ALI AG TAHER AL ANSARI,\u00a0l\u2019Organisation de la Diaspora Touar\u00e8gue en Europe\u00a0(ODTE), en collaboration avec la\u00a0Fondation FRIEDRICH NAUMANN POUR LA LIBERTE\u00a0(FFN), organisent un s\u00e9minaire international sur\u00a0: \u00abLES DROITS DES TOUAREGS ET LES ENJEUX SECURITAIRES EN AFRIQUE DU NORD ET AU SAHEL\u00bb\u00a0; Le samedi 27 F\u00e9vrier 2021\/2971 de 18h00 \u00e0 20h00 (heure &hellip;<\/p>\n","protected":false},"author":2,"featured_media":3455,"comment_status":"open","ping_status":"closed","sticky":false,"template":"","format":"standard","meta":{"jetpack_post_was_ever_published":false,"_jetpack_newsletter_access":"","_jetpack_dont_email_post_to_subs":false,"_jetpack_newsletter_tier_id":0,"_jetpack_memberships_contains_paywalled_content":false,"_jetpack_memberships_contains_paid_content":false,"footnotes":"","jetpack_publicize_message":"","jetpack_publicize_feature_enabled":true,"jetpack_social_post_already_shared":true,"jetpack_social_options":{"image_generator_settings":{"template":"highway","default_image_id":0,"font":"","enabled":false},"version":2}},"categories":[26,10,11],"tags":[],"class_list":["post-3435","post","type-post","status-publish","format-standard","has-post-thumbnail","","category-agenda","category-maroc","category-touareg"],"jetpack_publicize_connections":[],"jetpack_featured_media_url":"https:\/\/i0.wp.com\/amadalamazigh.press.ma\/fr\/wp-content\/uploads\/2021\/02\/FB_IMG_1614274837071.jpg?fit=1080%2C565&ssl=1","jetpack_shortlink":"https:\/\/wp.me\/p9uxE2-Tp","jetpack_sharing_enabled":true,"_links":{"self":[{"href":"https:\/\/amadalamazigh.press.ma\/fr\/wp-json\/wp\/v2\/posts\/3435","targetHints":{"allow":["GET"]}}],"collection":[{"href":"https:\/\/amadalamazigh.press.ma\/fr\/wp-json\/wp\/v2\/posts"}],"about":[{"href":"https:\/\/amadalamazigh.press.ma\/fr\/wp-json\/wp\/v2\/types\/post"}],"author":[{"embeddable":true,"href":"https:\/\/amadalamazigh.press.ma\/fr\/wp-json\/wp\/v2\/users\/2"}],"replies":[{"embeddable":true,"href":"https:\/\/amadalamazigh.press.ma\/fr\/wp-json\/wp\/v2\/comments?post=3435"}],"version-history":[{"count":5,"href":"https:\/\/amadalamazigh.press.ma\/fr\/wp-json\/wp\/v2\/posts\/3435\/revisions"}],"predecessor-version":[{"id":3459,"href":"https:\/\/amadalamazigh.press.ma\/fr\/wp-json\/wp\/v2\/posts\/3435\/revisions\/3459"}],"wp:featuredmedia":[{"embeddable":true,"href":"https:\/\/amadalamazigh.press.ma\/fr\/wp-json\/wp\/v2\/media\/3455"}],"wp:attachment":[{"href":"https:\/\/amadalamazigh.press.ma\/fr\/wp-json\/wp\/v2\/media?parent=3435"}],"wp:term":[{"taxonomy":"category","embeddable":true,"href":"https:\/\/amadalamazigh.press.ma\/fr\/wp-json\/wp\/v2\/categories?post=3435"},{"taxonomy":"post_tag","embeddable":true,"href":"https:\/\/amadalamazigh.press.ma\/fr\/wp-json\/wp\/v2\/tags?post=3435"}],"curies":[{"name":"wp","href":"https:\/\/api.w.org\/{rel}","templated":true}]}}