{"id":3444,"date":"2021-02-25T08:45:44","date_gmt":"2021-02-25T08:45:44","guid":{"rendered":"https:\/\/amadalamazigh.press.ma\/fr\/?p=3444"},"modified":"2021-02-25T08:45:44","modified_gmt":"2021-02-25T08:45:44","slug":"raha-repond-a-lambassadeur-amrani-le-maroc-shonore-par-un-passe-depassant-largement-les-12-siecles-et-remontant-jusquau-berceau-de-lhumanite","status":"publish","type":"post","link":"https:\/\/amadalamazigh.press.ma\/fr\/raha-repond-a-lambassadeur-amrani-le-maroc-shonore-par-un-passe-depassant-largement-les-12-siecles-et-remontant-jusquau-berceau-de-lhumanite\/","title":{"rendered":"Raha r\u00e9pond \u00e0 l&rsquo;Ambassadeur Amrani: Le Maroc s\u2019honore par un pass\u00e9 d\u00e9passant largement les 12 si\u00e8cles et remontant jusqu\u2019au berceau de l\u2019humanit\u00e9"},"content":{"rendered":"<figure id=\"attachment_3446\" aria-describedby=\"caption-attachment-3446\" style=\"width: 375px\" class=\"wp-caption alignleft\"><img data-recalc-dims=\"1\" loading=\"lazy\" decoding=\"async\" class=\"wp-image-3446 size-medium\" src=\"https:\/\/i0.wp.com\/amadalamazigh.press.ma\/fr\/wp-content\/uploads\/2021\/02\/facebook_1612808467084_6764609004725661399.jpg?resize=375%2C250&#038;ssl=1\" alt=\"\" width=\"375\" height=\"250\" srcset=\"https:\/\/i0.wp.com\/amadalamazigh.press.ma\/fr\/wp-content\/uploads\/2021\/02\/facebook_1612808467084_6764609004725661399.jpg?resize=375%2C250&amp;ssl=1 375w, https:\/\/i0.wp.com\/amadalamazigh.press.ma\/fr\/wp-content\/uploads\/2021\/02\/facebook_1612808467084_6764609004725661399.jpg?resize=1024%2C683&amp;ssl=1 1024w, https:\/\/i0.wp.com\/amadalamazigh.press.ma\/fr\/wp-content\/uploads\/2021\/02\/facebook_1612808467084_6764609004725661399.jpg?w=1080&amp;ssl=1 1080w\" sizes=\"auto, (max-width: 375px) 100vw, 375px\" \/><figcaption id=\"caption-attachment-3446\" class=\"wp-caption-text\"><span style=\"color: #0000ff;\"><strong>Par: Rachid RAHA, pr\u00e9sident de l\u2019Assembl\u00e9e Mondiale Amazighe<\/strong><\/span><\/figcaption><\/figure>\n<p>Dans l\u2019entretien accord\u00e9 par \u00ab LE MATIN \u00bb \u00e0 M. Youssef Amrani, actuel ambassadeur marocain en Afrique du Sud, le 3 f\u00e9vrier dernier, celui-ci affirme que la \u00ab <em>diplomatie marocaine honore pleinement le pass\u00e9 de 12 si\u00e8cles d\u2019histoire<\/em>\u00a0\u00bb.\u00a0 Malheureusement, il s\u2019aligne sur les m\u00eames arguments que la d\u00e9l\u00e9gation marocaine, sous la conduite de g\u00e9n\u00e9ral Houssni Benslimane, avait expos\u00e9 face \u00e0 la d\u00e9l\u00e9gation d\u2019Afrique du sud, conduite par feu Nelson Mandela, pour le Mondial de Foot de 2010 et que la FIFA s\u2019est inclin\u00e9e en faveur de ce dernier pays, \u00e0 l\u2019extr\u00eame sud de notre continent africain\u00a0!<\/p>\n<p>Amrani ajoute qu\u2019: \u00ab\u00a0<em>il y a des perversions de l\u2019histoire qui usurpent les faits pour tromper les jugements. C\u2019est l\u00e0 qu\u2019un effort de p\u00e9dagogie s\u2019impose pour notre diplomatie \u00e0 travers le monde\u00a0<\/em>\u00bb. Effectivement, et c\u2019est dans ce cadre de p\u00e9dagogie historique que j\u2019essaie de lui r\u00e9pondre et de lui affirmer que l\u2019histoire du Maroc s\u2019honore de plus de 12 si\u00e8cle de dynasties musulmanes, en survolant les quatre si\u00e8cles de pr\u00e9sence romano-ph\u00e9nicienne, les royaumes maures et r\u00e9troc\u00e9dant jusqu\u2019\u00e0 la pr\u00e9histoire, en remontant jusqu\u2019\u00e0 \u00ab\u00a0l\u2019Homme d\u2019Adrar ighoud\u00a0\u00bb, qui constitue pour le moment l\u2019a\u00efeul de l\u2019humanit\u00e9, depuis plus de 300 000 ans !<\/p>\n<p>En effet, nous devons \u00eatre merveilleusement fiers de notre histoire plurimill\u00e9naire qui d\u00e9passe m\u00eame les 33 si\u00e8cles qu\u2019avait r\u00e9sum\u00e9 notre \u00e9minent amazighologue Mohamed Chafik et que l\u2019historienne Halima Ghazi-Ben Ma\u00efssa r\u00e9sume bien en ces termes\u00a0: \u00ab\u00a0<em>Tout le monde sait que le pays de Tamazgha (Afrique septentrionale ou Berb\u00e9rie) avait connu une occupation fabuleuse de sa terre depuis l\u2019Australopith\u00e8que jusqu\u2019\u00e0 l\u2019homme historique en passant par l\u2019Homo Erectus, l\u2019Homo sapiens d\u2019Ighoud, l\u2019homo sapiens sapiens (auteur de la culture at\u00e9rienne), le Mechti Afalou (auteur de la culture mouilahienne nomm\u00e9e \u00e0 tort d\u2019Ib\u00e9ro-maurusienne) et le Capsien. Toutes les cultures y sont repr\u00e9sent\u00e9es, avec une grande densit\u00e9 et bizarrement de l\u2019Oc\u00e9an \u00e0 la vall\u00e9e, uniquement, occidentale, du Nil. Influenc\u00e9s par les textes religieux et fascin\u00e9s par les civilisations des oasis fluviales et des points d\u2019eau du Moyen Orient, d\u2019aucuns ont voulu faire de cette partie du monde le berceau de l\u2019humanit\u00e9. Or, l\u2019arch\u00e9ologie d\u00e9montre tout \u00e0 fait le contraire. Compar\u00e9 \u00e0 la richesse de l\u2019Afrique du Nord et du Sahara en sites pr\u00e9historiques, le Moyen Orient, o\u00f9 ne rencontre que de mis\u00e9rables sites dont les plus anciens ne remontent pas plus \u00e0 la fin de Neandertal qui, par ailleurs, a connu une extinction, fait pi\u00e8tre figure<\/em>\u00a0\u00bb (le monde amazigh n\u00b066, septembre 2005).<\/p>\n<p>Votre incompr\u00e9hensible manie de r\u00e9duire l\u2019histoire du Maroc \u00e0 l\u2019\u00e9poque islamique, et plus concr\u00e8tement \u00e0 l\u2019apparition de la dynastie Idrisside, est un reflet de manque totale de respect \u00e0 la m\u00e9moire collective pr\u00e9islamique et o\u00f9 la royaut\u00e9 n\u2019est plus de tout apparue \u00e0 partir de l\u2019exil de Moulay Idriss Premier, un chiite pers\u00e9cut\u00e9 au Moyen Orient, et qui a trouv\u00e9 refuge chez la g\u00e9n\u00e9reuse tribu des Awrabas de Volubilis romaine. Nos politiciens et nos intellectuels, qui s\u2019ent\u00eatent \u00e0 s\u2019enfermer dans une histoire officielle (qui commence \u00e0 peine d\u2019\u00eatre r\u00e9vis\u00e9e au sein des nouveaux manuels scolaires) \u00e0 r\u00e9duire notre pass\u00e9 juste \u00e0 douze si\u00e8cles, \u00e0 la fondation de la dynastie des Idrissides, nous font beaucoup de tort et portent de profonds pr\u00e9judices \u00e0 nos a\u00efeuls! Lisez ce que v\u00e9hicule un de ces pr\u00e9tendants historiens que je ne veux plus nommer : \u00ab\u00a0<em>l\u2019histoire du Maroc d\u00e9buta avec l\u2019islamisation\u2026Le fondateur de la Nation marocaine, \u00a0Idriss I-ier, constitua un Etat ind\u00e9pendant des deux grands p\u00f4les du monde musulman qu\u2019\u00e9taient alors Bagdad et Cordoue\u00a0\u00bb. <\/em>Mais ce qui est un fait historique, c\u2019est qu\u2019Idriss Premier eut un r\u00e8gne \u00e9ph\u00e9m\u00e8re autour de Volubilis, lorsqu\u2019il \u00e9pousa la fille de chef des tribus amazighes Awraba, Kenza. Le r\u00e8gne des Idrissides a connu plut\u00f4t sa splendeur et sa croissance sous le r\u00e8gne d\u2019Idriss II, (\u00e0 l\u2019\u00e9poque des deux autres dynasties musulmanes\u00a0: les Banu Salah au Rif et les Berghouatas \u00e0 Tamesna). N\u2019oublions pas que ce dernier n\u2019avait pris le pouvoir qu\u2019\u00e0 l\u2019\u00e2ge de onze ans. En r\u00e9alit\u00e9, la personne qui d\u00e9tenait vraiment les arcanes du pouvoir \u00e9tait bel et bien sa m\u00e8re, Kenza, et c\u2019est elle, et gr\u00e2ce \u00e0 son intelligence, \u00e0 sa ruse et \u00e0 ses capacit\u00e9s de n\u00e9gociation, elle a r\u00e9ussi v\u00e9ritablement \u00e0 unir les tribus amazighes autour de F\u00e8s. C\u2019\u00e9tait une femme amazighe, qui en se fondant sur la l\u00e9gitimit\u00e9 patriarcale des hommes et en manipulant son fils, qu\u2019elle g\u00e9rait les affaires politiques, administratives et militaires de ce nouvel \u00e9tat musulman. Et lorsque son fils mourut, en 828 ou 829, c\u2019est toujours elle qui a postul\u00e9 le partage du r\u00e8gne entre ses dix petits-fils, et par cons\u00e9quent, elle l\u2019a affaibli par les tiraillements de ces nombreux successeurs, jusqu\u2019au 920 o\u00f9 la capitale de F\u00e8s tomba aux mains des tribus amazighes des Miknasa et K\u00e9tama. En fin de compte, si la dynastie idrisside a eu un r\u00f4le religieux d\u00e9terminant dans la conversion \u00e0 l\u2019Islam de nombreuses tribus amazighes pa\u00efennes ainsi que la diffusion de la tradition ch\u00e9rifienne, cela revient au courage d\u2019une femme amazighe \u00e9rudite\u00a0: Kenza Awrabiya.<\/p>\n<p>Il est de notori\u00e9t\u00e9 que M. Amrani et la majorit\u00e9 de nos politiciens, issus des milieux conservateurs, impr\u00e9gn\u00e9s d\u2019une id\u00e9ologie import\u00e9e et d\u00e9pass\u00e9e de \u00ab\u00a0nationalisme arabe et de salafisme religieux\u00bb, n\u2019est pas encore conscient de la reconnaissance constitutionnelle de l\u2019identit\u00e9 amazighe dans la Constitution du premier juillet 2011\u00a0! Ils ne sont pas au courant que la royaut\u00e9 au Maroc, ne surgit pas qu\u2019avec l\u2019Islam, sinon remonte bien au-del\u00e0, au moins aux royaumes maures o\u00f9 le grand historien espagnol Enrique Gozalbes-Cravioto r\u00e9sume en ces termes, dans son article sur les origines de la monarchie au Maroc antique\u00a0: <em>\u00ab\u00a0 Esta es sin duda la gran novedad del Marruecos antiguo, en el marco paralelo del Norte de Africa en la antig\u00fcedad\u00a0: la existencia tan relativamente antigua de unas grandes monarquias territoriales, y no solo poderes locales con relativa fuerza<\/em>\u00a0\u00bb\u2026 Eh ben oui, l\u2019\u00e9cole marocaine passe sous silence les exploits des rois Baga, Yugurtha, Bochus I, Masinissa, Juba I et Juba II et Ptol\u00e9m\u00e9e&#8230; \u00e0 l\u2019\u00e9poque romaine\u00a0! Ce dernier \u00ab\u00a0aguellid\u00a0\u00bb maure, par exemple, Ptol\u00e9m\u00e9e, ils ignorent qu\u2019il a \u00e9t\u00e9 dramatiquement assassin\u00e9 par l\u2019empereur romain Caligula \u00e0 la ville romaine de Lyon fran\u00e7aise de Logdunum, en l\u2019an 40 ap. J.-C., simplement parce que notre roi marocain \u00e9tait habill\u00e9 \u00e9l\u00e9gamment\u00a0!<\/p>\n<p>Ce que j\u2019aimerais humblement conseiller \u00e0 notre ambassadeur et \u00e0 tous nos diplomates nordafricains, c\u2019est ce que j\u2019avais d\u00e9j\u00e0 \u00e9crit aux ministres des affaires \u00e9trang\u00e8res de nos pays d\u2019Afrique du Nord, en mai 2019\u00a0: \u00ab\u00a0<em>En paraphrasant l\u2019\u00e9crivain Tahar Ben Jelloun, la richesse de Tamazgha ce ne sont ni les hydrocarbures, ni les phosphates, ni le tourisme, ni la p\u00eache, ni l\u2019agriculture, mais son capital humain, ses hommes et ses femmes, mobilis\u00e9s contre la pand\u00e9mie du coronavirus, contre la famine et contre le sous-d\u00e9veloppement. <\/em><\/p>\n<p><em>Aujourd\u2019hui plus que jamais est un moment historique pour nous tous de r\u00e9fl\u00e9chir et agir responsablement et positivement pour les relations Sud-Sud, o\u00f9 tout le monde gagne, pour une politique r\u00e9gionale de d\u00e9veloppement et pour la reconstruction de l\u2019Union des Etats d\u2019Afrique du Nord, sur de nouvelles bases, plus r\u00e9alistes et plus pragmatiques, et qui se substituerait \u00e0 la moribonde et impuissante Union du Maghreb \u00ab\u00a0Arabe\u00a0\u00bb (UMA)\u00a0\u00bb. Cette nouvelle union devrait se baser plus sur une vision africaniste amazighe et moins sur des consid\u00e9rations id\u00e9ologiques arabo-islamistes obsol\u00e8tes que feu l\u2019islamologue Mohamed Arkoun n\u2019arr\u00eatait pas de d\u00e9noncer. Une nouvelle union r\u00e9gionale, \u00e0 l\u2019exemple de l\u2019Union Europ\u00e9enne, qui se base sur l\u2019histoire mill\u00e9naire de ce continent qui puise ses origines dans la civilisation amazighe. Une union qui se reconstruit en accord total avec la d\u00e9claration universelle des droits de l\u2019homme du 10 d\u00e9cembre 1948, et qui respecterait la d\u00e9claration des Nations Unies des droits des peuples autochtones du 13 septembre 2007. Une union qui \u00e9rigerait comme priorit\u00e9s les droits des femmes, la lutte contre toute forme de discrimination \u00e0 leur encontre, le respect de la diversit\u00e9 ethnico-linguistique, la pluralit\u00e9 des croyances religieuses et le multipartisme. En d\u00e9finitive, une union qui se basait sur des valeurs et les principes d\u00e9mocratiques. Si les europ\u00e9ens se vantent de l\u2019origine de la d\u00e9mocratie qui remonterait \u00e0 la cr\u00e9ation de la ville grecque d\u2019Ath\u00e8nes, vers 800 ans avant. J-C., nous, en tant qu\u2019Africains, nous devons \u00eatre aussi fiers de nos a\u00efeuls qui ont eu le privil\u00e8ge d\u2019\u00eatre les pionniers dans l\u2019invention de la \u00ab\u00a0d\u00e9mocratie\u00a0\u00bb dans la cit\u00e9 de Carthage, sous la reine Elisa Didon en 814 avant J-C.<\/em>\u00a0\u00bb (<a href=\"https:\/\/amadalamazigh.press.ma\/fr\/raha-demande-la-reconstruction-de-lunion-dafrique-du-nord-et-le-denouement-du-drame-libyen\/\" target=\"_blank\" rel=\"noopener\">https:\/\/amadalamazigh.press.ma\/fr\/raha-demande-la-reconstruction-de-lunion-dafrique-du-nord-et-le-denouement-du-drame-libyen\/<\/a> ).<\/p>\n<p>Ainsi, pour convaincre les autorit\u00e9s sudafricaines, et par extension les autorit\u00e9s des autres pays africains (et inclus celles de l\u2019Am\u00e9rique latine), de l\u2019int\u00e9grit\u00e9 territoriale du Maroc sur son Sahara (largement amput\u00e9 par la France coloniale au b\u00e9n\u00e9fice de l\u2019Alg\u00e9rie), il n\u2019y a pas de plus opportun que d\u2019\u00e9riger le discours renouvel\u00e9 du panafricanisme, comme l\u2019affirme lui-m\u00eame Monsieur Amrani en ces termes\u00a0: <em>\u00ab\u00a0<\/em><em>Le projet africain a toujours \u00e9t\u00e9 port\u00e9, ch\u00e9ri et honor\u00e9 au plus haut niveau par Feu Mohammed V, Feu Hassan II et Sa Majest\u00e9 le Roi Mohammed VI. Nous c\u00e9l\u00e9brons aujourd\u2019hui le 60e anniversaire de la conf\u00e9rence de Casablanca. 60 ann\u00e9es durant lesquelles le Maroc n\u2019a jamais failli \u00e0 faire de son continent d\u2019appartenance une priorit\u00e9, un engagement et une ambition. Sous le leadership de Sa Majest\u00e9 le Roi Mohammed VI, c\u2019est d\u2019abord et avant tout des engagements sans faille et des solidarit\u00e9s sans \u00e9gales qui pr\u00e9figurent la politique africaine du Royaume. Le Maroc honore son identit\u00e9 et assume ses devoirs en apportant sa contribution forte et largement appr\u00e9ci\u00e9e \u00e0 l\u2019\u00e9difice d\u2019une prosp\u00e9rit\u00e9 continentale partag\u00e9e qui ne peut \u00eatre con\u00e7ue en dehors du d\u00e9veloppement, de la paix et de la s\u00e9curit\u00e9.\u00a0Pleinement conscient de l\u2019urgence des enjeux d\u2019aujourd\u2019hui comme ceux de demain, le Maroc n\u2019\u00e9conomise aucun effort pour participer \u00e0 \u00abune synergie africaine\u00bb qui pousse inlassablement vers le progr\u00e8s dans le cadre d\u2019une coop\u00e9ration Sud-Sud voulue et fa\u00e7onn\u00e9e par un panafricanisme \u00e0 l\u2019\u00e9lan renouvel\u00e9.<\/em>\u00a0\u00bb.<\/p>\n<p>En effet, si nous voulons vraiment contrecarrer les arguments des g\u00e9n\u00e9raux alg\u00e9riens, qui maintiennent des liens remarquables avec l\u2019Afrique du Sud (et d\u2019autres pays), et qui l\u2019embarque erron\u00e9ment dans leur obsession destructrice de p\u00e9renniser la guerre militaire et \u00e9conomique au royaume Maroc, en vilipendant l\u2019argent des ressources naturelles du peuple alg\u00e9rien, , il faut ressortir les fondements de l\u2019africanit\u00e9 ou n\u00e9gritude que d\u00e9fendait Aim\u00e9 C\u00e9saire et L\u00e9opold S\u00e9dar Senghor et les fondements de la berb\u00e9ritude que d\u00e9fendait notre grand d\u00e9fenseur de l\u2019amazighit\u00e9 Mouloud Mammeri en Afrique septentrionale !<\/p>\n<p>Et l\u2019un des meilleurs arguments et fondements sont d\u2019ordre arch\u00e9ologiques et historiques, surtout que l\u2019Afrique du Sud privil\u00e9gie \u00e9norm\u00e9ment les recherches dans ce domaine.<\/p>\n<p>De ce fait, il faut convaincre les Sud-africains que leurs populations autochtones, comme les Nord-africains (dont les populations sahariennes, alg\u00e9riennes et marocaines), descendent tous de l\u2019Australopith\u00e8que et de l\u2019Homme d\u2019Ighoud, et que notre continent constitue le berceau de l\u2019humanit\u00e9 ! Dans ce sens, c\u2019est inconcevable de permettre l\u2019existence d\u2019une fictive entit\u00e9 r\u00e9publicaine \u00ab\u00a0Arabe\u00a0\u00bb en terre autochtone amazighe et africaine\u00a0! Reconna\u00eetre une soi-disant r\u00e9publique sahraoui \u00ab\u00a0Arabe\u00a0\u00bb en Terre de Massinissa, c\u2019est comme si on reconna\u00eet une r\u00e9publique des \u00ab\u00a0afrikaners allemands et hollandais\u00bb en terre d\u2019Afrique australe (ou une \u00ab\u00a0r\u00e9publique espagnole\u00a0\u00bb en Bolivie ou au Venezuela), tout en sachant parfaitement que \u00ab\u00a0l\u2019arabit\u00e9\u00a0\u00bb\u00a0est intimement li\u00e9e au continent asiatique\u00a0!<\/p>\n<p>Si l\u2019Alg\u00e9rie s\u2019enlise dans le statu quo en continuant \u00e0 armer le Polisario et en rejetant tout plan d\u2019autonomie politique, comme celui que le Maroc avait soumis \u00e0 l\u2019ONU en avril 2007, (un statut r\u00e9aliste et plus b\u00e9n\u00e9fique que l\u2019ind\u00e9pendance comme le souligne notre juriste Dr. Mimoun Charqi\u00a0: <a href=\"https:\/\/charqi.blog4ever.com\/articles\/9-sahara-occidental-marocain\" target=\"_blank\" rel=\"noopener\">https:\/\/charqi.blog4ever.com\/articles\/9-sahara-occidental-marocain<\/a> ) en continuant \u00e0 brandir inlassablement l\u2019argument d\u00e9plac\u00e9 de l\u2019autod\u00e9termination des peuples, il faut ressortir l\u2019argument de l\u2019africanit\u00e9 et la gen\u00e8se des premiers mouvements de lib\u00e9ration contre les puissances coloniales europ\u00e9ennes, qui ont divis\u00e9 avec des r\u00e8gles et des armes notre ch\u00e8re continent, qui porte toujours un ethnonyme amazighe qu\u2019est l\u2019Afrique!<\/p>\n<p>Si les g\u00e9n\u00e9raux alg\u00e9riens, qui ont confisqu\u00e9 ill\u00e9galement et ill\u00e9gitimement le pouvoir en Alg\u00e9rie, continuent maladivement \u00e0 bloquer l\u2019\u00e9mergence et la reconstruction de l\u2019Union de l\u2019Afrique du Nord, sur de nouvelles bases, armons-nous de courage pour mettre en relief la figure embl\u00e9matique et exemplaire des premiers mouvements de lib\u00e9ration en Afrique et dans le monde. Une figure par excellence marocaine, nous pensons bien s\u00fbr \u00e0 notre grand h\u00e9ros Mohamed Abdelkrim El Khattabi, qui a \u00e9cras\u00e9 depuis exactement une centaine d\u2019ann\u00e9e la grande arm\u00e9e coloniale espagnole \u00e0 la bataille d\u2019Anoual et dont sa singuli\u00e8re r\u00e9volution avait s\u00e9duit Ho Chi Minh, Mao Ts\u00e9 Toung, Che Guevara et les r\u00e9volutionnaires alg\u00e9riens (<a href=\"http:\/\/amadalpresse.com\/RAHA\/Abdelkarim.html\" target=\"_blank\" rel=\"noopener\">http:\/\/amadalpresse.com\/RAHA\/Abdelkarim.html<\/a>). Osons-nous de le r\u00e9p\u00e9ter \u00e0 nos fr\u00e8res sud-africains que le propre FLN alg\u00e9rien avait, bel et bien, trouv\u00e9 refuge et soutien militaro-financier au royaume du Maroc, et plus particuli\u00e8rement dans notre province de Nador, de la part de nos citoyens et plus particuli\u00e8rement de la part de l\u2019un de mes proches, Mohamed Khader El Hamouti (<a href=\"https:\/\/www.amadalamazigh.press.ma\/archivesPDF\/100.pdf\" target=\"_blank\" rel=\"noopener\">www.amadalamazigh.press.ma\/archivesPDF\/100.pdf<\/a> et <a href=\"http:\/\/www.yabiladi.com\/investir\/details\/102764\/mohamed-khadir-marocain-fournissait-armes.html\" target=\"_blank\" rel=\"noopener\">www.yabiladi.com\/investir\/details\/102764\/mohamed-khadir-marocain-fournissait-armes.html<\/a> ).<\/p>\n<p>Rappelons-les que le pr\u00e9sident Nelson Mandela, notre c\u00e9l\u00e8bre h\u00e9ros mondial anti-apartheid, t\u00e9moignait et confessait qu\u2019il avait re\u00e7u de l\u2019aide financi\u00e8re cons\u00e9quente de la part de roi du Maroc et que, lui-m\u00eame, s\u2019est entrain\u00e9 au maniement des armes \u00e0 Segangan dans notre province de Nador. En plus, il a le m\u00e9rite de le reconna\u00eetre et de rendre un vibrant hommage au Maroc et au Dr. Abdelkrim el Khatib de son vivant, et \u00e9coutons-le attentivement ce qu\u2019il disait\u00a0: <a href=\"http:\/\/www.youtube.com\/watch?v=iSsw75dgwUc\" target=\"_blank\" rel=\"noopener\">www.youtube.com\/watch?v=iSsw75dgwUc<\/a><\/p>\n<p>En conclusion, je termine par cette \u00e9ternelle et fameuse d\u00e9claration du roi amazighe Massinissa\u00a0: \u00ab\u00a0<em>l\u2019Afrique aux africains<\/em> \u00bb !<\/p>\n<p><img data-recalc-dims=\"1\" loading=\"lazy\" decoding=\"async\" class=\"aligncenter wp-image-3447 size-full\" src=\"https:\/\/i0.wp.com\/amadalamazigh.press.ma\/fr\/wp-content\/uploads\/2021\/02\/IMG-20210208-WA0003.jpg?resize=600%2C336&#038;ssl=1\" alt=\"\" width=\"600\" height=\"336\" srcset=\"https:\/\/i0.wp.com\/amadalamazigh.press.ma\/fr\/wp-content\/uploads\/2021\/02\/IMG-20210208-WA0003.jpg?w=600&amp;ssl=1 600w, https:\/\/i0.wp.com\/amadalamazigh.press.ma\/fr\/wp-content\/uploads\/2021\/02\/IMG-20210208-WA0003.jpg?resize=446%2C250&amp;ssl=1 446w\" sizes=\"auto, (max-width: 600px) 100vw, 600px\" \/><\/p>\n<p><strong>Nota: en photo feu Sa Majest\u00e9 Mohamed V avec feu Med Abdelkrim El Khattabi au Caire<\/strong><\/p>\n","protected":false},"excerpt":{"rendered":"<p>Dans l\u2019entretien accord\u00e9 par \u00ab LE MATIN \u00bb \u00e0 M. Youssef Amrani, actuel ambassadeur marocain en Afrique du Sud, le 3 f\u00e9vrier dernier, celui-ci affirme que la \u00ab diplomatie marocaine honore pleinement le pass\u00e9 de 12 si\u00e8cles d\u2019histoire\u00a0\u00bb.\u00a0 Malheureusement, il s\u2019aligne sur les m\u00eames arguments que la d\u00e9l\u00e9gation marocaine, sous la conduite de g\u00e9n\u00e9ral Houssni &hellip;<\/p>\n","protected":false},"author":2,"featured_media":3446,"comment_status":"open","ping_status":"closed","sticky":false,"template":"","format":"standard","meta":{"jetpack_post_was_ever_published":false,"_jetpack_newsletter_access":"","_jetpack_dont_email_post_to_subs":false,"_jetpack_newsletter_tier_id":0,"_jetpack_memberships_contains_paywalled_content":false,"_jetpack_memberships_contains_paid_content":false,"footnotes":"","jetpack_publicize_message":"","jetpack_publicize_feature_enabled":true,"jetpack_social_post_already_shared":true,"jetpack_social_options":{"image_generator_settings":{"template":"highway","default_image_id":0,"font":"","enabled":false},"version":2}},"categories":[10,13],"tags":[],"class_list":["post-3444","post","type-post","status-publish","format-standard","has-post-thumbnail","","category-maroc","category-opinions"],"jetpack_publicize_connections":[],"jetpack_featured_media_url":"https:\/\/i0.wp.com\/amadalamazigh.press.ma\/fr\/wp-content\/uploads\/2021\/02\/facebook_1612808467084_6764609004725661399.jpg?fit=1080%2C720&ssl=1","jetpack_shortlink":"https:\/\/wp.me\/p9uxE2-Ty","jetpack_sharing_enabled":true,"_links":{"self":[{"href":"https:\/\/amadalamazigh.press.ma\/fr\/wp-json\/wp\/v2\/posts\/3444","targetHints":{"allow":["GET"]}}],"collection":[{"href":"https:\/\/amadalamazigh.press.ma\/fr\/wp-json\/wp\/v2\/posts"}],"about":[{"href":"https:\/\/amadalamazigh.press.ma\/fr\/wp-json\/wp\/v2\/types\/post"}],"author":[{"embeddable":true,"href":"https:\/\/amadalamazigh.press.ma\/fr\/wp-json\/wp\/v2\/users\/2"}],"replies":[{"embeddable":true,"href":"https:\/\/amadalamazigh.press.ma\/fr\/wp-json\/wp\/v2\/comments?post=3444"}],"version-history":[{"count":2,"href":"https:\/\/amadalamazigh.press.ma\/fr\/wp-json\/wp\/v2\/posts\/3444\/revisions"}],"predecessor-version":[{"id":3448,"href":"https:\/\/amadalamazigh.press.ma\/fr\/wp-json\/wp\/v2\/posts\/3444\/revisions\/3448"}],"wp:featuredmedia":[{"embeddable":true,"href":"https:\/\/amadalamazigh.press.ma\/fr\/wp-json\/wp\/v2\/media\/3446"}],"wp:attachment":[{"href":"https:\/\/amadalamazigh.press.ma\/fr\/wp-json\/wp\/v2\/media?parent=3444"}],"wp:term":[{"taxonomy":"category","embeddable":true,"href":"https:\/\/amadalamazigh.press.ma\/fr\/wp-json\/wp\/v2\/categories?post=3444"},{"taxonomy":"post_tag","embeddable":true,"href":"https:\/\/amadalamazigh.press.ma\/fr\/wp-json\/wp\/v2\/tags?post=3444"}],"curies":[{"name":"wp","href":"https:\/\/api.w.org\/{rel}","templated":true}]}}