{"id":3627,"date":"2021-04-24T15:49:18","date_gmt":"2021-04-24T14:49:18","guid":{"rendered":"https:\/\/amadalamazigh.press.ma\/fr\/?p=3627"},"modified":"2021-04-27T01:23:29","modified_gmt":"2021-04-27T00:23:29","slug":"conferences-c-b-f-memoire-et-histoire-amazighes-du-printemps-berbere-1980-au-printemps-noir-2001","status":"publish","type":"post","link":"https:\/\/amadalamazigh.press.ma\/fr\/conferences-c-b-f-memoire-et-histoire-amazighes-du-printemps-berbere-1980-au-printemps-noir-2001\/","title":{"rendered":"Conf\u00e9rences C.B.F: M\u00e9moire et Histoire Amazighes, du Printemps berb\u00e8re (1980) au Printemps noir (2001)"},"content":{"rendered":"<p style=\"text-align: center;\"><strong><span class=\"JsGRdQ\"><img data-recalc-dims=\"1\" loading=\"lazy\" decoding=\"async\" class=\"size-medium wp-image-3628 alignleft\" src=\"https:\/\/i0.wp.com\/amadalamazigh.press.ma\/fr\/wp-content\/uploads\/2021\/04\/Abdennour-Abdesslam-Du-printemps-berbe%CC%80re-au-printemps-Noir-25_04-18H00-768x768-1.png?resize=250%2C250&#038;ssl=1\" alt=\"\" width=\"250\" height=\"250\" srcset=\"https:\/\/i0.wp.com\/amadalamazigh.press.ma\/fr\/wp-content\/uploads\/2021\/04\/Abdennour-Abdesslam-Du-printemps-berbe%CC%80re-au-printemps-Noir-25_04-18H00-768x768-1.png?resize=250%2C250&amp;ssl=1 250w, https:\/\/i0.wp.com\/amadalamazigh.press.ma\/fr\/wp-content\/uploads\/2021\/04\/Abdennour-Abdesslam-Du-printemps-berbe%CC%80re-au-printemps-Noir-25_04-18H00-768x768-1.png?w=768&amp;ssl=1 768w\" sizes=\"auto, (max-width: 250px) 100vw, 250px\" \/><\/span><\/strong><\/p>\n<p style=\"text-align: center;\"><strong><span class=\"JsGRdQ\">M\u00e9moire et Histoire amazighes :<\/span><\/strong><\/p>\n<p style=\"text-align: center;\"><strong><span class=\"JsGRdQ\">Du Printemps berb\u00e8re (1980) au Printemps noir (2001) : r\u00e9pressions et discriminations, r\u00e9sistances et luttes, mobilisations et esp\u00e9rance.\u00a0<\/span><\/strong><\/p>\n<p>DIMANCHE 25 AVRIL \u00e0 18H00 (heure fran\u00e7aise) en pr\u00e9sence d\u2019Abdennour Abdesslam, journaliste, \u00e9crivain et militant de la cause Amazighe.<\/p>\n","protected":false},"excerpt":{"rendered":"<p>M\u00e9moire et Histoire amazighes : Du Printemps berb\u00e8re (1980) au Printemps noir (2001) : r\u00e9pressions et discriminations, r\u00e9sistances et luttes, mobilisations et esp\u00e9rance.\u00a0 DIMANCHE 25 AVRIL \u00e0 18H00 (heure fran\u00e7aise) en pr\u00e9sence d\u2019Abdennour Abdesslam, journaliste, \u00e9crivain et militant de la cause Amazighe.<\/p>\n","protected":false},"author":2,"featured_media":3628,"comment_status":"open","ping_status":"closed","sticky":false,"template":"","format":"standard","meta":{"jetpack_post_was_ever_published":false,"_jetpack_newsletter_access":"","_jetpack_dont_email_post_to_subs":false,"_jetpack_newsletter_tier_id":0,"_jetpack_memberships_contains_paywalled_content":false,"_jetpack_memberships_contains_paid_content":false,"footnotes":"","jetpack_publicize_message":"","jetpack_publicize_feature_enabled":true,"jetpack_social_post_already_shared":true,"jetpack_social_options":{"image_generator_settings":{"template":"highway","default_image_id":0,"font":"","enabled":false},"version":2}},"categories":[26,18,19],"tags":[],"class_list":["post-3627","post","type-post","status-publish","format-standard","has-post-thumbnail","","category-agenda","category-hors-tamazgha","category-monde-amazigh"],"jetpack_publicize_connections":[],"jetpack_featured_media_url":"https:\/\/i0.wp.com\/amadalamazigh.press.ma\/fr\/wp-content\/uploads\/2021\/04\/Abdennour-Abdesslam-Du-printemps-berbe%CC%80re-au-printemps-Noir-25_04-18H00-768x768-1.png?fit=768%2C768&ssl=1","jetpack_shortlink":"https:\/\/wp.me\/p9uxE2-Wv","jetpack_sharing_enabled":true,"_links":{"self":[{"href":"https:\/\/amadalamazigh.press.ma\/fr\/wp-json\/wp\/v2\/posts\/3627","targetHints":{"allow":["GET"]}}],"collection":[{"href":"https:\/\/amadalamazigh.press.ma\/fr\/wp-json\/wp\/v2\/posts"}],"about":[{"href":"https:\/\/amadalamazigh.press.ma\/fr\/wp-json\/wp\/v2\/types\/post"}],"author":[{"embeddable":true,"href":"https:\/\/amadalamazigh.press.ma\/fr\/wp-json\/wp\/v2\/users\/2"}],"replies":[{"embeddable":true,"href":"https:\/\/amadalamazigh.press.ma\/fr\/wp-json\/wp\/v2\/comments?post=3627"}],"version-history":[{"count":3,"href":"https:\/\/amadalamazigh.press.ma\/fr\/wp-json\/wp\/v2\/posts\/3627\/revisions"}],"predecessor-version":[{"id":3632,"href":"https:\/\/amadalamazigh.press.ma\/fr\/wp-json\/wp\/v2\/posts\/3627\/revisions\/3632"}],"wp:featuredmedia":[{"embeddable":true,"href":"https:\/\/amadalamazigh.press.ma\/fr\/wp-json\/wp\/v2\/media\/3628"}],"wp:attachment":[{"href":"https:\/\/amadalamazigh.press.ma\/fr\/wp-json\/wp\/v2\/media?parent=3627"}],"wp:term":[{"taxonomy":"category","embeddable":true,"href":"https:\/\/amadalamazigh.press.ma\/fr\/wp-json\/wp\/v2\/categories?post=3627"},{"taxonomy":"post_tag","embeddable":true,"href":"https:\/\/amadalamazigh.press.ma\/fr\/wp-json\/wp\/v2\/tags?post=3627"}],"curies":[{"name":"wp","href":"https:\/\/api.w.org\/{rel}","templated":true}]}}