{"id":3644,"date":"2021-04-28T18:41:38","date_gmt":"2021-04-28T17:41:38","guid":{"rendered":"https:\/\/amadalamazigh.press.ma\/fr\/?p=3644"},"modified":"2021-04-28T18:41:38","modified_gmt":"2021-04-28T17:41:38","slug":"lorganisation-imouhagh-international-renouvelle-ses-instances-et-elit-fortune-sarah-lili-comme-presidente","status":"publish","type":"post","link":"https:\/\/amadalamazigh.press.ma\/fr\/lorganisation-imouhagh-international-renouvelle-ses-instances-et-elit-fortune-sarah-lili-comme-presidente\/","title":{"rendered":"L&rsquo;Organisation Imouhagh International renouvelle ses instances et \u00e9lit Fortun\u00e9 Sarah Lili comme pr\u00e9sidente"},"content":{"rendered":"<p><img data-recalc-dims=\"1\" loading=\"lazy\" decoding=\"async\" class=\"alignright wp-image-3645 size-medium\" src=\"https:\/\/i0.wp.com\/amadalamazigh.press.ma\/fr\/wp-content\/uploads\/2021\/04\/IMG-20210426-WA0128-e1619631619403-211x250.jpg?resize=211%2C250&#038;ssl=1\" alt=\"\" width=\"211\" height=\"250\" srcset=\"https:\/\/i0.wp.com\/amadalamazigh.press.ma\/fr\/wp-content\/uploads\/2021\/04\/IMG-20210426-WA0128-e1619631619403.jpg?resize=211%2C250&amp;ssl=1 211w, https:\/\/i0.wp.com\/amadalamazigh.press.ma\/fr\/wp-content\/uploads\/2021\/04\/IMG-20210426-WA0128-e1619631619403.jpg?w=812&amp;ssl=1 812w\" sizes=\"auto, (max-width: 211px) 100vw, 211px\" \/>L&rsquo;Assembl\u00e9e g\u00e9n\u00e9rale de l&rsquo;Organisation internationale pour la justice et la transparence a tenu ses sessions gr\u00e2ce \u00e0 l&rsquo;application de Zoom le 25 avril dernier.<\/p>\n<p>L&rsquo;article 9 des statuts de l&rsquo;organisation qui d\u00e9finit le mandat de la pr\u00e9sidence de l&rsquo;organisation a \u00e9t\u00e9 examin\u00e9. La plupart des membres ont accept\u00e9 de le r\u00e9duire de trois ans \u00e0 deux ans, sous r\u00e9serve de renouvellement. Ensuite, la porte \u00e0 la candidature \u00e0 la pr\u00e9sidence de l&rsquo;organisation a \u00e9t\u00e9 ouverte apr\u00e8s l&rsquo;expiration du mandat de son pr\u00e9sident, Ayoub Attaher.<\/p>\n<p>IMUOHAGH International pour la justice et la transparence a \u00e9lu LilI Sarah \u00e0 sa pr\u00e9sidence pour succ\u00e9der au pr\u00e9sident sortant, M. Ayoub Attaher<\/p>\n<p>Fortun\u00e9 Sarah Lili est n\u00e9e au Niger de p\u00e8re tamil de l&rsquo;Inde et de m\u00e8re tamasheq du Niger, Fortun\u00e9 Sarah Lili a pass\u00e9 son enfance et son adolescence entre le Niger et le Burkina Faso. Elle aime raconter qu&rsquo;elle suivait sa m\u00e8re lorsqu&rsquo;il fallait rechercher sa famille en brousse quand les moyens de communication \u00e9taient inexistants et ne permettaient pas de la localiser. Des jours de recherche de Ingall \u00e0 Tegguida Tessimt, \u00e0 Izelick ou encore Inabangaret ou Abedirkoum.<\/p>\n<p>Juriste de formation, elle milite depuis 2009 au sein des institutions onusiennes en faveur des droits des peuples autochtones, et organise des plaidoyers en faveur des Touaregs.<\/p>\n","protected":false},"excerpt":{"rendered":"<p>L&rsquo;Assembl\u00e9e g\u00e9n\u00e9rale de l&rsquo;Organisation internationale pour la justice et la transparence a tenu ses sessions gr\u00e2ce \u00e0 l&rsquo;application de Zoom le 25 avril dernier. L&rsquo;article 9 des statuts de l&rsquo;organisation qui d\u00e9finit le mandat de la pr\u00e9sidence de l&rsquo;organisation a \u00e9t\u00e9 examin\u00e9. La plupart des membres ont accept\u00e9 de le r\u00e9duire de trois ans \u00e0 &hellip;<\/p>\n","protected":false},"author":2,"featured_media":3645,"comment_status":"open","ping_status":"closed","sticky":false,"template":"","format":"standard","meta":{"jetpack_post_was_ever_published":false,"_jetpack_newsletter_access":"","_jetpack_dont_email_post_to_subs":false,"_jetpack_newsletter_tier_id":0,"_jetpack_memberships_contains_paywalled_content":false,"_jetpack_memberships_contains_paid_content":false,"footnotes":"","jetpack_publicize_message":"","jetpack_publicize_feature_enabled":true,"jetpack_social_post_already_shared":true,"jetpack_social_options":{"image_generator_settings":{"template":"highway","default_image_id":0,"font":"","enabled":false},"version":2}},"categories":[7,11],"tags":[],"class_list":["post-3644","post","type-post","status-publish","format-standard","has-post-thumbnail","","category-question-feminine","category-touareg"],"jetpack_publicize_connections":[],"jetpack_featured_media_url":"https:\/\/i0.wp.com\/amadalamazigh.press.ma\/fr\/wp-content\/uploads\/2021\/04\/IMG-20210426-WA0128-e1619631619403.jpg?fit=812%2C960&ssl=1","jetpack_shortlink":"https:\/\/wp.me\/p9uxE2-WM","jetpack_sharing_enabled":true,"_links":{"self":[{"href":"https:\/\/amadalamazigh.press.ma\/fr\/wp-json\/wp\/v2\/posts\/3644","targetHints":{"allow":["GET"]}}],"collection":[{"href":"https:\/\/amadalamazigh.press.ma\/fr\/wp-json\/wp\/v2\/posts"}],"about":[{"href":"https:\/\/amadalamazigh.press.ma\/fr\/wp-json\/wp\/v2\/types\/post"}],"author":[{"embeddable":true,"href":"https:\/\/amadalamazigh.press.ma\/fr\/wp-json\/wp\/v2\/users\/2"}],"replies":[{"embeddable":true,"href":"https:\/\/amadalamazigh.press.ma\/fr\/wp-json\/wp\/v2\/comments?post=3644"}],"version-history":[{"count":1,"href":"https:\/\/amadalamazigh.press.ma\/fr\/wp-json\/wp\/v2\/posts\/3644\/revisions"}],"predecessor-version":[{"id":3646,"href":"https:\/\/amadalamazigh.press.ma\/fr\/wp-json\/wp\/v2\/posts\/3644\/revisions\/3646"}],"wp:featuredmedia":[{"embeddable":true,"href":"https:\/\/amadalamazigh.press.ma\/fr\/wp-json\/wp\/v2\/media\/3645"}],"wp:attachment":[{"href":"https:\/\/amadalamazigh.press.ma\/fr\/wp-json\/wp\/v2\/media?parent=3644"}],"wp:term":[{"taxonomy":"category","embeddable":true,"href":"https:\/\/amadalamazigh.press.ma\/fr\/wp-json\/wp\/v2\/categories?post=3644"},{"taxonomy":"post_tag","embeddable":true,"href":"https:\/\/amadalamazigh.press.ma\/fr\/wp-json\/wp\/v2\/tags?post=3644"}],"curies":[{"name":"wp","href":"https:\/\/api.w.org\/{rel}","templated":true}]}}