{"id":3717,"date":"2021-06-05T14:56:50","date_gmt":"2021-06-05T13:56:50","guid":{"rendered":"https:\/\/amadalamazigh.press.ma\/fr\/?p=3717"},"modified":"2021-06-05T14:56:50","modified_gmt":"2021-06-05T13:56:50","slug":"les-algeriens-deurope-denonce-la-repression-policiere-et-judiciaire-devant-le-siege-de-haut-commissariat-des-droits-de-lhomme-a-geneve","status":"publish","type":"post","link":"https:\/\/amadalamazigh.press.ma\/fr\/les-algeriens-deurope-denonce-la-repression-policiere-et-judiciaire-devant-le-siege-de-haut-commissariat-des-droits-de-lhomme-a-geneve\/","title":{"rendered":"Les Alg\u00e9riens d\u2019Europe d\u00e9nonce la r\u00e9pression polici\u00e8re et judiciaire devant le si\u00e8ge de Haut-Commissariat des Droits de l\u2019homme \u00e0 Gen\u00e8ve"},"content":{"rendered":"<p style=\"font-weight: 400;\"><img data-recalc-dims=\"1\" loading=\"lazy\" decoding=\"async\" class=\"size-medium wp-image-3549 alignleft\" src=\"https:\/\/i0.wp.com\/amadalamazigh.press.ma\/fr\/wp-content\/uploads\/2021\/03\/riposte.jpg?resize=336%2C250&#038;ssl=1\" alt=\"\" width=\"336\" height=\"250\" srcset=\"https:\/\/i0.wp.com\/amadalamazigh.press.ma\/fr\/wp-content\/uploads\/2021\/03\/riposte.jpg?resize=336%2C250&amp;ssl=1 336w, https:\/\/i0.wp.com\/amadalamazigh.press.ma\/fr\/wp-content\/uploads\/2021\/03\/riposte.jpg?resize=200%2C150&amp;ssl=1 200w, https:\/\/i0.wp.com\/amadalamazigh.press.ma\/fr\/wp-content\/uploads\/2021\/03\/riposte.jpg?w=720&amp;ssl=1 720w\" sizes=\"auto, (max-width: 336px) 100vw, 336px\" \/>R\u00e9pondant \u00e0 l&rsquo;appel de l&rsquo;inter collectif de Paris, plusieurs collectifs du Hirak Alg\u00e9rien activant en Europe dont l&rsquo;ONG Riposte Internationale, des centaines d&rsquo;Alg\u00e9riennes et Alg\u00e9riens des quatre coins de l&rsquo;Europe se sont manifest\u00e9 \u00e0 Gen\u00e8ve le samedi 29 Mai 2021.<\/p>\n<p style=\"font-weight: 400;\">Ce rassemblement devant le Haut-Commissariat aux Droits de l\u2019Homme \u00e9tait pour d\u00e9noncer la r\u00e9pression polici\u00e8re et judiciaire f\u00e9roce dont sont victimes les citoyens Alg\u00e9riens qui ont os\u00e9 manifester et user de leurs droits fondamentaux, comme ceux de s\u2019exprimer et de manifester librement .<\/p>\n<p style=\"font-weight: 400;\">Les citoyens pr\u00e9sent \u00e0 cet \u00e9v\u00e9nement ont tenu \u00e0 rappeler l\u2019exigence de la lib\u00e9ration inconditionnelle des d\u00e9tenus politiques et ce sans distinction ainsi que l\u2019arr\u00eat des violences du pouvoir Alg\u00e9rien \u00e0 l\u2019encontre d\u2019un peuple qui a fait de l\u2019action pacifique son cr\u00e9do et auquel il n\u2019est nullement dispos\u00e9 \u00e0 renoncer et ce malgr\u00e9 les provocations incessantes du pouvoir en place.<\/p>\n<p style=\"font-weight: 400;\">&#8230; A cet effet il a \u00e9t\u00e9 remis deux rapports sur la situation des droits de l\u2019homme et les d\u00e9tenus en Alg\u00e9rie, l\u2019un remis par l\u2019inter-collectif et le deuxi\u00e8me par l&rsquo;ONG Riposte Internationale dont nous exposons ci-apr\u00e8s\u00a0:<\/p>\n<p style=\"text-align: center;\"><a href=\"https:\/\/amadalamazigh.press.ma\/fr\/wp-content\/uploads\/2021\/06\/Rapport-sur-les-violations-des-DH-mai28.pdf\" target=\"_blank\" rel=\"noopener\"><strong>RAPPORT SUR LA SITUATION POLITIQUE ET DES DROITS DE L\u2019HOMME EN ALG\u00c9RIE (PDF)<\/strong><\/a><\/p>\n","protected":false},"excerpt":{"rendered":"<p>R\u00e9pondant \u00e0 l&rsquo;appel de l&rsquo;inter collectif de Paris, plusieurs collectifs du Hirak Alg\u00e9rien activant en Europe dont l&rsquo;ONG Riposte Internationale, des centaines d&rsquo;Alg\u00e9riennes et Alg\u00e9riens des quatre coins de l&rsquo;Europe se sont manifest\u00e9 \u00e0 Gen\u00e8ve le samedi 29 Mai 2021. Ce rassemblement devant le Haut-Commissariat aux Droits de l\u2019Homme \u00e9tait pour d\u00e9noncer la r\u00e9pression polici\u00e8re &hellip;<\/p>\n","protected":false},"author":2,"featured_media":3549,"comment_status":"open","ping_status":"closed","sticky":false,"template":"","format":"standard","meta":{"jetpack_post_was_ever_published":false,"_jetpack_newsletter_access":"","_jetpack_dont_email_post_to_subs":false,"_jetpack_newsletter_tier_id":0,"_jetpack_memberships_contains_paywalled_content":false,"_jetpack_memberships_contains_paid_content":false,"footnotes":"","jetpack_publicize_message":"","jetpack_publicize_feature_enabled":true,"jetpack_social_post_already_shared":true,"jetpack_social_options":{"image_generator_settings":{"template":"highway","default_image_id":0,"font":"","enabled":false},"version":2}},"categories":[8],"tags":[],"class_list":["post-3717","post","type-post","status-publish","format-standard","has-post-thumbnail","","category-algerie"],"jetpack_publicize_connections":[],"jetpack_featured_media_url":"https:\/\/i0.wp.com\/amadalamazigh.press.ma\/fr\/wp-content\/uploads\/2021\/03\/riposte.jpg?fit=720%2C535&ssl=1","jetpack_shortlink":"https:\/\/wp.me\/p9uxE2-XX","jetpack_sharing_enabled":true,"_links":{"self":[{"href":"https:\/\/amadalamazigh.press.ma\/fr\/wp-json\/wp\/v2\/posts\/3717","targetHints":{"allow":["GET"]}}],"collection":[{"href":"https:\/\/amadalamazigh.press.ma\/fr\/wp-json\/wp\/v2\/posts"}],"about":[{"href":"https:\/\/amadalamazigh.press.ma\/fr\/wp-json\/wp\/v2\/types\/post"}],"author":[{"embeddable":true,"href":"https:\/\/amadalamazigh.press.ma\/fr\/wp-json\/wp\/v2\/users\/2"}],"replies":[{"embeddable":true,"href":"https:\/\/amadalamazigh.press.ma\/fr\/wp-json\/wp\/v2\/comments?post=3717"}],"version-history":[{"count":1,"href":"https:\/\/amadalamazigh.press.ma\/fr\/wp-json\/wp\/v2\/posts\/3717\/revisions"}],"predecessor-version":[{"id":3719,"href":"https:\/\/amadalamazigh.press.ma\/fr\/wp-json\/wp\/v2\/posts\/3717\/revisions\/3719"}],"wp:featuredmedia":[{"embeddable":true,"href":"https:\/\/amadalamazigh.press.ma\/fr\/wp-json\/wp\/v2\/media\/3549"}],"wp:attachment":[{"href":"https:\/\/amadalamazigh.press.ma\/fr\/wp-json\/wp\/v2\/media?parent=3717"}],"wp:term":[{"taxonomy":"category","embeddable":true,"href":"https:\/\/amadalamazigh.press.ma\/fr\/wp-json\/wp\/v2\/categories?post=3717"},{"taxonomy":"post_tag","embeddable":true,"href":"https:\/\/amadalamazigh.press.ma\/fr\/wp-json\/wp\/v2\/tags?post=3717"}],"curies":[{"name":"wp","href":"https:\/\/api.w.org\/{rel}","templated":true}]}}