{"id":3998,"date":"2021-10-11T12:27:07","date_gmt":"2021-10-11T11:27:07","guid":{"rendered":"https:\/\/amadalamazigh.press.ma\/fr\/?p=3998"},"modified":"2021-10-11T14:32:26","modified_gmt":"2021-10-11T13:32:26","slug":"lircam-celebre-le-20eme-anniversaire-du-discours-royal-dajdir","status":"publish","type":"post","link":"https:\/\/amadalamazigh.press.ma\/fr\/lircam-celebre-le-20eme-anniversaire-du-discours-royal-dajdir\/","title":{"rendered":"L\u2019IRCAM c\u00e9l\u00e8bre le 20\u00e8me anniversaire du Discours Royal d\u2019Ajdir"},"content":{"rendered":"<p><img data-recalc-dims=\"1\" loading=\"lazy\" decoding=\"async\" class=\"size-medium wp-image-3999 alignleft\" src=\"https:\/\/i0.wp.com\/amadalamazigh.press.ma\/fr\/wp-content\/uploads\/2021\/10\/Affiche-ajdir-vf.jpg?resize=177%2C250&#038;ssl=1\" alt=\"\" width=\"177\" height=\"250\" srcset=\"https:\/\/i0.wp.com\/amadalamazigh.press.ma\/fr\/wp-content\/uploads\/2021\/10\/Affiche-ajdir-vf.jpg?resize=177%2C250&amp;ssl=1 177w, https:\/\/i0.wp.com\/amadalamazigh.press.ma\/fr\/wp-content\/uploads\/2021\/10\/Affiche-ajdir-vf.jpg?resize=724%2C1024&amp;ssl=1 724w, https:\/\/i0.wp.com\/amadalamazigh.press.ma\/fr\/wp-content\/uploads\/2021\/10\/Affiche-ajdir-vf.jpg?resize=1086%2C1536&amp;ssl=1 1086w, https:\/\/i0.wp.com\/amadalamazigh.press.ma\/fr\/wp-content\/uploads\/2021\/10\/Affiche-ajdir-vf.jpg?resize=1448%2C2048&amp;ssl=1 1448w, https:\/\/i0.wp.com\/amadalamazigh.press.ma\/fr\/wp-content\/uploads\/2021\/10\/Affiche-ajdir-vf.jpg?w=1131&amp;ssl=1 1131w\" sizes=\"auto, (max-width: 177px) 100vw, 177px\" \/>Le 17 octobre 2001, l\u2019Eminent Discours Royal d\u2019Ajdir (Kh\u00e9nifra) inaugure le processus d\u2019institutionnalisation de la promotion de l\u2019amazighe par la cr\u00e9ation de l\u2019Institut Royal de la Culture Amazighe, ouvrant les horizons prometteurs quant \u00e0 l\u2019\u00e9dification d\u2019un Maroc moderne, caract\u00e9ris\u00e9 par son identit\u00e9 culturelle aux composantes plurielles et aux affluents divers, dont le composant culturel amazighe constitue la strate de base. Ce processus s\u2019est renforc\u00e9 par la promulgation de la langue amazighe comme langue officielle au c\u00f4t\u00e9 de l\u2019arabe, l\u2019\u00e9laboration des lois organiques pour la mise en \u0153uvre de son officialisation et son int\u00e9gration dans les domaines prioritaires et les institutions ainsi que la cr\u00e9ation du Conseil National des Langues et de la Culture Amazighe. Un plan gouvernemental int\u00e9gr\u00e9 a \u00e9t\u00e9 \u00e9galement \u00e9labor\u00e9 pour la mise en \u0153uvre du caract\u00e8re officiel de l\u2019amazighe au niveau des secteurs gouvernementaux et des institutions concern\u00e9es. D\u00e9sormais con\u00e7ue comme une tradition, l\u2019IRCAM c\u00e9l\u00e8bre, aujourd\u2019hui, le vingti\u00e8me anniversaire de promotion et d\u2019institutionnalisation de l\u2019amazighe, Sous le Haut Patronage de Sa Majest\u00e9 le Roi Mohammed VI, du 14 au 17 octobre 2021, par l\u2019organisation d\u2019un ensemble d\u2019activit\u00e9s acad\u00e9miques, culturelles, artistiques et de rayonnement. Le programme retenu pour cette comm\u00e9moration se pr\u00e9sente comme suit :<\/p>\n<p><span style=\"color: #000080;\"><strong>Programme g\u00e9n\u00e9ral<\/strong><\/span><\/p>\n<p><strong>Jeudi 14 octobre 2021<\/strong><\/p>\n<p>10 :00 : Accueil des visiteurs et des invit\u00e9s<br \/>\n10\u00a0:15\u00a0: Ouverture<\/p>\n<ul>\n<li>Projection du film institutionnel.<\/li>\n<li>Mot du Recteur de l\u2019IRCAM.<\/li>\n<li>Inauguration de l\u2019exposition de peinture et des publications de l\u2019IRCAM.<\/li>\n<li>Lancement de l\u2019op\u00e9ration de s\u00e9lection des trois meilleures toiles.<\/li>\n<\/ul>\n<p>11H45 : Hommage au personnel \u0153uvrant dans le domaine de l\u2019enseignants de la langue amazighe.<\/p>\n<ul>\n<li>Hommage aux enseignants de la langue amazighe, \u00e0 l\u2019occasion de la c\u00e9l\u00e9bration de la Journ\u00e9e Mondiale de l\u2019Enseignant<\/li>\n<\/ul>\n<p>15 :00 : Pr\u00e9sentation du beau livre \u00ab<strong>l\u2019Institut Royal de la Culture Amazighe: parcours et r\u00e9alisations<\/strong>\u00bb.<\/p>\n<p><strong>Vendredi 15 octobre 2021<\/strong><\/p>\n<p>10 :30 : C\u00e9r\u00e9monie de remise du Prix de la Culture Amazighe au titre de l\u2019ann\u00e9e 2020.<br \/>\n15 :00 : Table ronde: \u00ab<strong>Deux d\u00e9cennies d\u2019institutionnalisation de la promotion de l\u2019amazighe : parcours et perspectives<\/strong>\u00bb.<\/p>\n<p><strong>Samedi 16 octobre 2021<\/strong><\/p>\n<p>10 :00 : c\u00e9l\u00e9bration de la journ\u00e9e nationale du cin\u00e9ma.<\/p>\n<ul>\n<li>Hommage aux activistes du th\u00e9\u00e2tre et du cin\u00e9ma amazighes.<\/li>\n<\/ul>\n<p><strong>Dimanche 17 octobre 2021\u00a0:<\/strong><\/p>\n<p>13\u00a0:00\u00a0: c\u00e9r\u00e9monie de cl\u00f4ture<\/p>\n<p><strong>Liste des laur\u00e9ats du Prix de la Culture Amazighe, au titre de l\u2019ann\u00e9e 2020\u00a0:<\/strong><\/p>\n<ul>\n<li>Prix de m\u00e9rite\u00a0: Brahim Elmzenned<\/li>\n<li>Prix de la cr\u00e9ation litt\u00e9raire\u00a0: Elhoussaine Ousa\u00e2id et Lahcen Boutas\u00e2id<\/li>\n<li>Prix de la traduction\u00a0: Elarbi Moumouch<\/li>\n<li>Prix des programmes informatiques : Badr Boudhan<\/li>\n<li>Prix des m\u00e9dias\u00a0: Elhoussaine Ouzik<\/li>\n<li>Prix de la chansn moderne\u00a0: Soufiane Elbouzakhti<\/li>\n<li>Prix de la chanson traditionnel\u00a0: Ali Ait Bouzid<\/li>\n<li>Prix du film\u00a0: Tariq El Idrissi.<\/li>\n<\/ul>\n<p><img data-recalc-dims=\"1\" loading=\"lazy\" decoding=\"async\" class=\"aligncenter wp-image-3999 size-large\" src=\"https:\/\/i0.wp.com\/amadalamazigh.press.ma\/fr\/wp-content\/uploads\/2021\/10\/Affiche-ajdir-vf.jpg?resize=618%2C874&#038;ssl=1\" alt=\"\" width=\"618\" height=\"874\" srcset=\"https:\/\/i0.wp.com\/amadalamazigh.press.ma\/fr\/wp-content\/uploads\/2021\/10\/Affiche-ajdir-vf.jpg?resize=724%2C1024&amp;ssl=1 724w, https:\/\/i0.wp.com\/amadalamazigh.press.ma\/fr\/wp-content\/uploads\/2021\/10\/Affiche-ajdir-vf.jpg?resize=177%2C250&amp;ssl=1 177w, https:\/\/i0.wp.com\/amadalamazigh.press.ma\/fr\/wp-content\/uploads\/2021\/10\/Affiche-ajdir-vf.jpg?resize=1086%2C1536&amp;ssl=1 1086w, https:\/\/i0.wp.com\/amadalamazigh.press.ma\/fr\/wp-content\/uploads\/2021\/10\/Affiche-ajdir-vf.jpg?resize=1448%2C2048&amp;ssl=1 1448w, https:\/\/i0.wp.com\/amadalamazigh.press.ma\/fr\/wp-content\/uploads\/2021\/10\/Affiche-ajdir-vf.jpg?w=1131&amp;ssl=1 1131w\" sizes=\"auto, (max-width: 618px) 100vw, 618px\" \/><\/p>\n","protected":false},"excerpt":{"rendered":"<p>Le 17 octobre 2001, l\u2019Eminent Discours Royal d\u2019Ajdir (Kh\u00e9nifra) inaugure le processus d\u2019institutionnalisation de la promotion de l\u2019amazighe par la cr\u00e9ation de l\u2019Institut Royal de la Culture Amazighe, ouvrant les horizons prometteurs quant \u00e0 l\u2019\u00e9dification d\u2019un Maroc moderne, caract\u00e9ris\u00e9 par son identit\u00e9 culturelle aux composantes plurielles et aux affluents divers, dont le composant culturel amazighe &hellip;<\/p>\n","protected":false},"author":2,"featured_media":3999,"comment_status":"open","ping_status":"closed","sticky":false,"template":"","format":"standard","meta":{"jetpack_post_was_ever_published":false,"_jetpack_newsletter_access":"","_jetpack_dont_email_post_to_subs":false,"_jetpack_newsletter_tier_id":0,"_jetpack_memberships_contains_paywalled_content":false,"_jetpack_memberships_contains_paid_content":false,"footnotes":"","jetpack_publicize_message":"","jetpack_publicize_feature_enabled":true,"jetpack_social_post_already_shared":true,"jetpack_social_options":{"image_generator_settings":{"template":"highway","default_image_id":0,"font":"","enabled":false},"version":2}},"categories":[26,10],"tags":[],"class_list":["post-3998","post","type-post","status-publish","format-standard","has-post-thumbnail","","category-agenda","category-maroc"],"jetpack_publicize_connections":[],"jetpack_featured_media_url":"https:\/\/i0.wp.com\/amadalamazigh.press.ma\/fr\/wp-content\/uploads\/2021\/10\/Affiche-ajdir-vf.jpg?fit=1131%2C1600&ssl=1","jetpack_shortlink":"https:\/\/wp.me\/p9uxE2-12u","jetpack_sharing_enabled":true,"_links":{"self":[{"href":"https:\/\/amadalamazigh.press.ma\/fr\/wp-json\/wp\/v2\/posts\/3998","targetHints":{"allow":["GET"]}}],"collection":[{"href":"https:\/\/amadalamazigh.press.ma\/fr\/wp-json\/wp\/v2\/posts"}],"about":[{"href":"https:\/\/amadalamazigh.press.ma\/fr\/wp-json\/wp\/v2\/types\/post"}],"author":[{"embeddable":true,"href":"https:\/\/amadalamazigh.press.ma\/fr\/wp-json\/wp\/v2\/users\/2"}],"replies":[{"embeddable":true,"href":"https:\/\/amadalamazigh.press.ma\/fr\/wp-json\/wp\/v2\/comments?post=3998"}],"version-history":[{"count":4,"href":"https:\/\/amadalamazigh.press.ma\/fr\/wp-json\/wp\/v2\/posts\/3998\/revisions"}],"predecessor-version":[{"id":4003,"href":"https:\/\/amadalamazigh.press.ma\/fr\/wp-json\/wp\/v2\/posts\/3998\/revisions\/4003"}],"wp:featuredmedia":[{"embeddable":true,"href":"https:\/\/amadalamazigh.press.ma\/fr\/wp-json\/wp\/v2\/media\/3999"}],"wp:attachment":[{"href":"https:\/\/amadalamazigh.press.ma\/fr\/wp-json\/wp\/v2\/media?parent=3998"}],"wp:term":[{"taxonomy":"category","embeddable":true,"href":"https:\/\/amadalamazigh.press.ma\/fr\/wp-json\/wp\/v2\/categories?post=3998"},{"taxonomy":"post_tag","embeddable":true,"href":"https:\/\/amadalamazigh.press.ma\/fr\/wp-json\/wp\/v2\/tags?post=3998"}],"curies":[{"name":"wp","href":"https:\/\/api.w.org\/{rel}","templated":true}]}}