{"id":4260,"date":"2022-03-02T13:19:39","date_gmt":"2022-03-02T12:19:39","guid":{"rendered":"https:\/\/amadalamazigh.press.ma\/fr\/?p=4260"},"modified":"2022-03-02T13:43:44","modified_gmt":"2022-03-02T12:43:44","slug":"la-10eme-assemblee-generale-des-amazighs-du-monde-a-ouarzazate-du-25-au-27-mars-2022-2972","status":"publish","type":"post","link":"https:\/\/amadalamazigh.press.ma\/fr\/la-10eme-assemblee-generale-des-amazighs-du-monde-a-ouarzazate-du-25-au-27-mars-2022-2972\/","title":{"rendered":"La 10\u00e8me Assembl\u00e9e G\u00e9n\u00e9rale des Amazighs du monde \u00e0 Ouarzazate du 25 au 27 mars 2022\/2972"},"content":{"rendered":"<p style=\"font-weight: 400;\"><img data-recalc-dims=\"1\" loading=\"lazy\" decoding=\"async\" class=\"size-medium wp-image-4261 alignleft\" src=\"https:\/\/i0.wp.com\/amadalamazigh.press.ma\/fr\/wp-content\/uploads\/2022\/03\/10AMA_Affiche.jpg?resize=177%2C250&#038;ssl=1\" alt=\"\" width=\"177\" height=\"250\" srcset=\"https:\/\/i0.wp.com\/amadalamazigh.press.ma\/fr\/wp-content\/uploads\/2022\/03\/10AMA_Affiche.jpg?resize=177%2C250&amp;ssl=1 177w, https:\/\/i0.wp.com\/amadalamazigh.press.ma\/fr\/wp-content\/uploads\/2022\/03\/10AMA_Affiche.jpg?resize=724%2C1024&amp;ssl=1 724w, https:\/\/i0.wp.com\/amadalamazigh.press.ma\/fr\/wp-content\/uploads\/2022\/03\/10AMA_Affiche.jpg?w=905&amp;ssl=1 905w\" sizes=\"auto, (max-width: 177px) 100vw, 177px\" \/>L\u2019ONG internationale de d\u00e9fense des droits du peuple amazighe, l\u2019<strong>Assembl\u00e9e Mondiale Amazighe (AMA),<\/strong>\u00a0en collaboration avec<strong>\u00a0<\/strong>le journal \u00ab<strong><em>Le Monde Amazigh<\/em><\/strong>\u00bb, la\u00a0<strong>Fondation allemande Friedrich Naumann pour la Libert\u00e9<\/strong>, organise\u00a0<strong>la dixi\u00e8me assembl\u00e9e g\u00e9n\u00e9rale des Amazighs du monde<\/strong>\u00a0dans la r\u00e9gion marocaine d\u2019Oued Dra\u00e2-Tafilalet, \u00e0 la ville de\u00a0<strong>Ouarzazate<\/strong>-Commune de\u00a0<strong>Tarmigte<\/strong>,\u00a0\u00a0<strong>les 25, 26 et 27 mars 2022\/2972<\/strong>.<\/p>\n<p>Cette dixi\u00e8me rencontre mondiale des Amazighs s\u2019organise dans le cadre de la\u00a0D\u00e9cennie internationale des langues autochtones 2022-2032,\u00a0lanc\u00e9 par l\u2019UNESCO\u00a0et l\u2019Instance Permanente des Nations unies pour les questions autochtones, s<em>ous le th\u00e8me de<\/em><em>:\u00ab<strong>Quelles mesures urgentes \u00e0 prendre pour prot\u00e9ger, revitaliser et promouvoir la langue autochtone des Africain-e-s du Nord?<\/strong>\u00bb.<\/em><\/p>\n<p style=\"font-weight: 400;\">L\u2019inauguration aura lieu le samedi 26 mars \u00e0 10h du matin au\u00a0<strong>Palais des Congr\u00e8s<\/strong>.<\/p>\n<p style=\"font-weight: 400;\">Cette\u00a010<sup>\u00e8me<\/sup>\u00a0rencontre internationale des Amazighs du monde, et qui aura lieu \u00e0 Ouarzazate, vient apr\u00e8s les assembl\u00e9es g\u00e9n\u00e9rales tenues \u00e0 Saint Rome de Dolan en France en 1995, \u00e0 Tafira aux Iles Canaries en 1997, \u00e0 Lyon en 1999, \u00e0 Roubaix en 2002 en France, \u00e0 Nador au Maroc en 2005, \u00e0 Tizi-Ouzou en Alg\u00e9rie en 2008, \u00e0 Bruxelles en Belgique en 2011, \u00e0 Tiznit en 2013, \u00e0 Ifrane en 2015 et \u00e0 Marrakech au Maroc en 2018. Elle se propose comme les ant\u00e9c\u00e9dentes \u00e9ditions de continuer \u00e0 \u00eatre un lieu de rencontres, de r\u00e9flexions, d\u2019\u00e9changes et de d\u00e9bats sur la question de la n\u00e9cessit\u00e9 urgente de r\u00e9ussir le pari de la participation active des populations et communaut\u00e9s autochtones amazighes en g\u00e9n\u00e9ral et plus particuli\u00e8rement des jeunes et des femmes amazighes dans le renforcement des valeurs d\u00e9mocratiques au sein de leurs pays d\u2019Afrique du Nord et de leurs pays d\u2019accueil en Europe et l\u2019Am\u00e9rique du Nord.<\/p>\n<p style=\"font-weight: 400;\">Et cette fois-ci, la dixi\u00e8me assembl\u00e9e des Amazighs du monde s\u2019inscrit dans le cadre de la\u00a0<strong>D\u00e9cennie internationale des langues autochtones 2022-2032<\/strong>, afin d\u2019attirer l\u2019attention sur la perte critique des langues autochtones africaines et plus particuli\u00e8rement la langue amazighe et de discuter de la n\u00e9cessit\u00e9 de prendre des mesures urgentes, aux niveaux national et international, en faveur de\u00a0 la pr\u00e9servation, revitalisation et de la promotion de ladite langue.<\/p>\n<p style=\"font-weight: 400;\">Pour plus d\u2019infos\u00a0:\u00a0<span style=\"color: #000080;\"><strong>assemblee.mondiale.amazighe@gmail.com<\/strong><\/span><\/p>\n","protected":false},"excerpt":{"rendered":"<p>L\u2019ONG internationale de d\u00e9fense des droits du peuple amazighe, l\u2019Assembl\u00e9e Mondiale Amazighe (AMA),\u00a0en collaboration avec\u00a0le journal \u00abLe Monde Amazigh\u00bb, la\u00a0Fondation allemande Friedrich Naumann pour la Libert\u00e9, organise\u00a0la dixi\u00e8me assembl\u00e9e g\u00e9n\u00e9rale des Amazighs du monde\u00a0dans la r\u00e9gion marocaine d\u2019Oued Dra\u00e2-Tafilalet, \u00e0 la ville de\u00a0Ouarzazate-Commune de\u00a0Tarmigte,\u00a0\u00a0les 25, 26 et 27 mars 2022\/2972. Cette dixi\u00e8me rencontre mondiale des &hellip;<\/p>\n","protected":false},"author":2,"featured_media":4261,"comment_status":"open","ping_status":"closed","sticky":false,"template":"","format":"standard","meta":{"jetpack_post_was_ever_published":false,"_jetpack_newsletter_access":"","_jetpack_dont_email_post_to_subs":false,"_jetpack_newsletter_tier_id":0,"_jetpack_memberships_contains_paywalled_content":false,"_jetpack_memberships_contains_paid_content":false,"footnotes":"","jetpack_publicize_message":"","jetpack_publicize_feature_enabled":true,"jetpack_social_post_already_shared":true,"jetpack_social_options":{"image_generator_settings":{"template":"highway","default_image_id":0,"font":"","enabled":false},"version":2}},"categories":[26,19],"tags":[],"class_list":["post-4260","post","type-post","status-publish","format-standard","has-post-thumbnail","","category-agenda","category-monde-amazigh"],"jetpack_publicize_connections":[],"jetpack_featured_media_url":"https:\/\/i0.wp.com\/amadalamazigh.press.ma\/fr\/wp-content\/uploads\/2022\/03\/10AMA_Affiche.jpg?fit=905%2C1280&ssl=1","jetpack_shortlink":"https:\/\/wp.me\/p9uxE2-16I","jetpack_sharing_enabled":true,"_links":{"self":[{"href":"https:\/\/amadalamazigh.press.ma\/fr\/wp-json\/wp\/v2\/posts\/4260","targetHints":{"allow":["GET"]}}],"collection":[{"href":"https:\/\/amadalamazigh.press.ma\/fr\/wp-json\/wp\/v2\/posts"}],"about":[{"href":"https:\/\/amadalamazigh.press.ma\/fr\/wp-json\/wp\/v2\/types\/post"}],"author":[{"embeddable":true,"href":"https:\/\/amadalamazigh.press.ma\/fr\/wp-json\/wp\/v2\/users\/2"}],"replies":[{"embeddable":true,"href":"https:\/\/amadalamazigh.press.ma\/fr\/wp-json\/wp\/v2\/comments?post=4260"}],"version-history":[{"count":1,"href":"https:\/\/amadalamazigh.press.ma\/fr\/wp-json\/wp\/v2\/posts\/4260\/revisions"}],"predecessor-version":[{"id":4262,"href":"https:\/\/amadalamazigh.press.ma\/fr\/wp-json\/wp\/v2\/posts\/4260\/revisions\/4262"}],"wp:featuredmedia":[{"embeddable":true,"href":"https:\/\/amadalamazigh.press.ma\/fr\/wp-json\/wp\/v2\/media\/4261"}],"wp:attachment":[{"href":"https:\/\/amadalamazigh.press.ma\/fr\/wp-json\/wp\/v2\/media?parent=4260"}],"wp:term":[{"taxonomy":"category","embeddable":true,"href":"https:\/\/amadalamazigh.press.ma\/fr\/wp-json\/wp\/v2\/categories?post=4260"},{"taxonomy":"post_tag","embeddable":true,"href":"https:\/\/amadalamazigh.press.ma\/fr\/wp-json\/wp\/v2\/tags?post=4260"}],"curies":[{"name":"wp","href":"https:\/\/api.w.org\/{rel}","templated":true}]}}