{"id":4704,"date":"2022-10-26T18:15:33","date_gmt":"2022-10-26T17:15:33","guid":{"rendered":"https:\/\/amadalamazigh.press.ma\/fr\/?p=4704"},"modified":"2022-10-26T18:16:38","modified_gmt":"2022-10-26T17:16:38","slug":"le-festival-des-nomades-2022-une-experience-exceptionnelle-a-mhamid-el-ghizlane","status":"publish","type":"post","link":"https:\/\/amadalamazigh.press.ma\/fr\/le-festival-des-nomades-2022-une-experience-exceptionnelle-a-mhamid-el-ghizlane\/","title":{"rendered":"LE FESTIVAL DES NOMADES 2022, UNE EXPERIENCE EXCEPTIONNELLE A M\u2019HAMID EL GHIZLANE"},"content":{"rendered":"<p style=\"text-align: center;\"><img data-recalc-dims=\"1\" loading=\"lazy\" decoding=\"async\" class=\"size-medium wp-image-4706 alignleft\" src=\"https:\/\/i0.wp.com\/amadalamazigh.press.ma\/fr\/wp-content\/uploads\/2022\/10\/affiche-festival-nomades-2022.jpg?resize=182%2C250&#038;ssl=1\" alt=\"\" width=\"182\" height=\"250\" srcset=\"https:\/\/i0.wp.com\/amadalamazigh.press.ma\/fr\/wp-content\/uploads\/2022\/10\/affiche-festival-nomades-2022.jpg?resize=182%2C250&amp;ssl=1 182w, https:\/\/i0.wp.com\/amadalamazigh.press.ma\/fr\/wp-content\/uploads\/2022\/10\/affiche-festival-nomades-2022.jpg?resize=747%2C1024&amp;ssl=1 747w, https:\/\/i0.wp.com\/amadalamazigh.press.ma\/fr\/wp-content\/uploads\/2022\/10\/affiche-festival-nomades-2022.jpg?w=1080&amp;ssl=1 1080w\" sizes=\"auto, (max-width: 182px) 100vw, 182px\" \/><strong>LE FESTIVAL DES NOMADES 2022, UNE EXPERIENCE EXCEPTIONNELLE A M\u2019HAMID EL GHIZLANE<\/strong><\/p>\n<p style=\"text-align: center;\">\u00ab La culture n&rsquo;est pas un luxe, c&rsquo;est une n\u00e9cessit\u00e9 \u00bb Gao Xingjian<\/p>\n<p>Le Festival International des Nomades annonce son retour apr\u00e8s deux ann\u00e9es d&rsquo;interruption avec une \u00e9dition sp\u00e9ciale riche en surprises qui se d\u00e9roulera les 12 et 13 novembre 2022 \u00e0 M\u2019hamid El Ghizlane. Deux jours d\u2019exp\u00e9riences musicales et culturelles tr\u00e8s vari\u00e9es, gr\u00e2ce \u00e0 des artistes talentueux de renomm\u00e9e internationale venant d&rsquo;horizons divers.<\/p>\n<p>\u201cSe retrouver au d\u00e9sert pour cette renaissance, c\u2019est un signal fort que nous pouvons envoyer au monde gr\u00e2ce \u00e0 l\u2019expression des belles \u00e9nergies qui se croisent dans ce festival depuis sa cr\u00e9ation en 2004\u201d Noureddine Bougrab.<\/p>\n<p>La ville de M&rsquo;hamid El Ghizlane, autrefois \u00e9tape des caravanes commerciales transsahariennes, abritera les 12 et 13 novembre prochains l\u2019\u00e9dition 2022 du Festival International des Nomades, \u00e0 l&rsquo;initiative de l&rsquo;Association Nomades du Monde. Manifestation de grande envergure c\u00e9l\u00e8bre \u00e0 l\u2019\u00e9chelle mondiale pour avoir invit\u00e9 des musiciens internationaux de renom comme Cheick Tidiane Seck, Bombino, Kader Tarhanin, Afel Bocoum, Tamikrest, Atri N\u2019Assouf, Terakaf qui se sont produits aux c\u00f4t\u00e9s d\u2019artistes marocains r\u00e9put\u00e9s (Nass El Ghiwane, Nouamane Lahlou, Mehdi Nassouli, Doueh, Sa\u00efda Charaf, &#8230;) et des jeunes talents locaux.<\/p>\n<p>C\u2019est l\u2019un des plus grands \u00e9v\u00e9nements du sud marocain. Festival annuel multidisciplinaire ayant pour principal objectif de pr\u00e9server le pr\u00e9cieux h\u00e9ritage de nos anc\u00eatres, menac\u00e9 de disparition et faire revivre leurs traditions, coutumes et sagesse.<\/p>\n<p>Ce grand rassemblement participe \u00e9galement au d\u00e9veloppement des comp\u00e9tences et am\u00e9liore les moyens de subsistance des habitants de M&rsquo;hamid El Ghizlane et de la r\u00e9gion Dr\u00e2a-Tafilalet. L&rsquo;\u00e9v\u00e9nement est soutenu par La Province de Zagora, le Minist\u00e8re de la Culture, l&rsquo;Office National Marocain du Tourisme, la Maison de l\u2019Artisan, la Fondation Orange, le Conseil R\u00e9gional Dr\u00e2a-Tafilalet, le Conseil Provincial de Zagora, l\u2019Agence du Sud, la Fondation Banque Populaire, l\u2019Institut Fran\u00e7ais du Maroc, et plusieurs autres partenaires.<br \/>\nDurant deux jours, la rencontre culturelle sera ponctu\u00e9e par des spectacles de musique et danse &#8211; plus de dix concerts, une exposition d\u2019artisanat marocain, un d\u00e9fil\u00e9 de mode, un atelier de bande dessin\u00e9e, des d\u00e9monstrations d&rsquo;activit\u00e9s et sports traditionnels (pain de sable, course de dromadaires, hockey sur sable, tir \u00e0 l\u2019arc et \u00e0 l\u2019arbal\u00e8te), des conf\u00e9rences, etc.<\/p>\n<p>Le Festival des Nomades valorisera la diversit\u00e9 des expressions artistiques en accueillant la chanteuse lyrique angolaise T\u00e9 Macedo, le blues touareg des maliens Aratan N\u2019Akalle, Maalam Gnaoui Majid Bekkas, la star montante gnaouia Hind Ennaira, la musique amazigh des musiciens marocains Tassuta N-Imal, d\u2019autres artistes venus d\u2019Inde, du S\u00e9n\u00e9gal, d&rsquo;Alg\u00e9rie, &#8230; et bien entendu de nombreux autres musiciens du Maroc.<\/p>\n<p>Avec son programme vari\u00e9 et dynamique, cet \u00e9v\u00e9nement attire des festivaliers du monde entier et convient \u00e0 tous les go\u00fbts et \u00e0 tous les publics.<\/p>\n<p>Le Festival International des Nomades qui fait la part belle au dialogue interculturel est un excellent mod\u00e8le d&rsquo;unit\u00e9 dans la diversit\u00e9.<\/p>\n<p>L\u2019\u00e9dition 2022 vous r\u00e9serve cette fois encore bien des surprises, dans un esprit d\u2019ouverture, de tol\u00e9rance et de respect, d\u2019amiti\u00e9 et de paix.<\/p>\n<p><strong>Dates \/ Lieux \/ Infos :<\/strong><\/p>\n<p>Samedi 12 et dimanche 13 novembre 2022<br \/>\nM&rsquo;hamid El Ghizlane &#8211; Zagora \u2013 MAROC<\/p>\n<p><a href=\"http:\/\/www.nomadsfestival.org\" target=\"_blank\" rel=\"noopener\">www.nomadsfestival.org<\/a><\/p>\n<p><a href=\"https:\/\/facebook.com\/nomade.monde\" target=\"_blank\" rel=\"noopener\">https:\/\/facebook.com\/nomade.monde<\/a><\/p>\n","protected":false},"excerpt":{"rendered":"<p>LE FESTIVAL DES NOMADES 2022, UNE EXPERIENCE EXCEPTIONNELLE A M\u2019HAMID EL GHIZLANE \u00ab La culture n&rsquo;est pas un luxe, c&rsquo;est une n\u00e9cessit\u00e9 \u00bb Gao Xingjian Le Festival International des Nomades annonce son retour apr\u00e8s deux ann\u00e9es d&rsquo;interruption avec une \u00e9dition sp\u00e9ciale riche en surprises qui se d\u00e9roulera les 12 et 13 novembre 2022 \u00e0 M\u2019hamid &hellip;<\/p>\n","protected":false},"author":2,"featured_media":4706,"comment_status":"open","ping_status":"closed","sticky":false,"template":"","format":"standard","meta":{"jetpack_post_was_ever_published":false,"_jetpack_newsletter_access":"","_jetpack_dont_email_post_to_subs":false,"_jetpack_newsletter_tier_id":0,"_jetpack_memberships_contains_paywalled_content":false,"_jetpack_memberships_contains_paid_content":false,"footnotes":"","jetpack_publicize_message":"","jetpack_publicize_feature_enabled":true,"jetpack_social_post_already_shared":true,"jetpack_social_options":{"image_generator_settings":{"template":"highway","default_image_id":0,"font":"","enabled":false},"version":2}},"categories":[26,10],"tags":[],"class_list":["post-4704","post","type-post","status-publish","format-standard","has-post-thumbnail","","category-agenda","category-maroc"],"jetpack_publicize_connections":[],"jetpack_featured_media_url":"https:\/\/i0.wp.com\/amadalamazigh.press.ma\/fr\/wp-content\/uploads\/2022\/10\/affiche-festival-nomades-2022.jpg?fit=1080%2C1480&ssl=1","jetpack_shortlink":"https:\/\/wp.me\/p9uxE2-1dS","jetpack_sharing_enabled":true,"_links":{"self":[{"href":"https:\/\/amadalamazigh.press.ma\/fr\/wp-json\/wp\/v2\/posts\/4704","targetHints":{"allow":["GET"]}}],"collection":[{"href":"https:\/\/amadalamazigh.press.ma\/fr\/wp-json\/wp\/v2\/posts"}],"about":[{"href":"https:\/\/amadalamazigh.press.ma\/fr\/wp-json\/wp\/v2\/types\/post"}],"author":[{"embeddable":true,"href":"https:\/\/amadalamazigh.press.ma\/fr\/wp-json\/wp\/v2\/users\/2"}],"replies":[{"embeddable":true,"href":"https:\/\/amadalamazigh.press.ma\/fr\/wp-json\/wp\/v2\/comments?post=4704"}],"version-history":[{"count":3,"href":"https:\/\/amadalamazigh.press.ma\/fr\/wp-json\/wp\/v2\/posts\/4704\/revisions"}],"predecessor-version":[{"id":4709,"href":"https:\/\/amadalamazigh.press.ma\/fr\/wp-json\/wp\/v2\/posts\/4704\/revisions\/4709"}],"wp:featuredmedia":[{"embeddable":true,"href":"https:\/\/amadalamazigh.press.ma\/fr\/wp-json\/wp\/v2\/media\/4706"}],"wp:attachment":[{"href":"https:\/\/amadalamazigh.press.ma\/fr\/wp-json\/wp\/v2\/media?parent=4704"}],"wp:term":[{"taxonomy":"category","embeddable":true,"href":"https:\/\/amadalamazigh.press.ma\/fr\/wp-json\/wp\/v2\/categories?post=4704"},{"taxonomy":"post_tag","embeddable":true,"href":"https:\/\/amadalamazigh.press.ma\/fr\/wp-json\/wp\/v2\/tags?post=4704"}],"curies":[{"name":"wp","href":"https:\/\/api.w.org\/{rel}","templated":true}]}}