{"id":4761,"date":"2022-12-05T12:53:23","date_gmt":"2022-12-05T11:53:23","guid":{"rendered":"https:\/\/amadalamazigh.press.ma\/fr\/?p=4761"},"modified":"2022-12-05T12:53:23","modified_gmt":"2022-12-05T11:53:23","slug":"ircam-colloque-international-la-determination-en-amazighe","status":"publish","type":"post","link":"https:\/\/amadalamazigh.press.ma\/fr\/ircam-colloque-international-la-determination-en-amazighe\/","title":{"rendered":"IRCAM: Colloque International &#8211; La d\u00e9termination en Amazighe"},"content":{"rendered":"<p><img data-recalc-dims=\"1\" loading=\"lazy\" decoding=\"async\" class=\"size-medium wp-image-4762 alignleft\" src=\"https:\/\/i0.wp.com\/amadalamazigh.press.ma\/fr\/wp-content\/uploads\/2022\/12\/0001.jpg?resize=353%2C250&#038;ssl=1\" alt=\"\" width=\"353\" height=\"250\" srcset=\"https:\/\/i0.wp.com\/amadalamazigh.press.ma\/fr\/wp-content\/uploads\/2022\/12\/0001.jpg?resize=353%2C250&amp;ssl=1 353w, https:\/\/i0.wp.com\/amadalamazigh.press.ma\/fr\/wp-content\/uploads\/2022\/12\/0001.jpg?resize=1024%2C724&amp;ssl=1 1024w, https:\/\/i0.wp.com\/amadalamazigh.press.ma\/fr\/wp-content\/uploads\/2022\/12\/0001.jpg?resize=1536%2C1086&amp;ssl=1 1536w, https:\/\/i0.wp.com\/amadalamazigh.press.ma\/fr\/wp-content\/uploads\/2022\/12\/0001.jpg?resize=2048%2C1448&amp;ssl=1 2048w, https:\/\/i0.wp.com\/amadalamazigh.press.ma\/fr\/wp-content\/uploads\/2022\/12\/0001.jpg?w=1236&amp;ssl=1 1236w, https:\/\/i0.wp.com\/amadalamazigh.press.ma\/fr\/wp-content\/uploads\/2022\/12\/0001.jpg?w=1854&amp;ssl=1 1854w\" sizes=\"auto, (max-width: 353px) 100vw, 353px\" \/>Dans le cadre de ses activit\u00e9s acad\u00e9miques, le Centre de l\u2019Am\u00e9nagement Linguistique organise les 8 et 9 d\u00e9cembre 2022, un colloque international d\u00e9di\u00e9 \u00e0 \u00ab La d\u00e9termination en amazighe \u00bb. Il s\u2019agit d\u2019une rencontre qui vise \u00e0 apporter davantage d\u2019\u00e9claircissements sur un ph\u00e9nom\u00e8ne de linguistique amazighe de morphosyntaxe. Il offre \u00e0 des chercheurs, nationaux et \u00e9trangers d\u2019horizons th\u00e9oriques diff\u00e9rents, d\u2019\u00e9changer et de d\u00e9battre de cette probl\u00e9matique particuli\u00e8re.<\/p>\n<p>Le colloque vise l\u2019approfondissement de la notion de d\u00e9termination d\u2019un point de vue syntaxique, s\u00e9mantique et formel. La r\u00e9flexion portera sur la question des rapports de d\u00e9termination qu\u2019entretiennent les unit\u00e9s phrastiques les unes et les autres dans leur environnement syntaxique imm\u00e9diat. En d\u2019autres termes, cette rencontre scientifique vise l\u2019\u00e9tude de la relation de d\u00e9termination fonctionnelle \u00e9tablie entre les unit\u00e9s et leurs d\u00e9terminants uni\/polyfonctionnels. L\u2019activit\u00e9 aura lieu au si\u00e8ge de l\u2019Institut Royal de la Culture Amazighe.<\/p>\n<p><img data-recalc-dims=\"1\" loading=\"lazy\" decoding=\"async\" class=\"aligncenter wp-image-4763 size-full\" src=\"https:\/\/i0.wp.com\/amadalamazigh.press.ma\/fr\/wp-content\/uploads\/2022\/12\/0002.jpg?resize=618%2C437&#038;ssl=1\" alt=\"\" width=\"618\" height=\"437\" srcset=\"https:\/\/i0.wp.com\/amadalamazigh.press.ma\/fr\/wp-content\/uploads\/2022\/12\/0002.jpg?w=3508&amp;ssl=1 3508w, https:\/\/i0.wp.com\/amadalamazigh.press.ma\/fr\/wp-content\/uploads\/2022\/12\/0002.jpg?resize=353%2C250&amp;ssl=1 353w, https:\/\/i0.wp.com\/amadalamazigh.press.ma\/fr\/wp-content\/uploads\/2022\/12\/0002.jpg?resize=1024%2C724&amp;ssl=1 1024w, https:\/\/i0.wp.com\/amadalamazigh.press.ma\/fr\/wp-content\/uploads\/2022\/12\/0002.jpg?resize=1536%2C1086&amp;ssl=1 1536w, https:\/\/i0.wp.com\/amadalamazigh.press.ma\/fr\/wp-content\/uploads\/2022\/12\/0002.jpg?resize=2048%2C1448&amp;ssl=1 2048w, https:\/\/i0.wp.com\/amadalamazigh.press.ma\/fr\/wp-content\/uploads\/2022\/12\/0002.jpg?w=1236&amp;ssl=1 1236w, https:\/\/i0.wp.com\/amadalamazigh.press.ma\/fr\/wp-content\/uploads\/2022\/12\/0002.jpg?w=1854&amp;ssl=1 1854w\" sizes=\"auto, (max-width: 618px) 100vw, 618px\" \/><\/p>\n","protected":false},"excerpt":{"rendered":"<p>Dans le cadre de ses activit\u00e9s acad\u00e9miques, le Centre de l\u2019Am\u00e9nagement Linguistique organise les 8 et 9 d\u00e9cembre 2022, un colloque international d\u00e9di\u00e9 \u00e0 \u00ab La d\u00e9termination en amazighe \u00bb. Il s\u2019agit d\u2019une rencontre qui vise \u00e0 apporter davantage d\u2019\u00e9claircissements sur un ph\u00e9nom\u00e8ne de linguistique amazighe de morphosyntaxe. Il offre \u00e0 des chercheurs, nationaux et &hellip;<\/p>\n","protected":false},"author":2,"featured_media":4762,"comment_status":"open","ping_status":"closed","sticky":false,"template":"","format":"standard","meta":{"jetpack_post_was_ever_published":false,"_jetpack_newsletter_access":"","_jetpack_dont_email_post_to_subs":false,"_jetpack_newsletter_tier_id":0,"_jetpack_memberships_contains_paywalled_content":false,"_jetpack_memberships_contains_paid_content":false,"footnotes":"","jetpack_publicize_message":"","jetpack_publicize_feature_enabled":true,"jetpack_social_post_already_shared":true,"jetpack_social_options":{"image_generator_settings":{"template":"highway","default_image_id":0,"font":"","enabled":false},"version":2}},"categories":[26,10],"tags":[],"class_list":["post-4761","post","type-post","status-publish","format-standard","has-post-thumbnail","","category-agenda","category-maroc"],"jetpack_publicize_connections":[],"jetpack_featured_media_url":"https:\/\/i0.wp.com\/amadalamazigh.press.ma\/fr\/wp-content\/uploads\/2022\/12\/0001.jpg?fit=3508%2C2481&ssl=1","jetpack_shortlink":"https:\/\/wp.me\/p9uxE2-1eN","jetpack_sharing_enabled":true,"_links":{"self":[{"href":"https:\/\/amadalamazigh.press.ma\/fr\/wp-json\/wp\/v2\/posts\/4761","targetHints":{"allow":["GET"]}}],"collection":[{"href":"https:\/\/amadalamazigh.press.ma\/fr\/wp-json\/wp\/v2\/posts"}],"about":[{"href":"https:\/\/amadalamazigh.press.ma\/fr\/wp-json\/wp\/v2\/types\/post"}],"author":[{"embeddable":true,"href":"https:\/\/amadalamazigh.press.ma\/fr\/wp-json\/wp\/v2\/users\/2"}],"replies":[{"embeddable":true,"href":"https:\/\/amadalamazigh.press.ma\/fr\/wp-json\/wp\/v2\/comments?post=4761"}],"version-history":[{"count":1,"href":"https:\/\/amadalamazigh.press.ma\/fr\/wp-json\/wp\/v2\/posts\/4761\/revisions"}],"predecessor-version":[{"id":4764,"href":"https:\/\/amadalamazigh.press.ma\/fr\/wp-json\/wp\/v2\/posts\/4761\/revisions\/4764"}],"wp:featuredmedia":[{"embeddable":true,"href":"https:\/\/amadalamazigh.press.ma\/fr\/wp-json\/wp\/v2\/media\/4762"}],"wp:attachment":[{"href":"https:\/\/amadalamazigh.press.ma\/fr\/wp-json\/wp\/v2\/media?parent=4761"}],"wp:term":[{"taxonomy":"category","embeddable":true,"href":"https:\/\/amadalamazigh.press.ma\/fr\/wp-json\/wp\/v2\/categories?post=4761"},{"taxonomy":"post_tag","embeddable":true,"href":"https:\/\/amadalamazigh.press.ma\/fr\/wp-json\/wp\/v2\/tags?post=4761"}],"curies":[{"name":"wp","href":"https:\/\/api.w.org\/{rel}","templated":true}]}}