{"id":4785,"date":"2022-12-19T01:51:44","date_gmt":"2022-12-19T00:51:44","guid":{"rendered":"https:\/\/amadalamazigh.press.ma\/fr\/?p=4785"},"modified":"2022-12-19T01:51:44","modified_gmt":"2022-12-19T00:51:44","slug":"riposte-internationale-denonce-les-lourdes-condamnations-prononcees-a-lencontre-des-deux-militant-e-s-de-la-culture-amazighe","status":"publish","type":"post","link":"https:\/\/amadalamazigh.press.ma\/fr\/riposte-internationale-denonce-les-lourdes-condamnations-prononcees-a-lencontre-des-deux-militant-e-s-de-la-culture-amazighe\/","title":{"rendered":"Riposte Internationale d\u00e9nonce les lourdes condamnations prononc\u00e9es \u00e0 l&rsquo;encontre des deux militant-e-s de la culture Amazighe"},"content":{"rendered":"<p><img data-recalc-dims=\"1\" loading=\"lazy\" decoding=\"async\" class=\"size-medium wp-image-2911 alignleft\" src=\"https:\/\/i0.wp.com\/amadalamazigh.press.ma\/fr\/wp-content\/uploads\/2020\/08\/riposte-internationale-logo.jpg?resize=354%2C250&#038;ssl=1\" alt=\"\" width=\"354\" height=\"250\" srcset=\"https:\/\/i0.wp.com\/amadalamazigh.press.ma\/fr\/wp-content\/uploads\/2020\/08\/riposte-internationale-logo.jpg?resize=354%2C250&amp;ssl=1 354w, https:\/\/i0.wp.com\/amadalamazigh.press.ma\/fr\/wp-content\/uploads\/2020\/08\/riposte-internationale-logo.jpg?w=842&amp;ssl=1 842w\" sizes=\"auto, (max-width: 354px) 100vw, 354px\" \/>Riposte Internationale d\u00e9nonce avec la plus grande vigueur les lourdes condamnations prononc\u00e9es \u00e0 l\u2019encontre des deux militant-e- s de la culture Amazighe, \u00e0 savoir Madame Kamira Nait Sid et Monsieur Ait Chebib Bouaziz, respectivement \u00e0 5 ans et 3 ans de prison ferme, assorties d\u2019une amende de 100 000 dinars alg\u00e9riens.<\/p>\n<p>Riposte Internationale d\u00e9nonce \u00e9galement la condamnation de Slimane Bouhafs de confession Chr\u00e9tienne \u00e0 3 ans de prison ferme et \u00e0 100 000 dinars d\u2019amende.<br \/>\nRiposte Internationale rappelle que la libert\u00e9 de culte est garantie par la constitution alg\u00e9rienne (article 42).<\/p>\n<p>Durant son proc\u00e8s, Slimane Bouhafs d\u00e9clare avoir subi des traitements d\u00e9gradants dont la torture, des traitements qui violent la convention internationale contre la torture et autres peines cruelles, inhumaines ou d\u00e9gradantes, sign\u00e9e pourtant par l\u2019Alg\u00e9rie, en date du 26 novembre 1985.<br \/>\nSlimane Bouhafs a aussi d\u00e9clar\u00e9 qu\u2019il jouissait d\u2019un statut de r\u00e9fugi\u00e9 en Tunisie depuis septembre 2020. Il \u00e9tait sous la protection du HCR, le Haut-Commissariat des Nations-Unis pour les R\u00e9fugi\u00e9s.<br \/>\nLa Tunisie est signataire de la Convention de Gen\u00e8ve de 1951, de son protocole de 1967 et de la convention de 1984 contre la torture. A ce titre, Slimane Bouhafs, ne devait pas \u00eatre extrad\u00e9 ou amen\u00e9 \u00e0 quitter de force le territoire tunisien.<br \/>\nN\u00e9anmoins, Slimane Bouhafs, d\u00e9clare avoir \u00e9t\u00e9 enlev\u00e9 et achemin\u00e9 en Alg\u00e9rie \u00e0 travers une for\u00eat.<br \/>\nRiposte Internationale joint sa voix \u00e0 la quarantaine d\u2019ONG tunisiennes qui accusent leurs autorit\u00e9s d\u2019avoir \u00ab livr\u00e9 Slimane Bouhafs \u00e0 l\u2019Alg\u00e9rie \u00bb.<\/p>\n<p>Compte tenu des d\u00e9clarations de Slimane Bouhafs, il y a lieu de s\u2019interroger sur la proc\u00e9dure utilis\u00e9e pour lui faire quitter le territoire tunisien en \u00e9tant r\u00e9fugi\u00e9 et en sachant qu\u2019aucune proc\u00e9dure officielle d\u2019extradition n\u2019a \u00e9t\u00e9 \u00e9mise \u00e0 son encontre officiellement.<br \/>\nRiposte Internationale rappelle qu\u2019en d\u00e9pit de la lib\u00e9ration de quelques d\u00e9tenu-es d\u2019opinion, nombreux ceux qui demeurent incarc\u00e9r\u00e9s, condamn\u00e9s \u00e0 de lourdes peines, pour le simple fait d\u2019avoir exprim\u00e9 pacifiquement leur opinion.<\/p>\n<p>Riposte Internationale exprime sa totale solidarit\u00e9 avec tous les d\u00e9tenu-es d\u2019opinion, r\u00e9it\u00e8re la demande de leur lib\u00e9ration inconditionnelle et la lev\u00e9e des pressions judiciaires qui p\u00e8sent sur bon nombre de militant-e-s en libert\u00e9 surveill\u00e9e, restreints dans leur libert\u00e9 de circulation, quand ils ne font pas l\u2019objet d\u2019une interdiction de quitter le territoire.<br \/>\nPour exprimer notre soutien ind\u00e9fectible aux d\u00e9tenu-e-s d\u2019opinion, nous vous invitons \u00e0 vous joindre \u00e0 un sit-in le mercredi 21 d\u00e9cembre, de 15h \u2013 18h devant L\u2019Ambassade d\u2019Alg\u00e9rie 50, rue de Lisbonne 75008 Paris<\/p>\n","protected":false},"excerpt":{"rendered":"<p>Riposte Internationale d\u00e9nonce avec la plus grande vigueur les lourdes condamnations prononc\u00e9es \u00e0 l\u2019encontre des deux militant-e- s de la culture Amazighe, \u00e0 savoir Madame Kamira Nait Sid et Monsieur Ait Chebib Bouaziz, respectivement \u00e0 5 ans et 3 ans de prison ferme, assorties d\u2019une amende de 100 000 dinars alg\u00e9riens. Riposte Internationale d\u00e9nonce \u00e9galement &hellip;<\/p>\n","protected":false},"author":2,"featured_media":2911,"comment_status":"open","ping_status":"closed","sticky":false,"template":"","format":"standard","meta":{"jetpack_post_was_ever_published":false,"_jetpack_newsletter_access":"","_jetpack_dont_email_post_to_subs":false,"_jetpack_newsletter_tier_id":0,"_jetpack_memberships_contains_paywalled_content":false,"_jetpack_memberships_contains_paid_content":false,"footnotes":"","jetpack_publicize_message":"","jetpack_publicize_feature_enabled":true,"jetpack_social_post_already_shared":true,"jetpack_social_options":{"image_generator_settings":{"template":"highway","default_image_id":0,"font":"","enabled":false},"version":2}},"categories":[8],"tags":[],"class_list":["post-4785","post","type-post","status-publish","format-standard","has-post-thumbnail","","category-algerie"],"jetpack_publicize_connections":[],"jetpack_featured_media_url":"https:\/\/i0.wp.com\/amadalamazigh.press.ma\/fr\/wp-content\/uploads\/2020\/08\/riposte-internationale-logo.jpg?fit=842%2C595&ssl=1","jetpack_shortlink":"https:\/\/wp.me\/p9uxE2-1fb","jetpack_sharing_enabled":true,"_links":{"self":[{"href":"https:\/\/amadalamazigh.press.ma\/fr\/wp-json\/wp\/v2\/posts\/4785","targetHints":{"allow":["GET"]}}],"collection":[{"href":"https:\/\/amadalamazigh.press.ma\/fr\/wp-json\/wp\/v2\/posts"}],"about":[{"href":"https:\/\/amadalamazigh.press.ma\/fr\/wp-json\/wp\/v2\/types\/post"}],"author":[{"embeddable":true,"href":"https:\/\/amadalamazigh.press.ma\/fr\/wp-json\/wp\/v2\/users\/2"}],"replies":[{"embeddable":true,"href":"https:\/\/amadalamazigh.press.ma\/fr\/wp-json\/wp\/v2\/comments?post=4785"}],"version-history":[{"count":1,"href":"https:\/\/amadalamazigh.press.ma\/fr\/wp-json\/wp\/v2\/posts\/4785\/revisions"}],"predecessor-version":[{"id":4786,"href":"https:\/\/amadalamazigh.press.ma\/fr\/wp-json\/wp\/v2\/posts\/4785\/revisions\/4786"}],"wp:featuredmedia":[{"embeddable":true,"href":"https:\/\/amadalamazigh.press.ma\/fr\/wp-json\/wp\/v2\/media\/2911"}],"wp:attachment":[{"href":"https:\/\/amadalamazigh.press.ma\/fr\/wp-json\/wp\/v2\/media?parent=4785"}],"wp:term":[{"taxonomy":"category","embeddable":true,"href":"https:\/\/amadalamazigh.press.ma\/fr\/wp-json\/wp\/v2\/categories?post=4785"},{"taxonomy":"post_tag","embeddable":true,"href":"https:\/\/amadalamazigh.press.ma\/fr\/wp-json\/wp\/v2\/tags?post=4785"}],"curies":[{"name":"wp","href":"https:\/\/api.w.org\/{rel}","templated":true}]}}