{"id":4865,"date":"2023-01-29T14:11:18","date_gmt":"2023-01-29T13:11:18","guid":{"rendered":"https:\/\/amadalamazigh.press.ma\/fr\/?p=4865"},"modified":"2023-01-29T14:13:25","modified_gmt":"2023-01-29T13:13:25","slug":"le-corps-dorientation-et-de-planification-pedagogique-se-meurt","status":"publish","type":"post","link":"https:\/\/amadalamazigh.press.ma\/fr\/le-corps-dorientation-et-de-planification-pedagogique-se-meurt\/","title":{"rendered":"Le corps d\u2019orientation et de planification p\u00e9dagogique se meurt"},"content":{"rendered":"<figure id=\"attachment_4866\" aria-describedby=\"caption-attachment-4866\" style=\"width: 246px\" class=\"wp-caption alignright\"><img data-recalc-dims=\"1\" loading=\"lazy\" decoding=\"async\" class=\"wp-image-4866 size-medium\" src=\"https:\/\/i0.wp.com\/amadalamazigh.press.ma\/fr\/wp-content\/uploads\/2023\/01\/IMG-20230123-WA0004.jpg?resize=246%2C250&#038;ssl=1\" alt=\"El ghazi Lakbir\" width=\"246\" height=\"250\" srcset=\"https:\/\/i0.wp.com\/amadalamazigh.press.ma\/fr\/wp-content\/uploads\/2023\/01\/IMG-20230123-WA0004.jpg?resize=246%2C250&amp;ssl=1 246w, https:\/\/i0.wp.com\/amadalamazigh.press.ma\/fr\/wp-content\/uploads\/2023\/01\/IMG-20230123-WA0004.jpg?w=467&amp;ssl=1 467w\" sizes=\"auto, (max-width: 246px) 100vw, 246px\" \/><figcaption id=\"caption-attachment-4866\" class=\"wp-caption-text\">Par: El ghazi Lakbir<\/figcaption><\/figure>\n<p>Par l\u2019accord du 14 janvier 2023, le minist\u00e8re de l\u2019Education Nationale, du Pr\u00e9scolaire et des Sports, avec la b\u00e9n\u00e9diction des syndicats les plus repr\u00e9sentatifs, a pris deux mesures partiales relatives au corps de l\u2019orientation p\u00e9dagogique.<\/p>\n<p>Il a d\u2019abord proc\u00e9d\u00e9 au d\u00e9mant\u00e8lement du corps d\u2019orientation et de planification de l\u2019\u00e9ducation. Il le met en pi\u00e8ces, probablement, sans se pr\u00e9occuper des retomb\u00e9es d\u2019une telle d\u00e9cision. Il omet certainement toutes les dispositions qui font de l\u2019orientation un corps unique, ayant des sp\u00e9cificit\u00e9s propres et des particularit\u00e9s individuelles \u00e0 c\u00f4t\u00e9, bien s\u00fbr, des caract\u00e9ristiques partag\u00e9es avec le corps enseignant, comme le corps d\u2019encadrement et de contr\u00f4le p\u00e9dagogique puisque leurs t\u00e2ches se compl\u00e8tent.<\/p>\n<p>Pourtant, \u00e0 l\u2019aune des plans entrepris \u00e0 moyen et long termes, en particulier dans la vision strat\u00e9gique 2015- 2030 et la loi cadre, le cadre de l\u2019orientation, dans la perspective du Minist\u00e8re de l\u2019Education, est une pi\u00e8ce ma\u00eetresse dans l\u2019\u00e9difice scolaire!.<\/p>\n<p>Comment s\u2019est-il fait que le minist\u00e8re en question vire-t-il de bord subitement?.<\/p>\n<p>Plus encore, il songe greffer le corps de l\u2019orientation sur un autre corps sans prudence ni consid\u00e9ration de leur compatibilit\u00e9 et donc, de la r\u00e9ussite de la r\u00e9solution.<\/p>\n<p>N\u2019est-il pas souhaitable, si la solution de garder le corps intact est inenvisageable, de ne pas le dissocier en bouts, et d\u2019essayer tout autrement, de le joindre en int\u00e9gralit\u00e9 \u00e0 un corps assimilable?.<\/p>\n<p>La seconde mesure pr\u00e9judiciable \u00e0 la promotion (2022-2024) en cours de formation dans le centre d\u2019orientation et de planification p\u00e9dagogique est une injustice criante. En effet, cette promotion a fait son entr\u00e9e au centre de formation sous des conditions tr\u00e8s s\u00e9lectives, il faut bien le dire, aucune promotion auparavant, n\u2019a int\u00e9gr\u00e9 ce m\u00eame centre avec de telles exigences. Malheureusement, \u00e0 la lumi\u00e8re de l\u2019accord susmentionn\u00e9e, cette promotion perdra de tout, aucun de ses acquis ne sera pr\u00e9serv\u00e9, plus encore, son statut professionnel se verra d\u00e9grader in\u00e9luctablement!.<\/p>\n<p>Elle sera priv\u00e9e de son anciennet\u00e9, puisqu\u2019elle sera jeune promotion, tout en sachant que les stagiaires ont tous au moins quinze ans d\u2019anciennet\u00e9 dans leur cadre. Aussi, ledit statut de stagiaire \u00f4tera \u00e0 cette promotion le droit de s\u2019inscrire sur les listes de la promotion de grade et reculera par cons\u00e9quent son avancement \u00e0 une date ind\u00e9termin\u00e9e.<\/p>\n<p>Cette promotion, quittera le centre de formation avec le m\u00eame grade, alors qu\u2019elle a effectu\u00e9 deux ans de formation de haut niveau ! Destin exceptionnel d\u2019une promotion exceptionnelle.<br \/>\nEn r\u00e9action \u00e0 cette d\u00e9cision injuste, les stagiaires de la promotion en question protestent et font savoir leur m\u00e9contentement et leur indignation, ils ont fond\u00e9 une coordination pour s\u2019organiser et faire entendre leur voix.<\/p>\n<p>Les syndicats de l\u2019enseignement signataires de l\u2019accord seraient-ils capables de pallier cette r\u00e9elle d\u00e9faillance dans leurs prochaines rencontres avec le Minist\u00e8re de l\u2019Education Nationale, du Pr\u00e9scolaire et des Sports?.<\/p>\n<p>Le minist\u00e8re de tutelle aurait-il de la lucidit\u00e9 sur cet \u00e9cart et proc\u00e8derait-il \u00e0 la r\u00e9paration de cette injustice?.<\/p>\n<p>\u201c<em>Dans la vie, tout est toujours possible, on peut sortir de sa condition et rattraper ses erreurs<\/em>.\u201d J\u2019ins\u00e8re, en cas de bonne foi.<\/p>\n","protected":false},"excerpt":{"rendered":"<p>Par l\u2019accord du 14 janvier 2023, le minist\u00e8re de l\u2019Education Nationale, du Pr\u00e9scolaire et des Sports, avec la b\u00e9n\u00e9diction des syndicats les plus repr\u00e9sentatifs, a pris deux mesures partiales relatives au corps de l\u2019orientation p\u00e9dagogique. Il a d\u2019abord proc\u00e9d\u00e9 au d\u00e9mant\u00e8lement du corps d\u2019orientation et de planification de l\u2019\u00e9ducation. Il le met en pi\u00e8ces, probablement, &hellip;<\/p>\n","protected":false},"author":2,"featured_media":4866,"comment_status":"open","ping_status":"closed","sticky":false,"template":"","format":"standard","meta":{"jetpack_post_was_ever_published":false,"_jetpack_newsletter_access":"","_jetpack_dont_email_post_to_subs":false,"_jetpack_newsletter_tier_id":0,"_jetpack_memberships_contains_paywalled_content":false,"_jetpack_memberships_contains_paid_content":false,"footnotes":"","jetpack_publicize_message":"","jetpack_publicize_feature_enabled":true,"jetpack_social_post_already_shared":true,"jetpack_social_options":{"image_generator_settings":{"template":"highway","default_image_id":0,"font":"","enabled":false},"version":2}},"categories":[10,13],"tags":[],"class_list":["post-4865","post","type-post","status-publish","format-standard","has-post-thumbnail","","category-maroc","category-opinions"],"jetpack_publicize_connections":[],"jetpack_featured_media_url":"https:\/\/i0.wp.com\/amadalamazigh.press.ma\/fr\/wp-content\/uploads\/2023\/01\/IMG-20230123-WA0004.jpg?fit=467%2C474&ssl=1","jetpack_shortlink":"https:\/\/wp.me\/p9uxE2-1gt","jetpack_sharing_enabled":true,"_links":{"self":[{"href":"https:\/\/amadalamazigh.press.ma\/fr\/wp-json\/wp\/v2\/posts\/4865","targetHints":{"allow":["GET"]}}],"collection":[{"href":"https:\/\/amadalamazigh.press.ma\/fr\/wp-json\/wp\/v2\/posts"}],"about":[{"href":"https:\/\/amadalamazigh.press.ma\/fr\/wp-json\/wp\/v2\/types\/post"}],"author":[{"embeddable":true,"href":"https:\/\/amadalamazigh.press.ma\/fr\/wp-json\/wp\/v2\/users\/2"}],"replies":[{"embeddable":true,"href":"https:\/\/amadalamazigh.press.ma\/fr\/wp-json\/wp\/v2\/comments?post=4865"}],"version-history":[{"count":2,"href":"https:\/\/amadalamazigh.press.ma\/fr\/wp-json\/wp\/v2\/posts\/4865\/revisions"}],"predecessor-version":[{"id":4868,"href":"https:\/\/amadalamazigh.press.ma\/fr\/wp-json\/wp\/v2\/posts\/4865\/revisions\/4868"}],"wp:featuredmedia":[{"embeddable":true,"href":"https:\/\/amadalamazigh.press.ma\/fr\/wp-json\/wp\/v2\/media\/4866"}],"wp:attachment":[{"href":"https:\/\/amadalamazigh.press.ma\/fr\/wp-json\/wp\/v2\/media?parent=4865"}],"wp:term":[{"taxonomy":"category","embeddable":true,"href":"https:\/\/amadalamazigh.press.ma\/fr\/wp-json\/wp\/v2\/categories?post=4865"},{"taxonomy":"post_tag","embeddable":true,"href":"https:\/\/amadalamazigh.press.ma\/fr\/wp-json\/wp\/v2\/tags?post=4865"}],"curies":[{"name":"wp","href":"https:\/\/api.w.org\/{rel}","templated":true}]}}