{"id":4870,"date":"2023-02-01T12:22:14","date_gmt":"2023-02-01T11:22:14","guid":{"rendered":"https:\/\/amadalamazigh.press.ma\/fr\/?p=4870"},"modified":"2023-02-01T12:27:44","modified_gmt":"2023-02-01T11:27:44","slug":"apres-londres-bank-of-africa-fait-escale-a-bruxelles-a-la-rencontre-des-marocains-citoyens-du-monde","status":"publish","type":"post","link":"https:\/\/amadalamazigh.press.ma\/fr\/apres-londres-bank-of-africa-fait-escale-a-bruxelles-a-la-rencontre-des-marocains-citoyens-du-monde\/","title":{"rendered":"Apr\u00e8s Londres, BANK OF AFRICA fait escale \u00e0 Bruxelles \u00e0 la rencontre des Marocains Citoyens du Monde"},"content":{"rendered":"<p style=\"text-align: center;\"><span style=\"color: #000080;\"><strong><img data-recalc-dims=\"1\" loading=\"lazy\" decoding=\"async\" class=\"aligncenter wp-image-4871 size-full\" src=\"https:\/\/i0.wp.com\/amadalamazigh.press.ma\/fr\/wp-content\/uploads\/2023\/02\/Photo-1.jpg?resize=618%2C288&#038;ssl=1\" alt=\"\" width=\"618\" height=\"288\" srcset=\"https:\/\/i0.wp.com\/amadalamazigh.press.ma\/fr\/wp-content\/uploads\/2023\/02\/Photo-1.jpg?w=1280&amp;ssl=1 1280w, https:\/\/i0.wp.com\/amadalamazigh.press.ma\/fr\/wp-content\/uploads\/2023\/02\/Photo-1.jpg?resize=450%2C210&amp;ssl=1 450w, https:\/\/i0.wp.com\/amadalamazigh.press.ma\/fr\/wp-content\/uploads\/2023\/02\/Photo-1.jpg?resize=1024%2C478&amp;ssl=1 1024w\" sizes=\"auto, (max-width: 618px) 100vw, 618px\" \/><\/strong><\/span><\/p>\n<p style=\"text-align: center;\"><span style=\"color: #000080;\"><strong>BANK OF AFRICA va \u00e0 la rencontre des Marocains Citoyens du Monde \u2013MCM- dans le cadre de son partenariat avec \u00abLes Rencontres de la Fondation Troph\u00e9es Marocains du Monde\u00bb initi\u00e9 par BM Magazine et La Fondation Troph\u00e9es Marocains du Monde<\/strong><\/span><\/p>\n<p>Suite au discours de Sa Majest\u00e9 le Roi Mohammed VI que dieu l\u2019assiste appelant les \u00e9tablissements publics et le secteur national de la finance et des affaires \u00e0 s\u2019ouvrir davantage sur les investisseurs parmi les membres de la communaut\u00e9 marocaine \u00e0 l\u2019\u00e9tranger, et \u00e0 mettre en place, en leur faveur, des m\u00e9canismes efficaces de parrainage, d\u2019accompagnement et de partenariat, BANK OF AFRICA se mobilise avec ses partenaires BM Magazine et La Fondation Troph\u00e9es Marocains du Monde pour \u00eatre au plus pr\u00e8s de la communaut\u00e9 et r\u00e9pondre aux besoins des MCM dans leurs pays de r\u00e9sidence.<\/p>\n<p>En effet, BANK OF AFRICA a donn\u00e9 un nouvel \u00e9lan \u00e0 son initiative \u00ab\u00a0<strong>S\u00e9minaires R\u00e9gionaux d&rsquo;Investissement des MCM<\/strong>\u00a0\u00bb lanc\u00e9e depuis 9 ans \u00e0 travers l&rsquo;organisation d&rsquo;une trentaine de rencontres dans les diff\u00e9rentes r\u00e9gions du Royaume au profit de 1.500 participants et avec l\u2019accompagnement de plus de 150 experts m\u00e9tiers repr\u00e9sentant des institutions publiques et priv\u00e9es. Aujourd\u2019hui, cette initiative s\u2019\u00e9tend au-del\u00e0 des fronti\u00e8res marocaines dans les pays \u00e0 forte communaut\u00e9 de MCM, ayant un int\u00e9r\u00eat strat\u00e9gique pour le Royaume.<\/p>\n<p>Ce cycle de rencontres \u00e0 l\u2019\u00e9tranger a d\u00e9marr\u00e9 le 11 novembre 2022 \u00e0 Londres et la 2nde \u00e9dition s\u2019est tenue \u00e0 Bruxelles le vendredi 27 janvier 2023 sous le th\u00e8me: \u00ab<strong>D\u00e9veloppement \u00e9conomique du Maroc : Quel r\u00f4le pour les Marocains du Monde?<\/strong>\u00bb.<\/p>\n<p><img data-recalc-dims=\"1\" loading=\"lazy\" decoding=\"async\" class=\"size-medium wp-image-4872 alignright\" src=\"https:\/\/i0.wp.com\/amadalamazigh.press.ma\/fr\/wp-content\/uploads\/2023\/02\/Photo-2.jpg?resize=333%2C250&#038;ssl=1\" alt=\"\" width=\"333\" height=\"250\" srcset=\"https:\/\/i0.wp.com\/amadalamazigh.press.ma\/fr\/wp-content\/uploads\/2023\/02\/Photo-2.jpg?resize=333%2C250&amp;ssl=1 333w, https:\/\/i0.wp.com\/amadalamazigh.press.ma\/fr\/wp-content\/uploads\/2023\/02\/Photo-2.jpg?resize=1024%2C768&amp;ssl=1 1024w, https:\/\/i0.wp.com\/amadalamazigh.press.ma\/fr\/wp-content\/uploads\/2023\/02\/Photo-2.jpg?resize=200%2C150&amp;ssl=1 200w, https:\/\/i0.wp.com\/amadalamazigh.press.ma\/fr\/wp-content\/uploads\/2023\/02\/Photo-2.jpg?w=1280&amp;ssl=1 1280w\" sizes=\"auto, (max-width: 333px) 100vw, 333px\" \/>Ce s\u00e9minaire a eu pour but de cr\u00e9er un espace d\u2019\u00e9changes autour des diff\u00e9rents chantiers ayant permis d&rsquo;am\u00e9liorer le climat des affaires au Maroc, en l&rsquo;occurrence la diversification du tissu \u00e9conomique, le renforcement des structures logistiques et la modernisation du cadre juridique et administratif. Ce fut \u00e9galement l\u2019occasion de pr\u00e9senter les diff\u00e9rents dispositifs de financement, de conseil et d\u2019accompagnement que BANK OF AFRICA met \u00e0 la disposition des Marocains du Monde pour leurs projets d\u2019investissement au Maroc.<\/p>\n<p>La banque confirme ainsi, \u00e0 travers ce partenariat, sa position de banque proche des MRE et son r\u00f4le d\u2019acteur financier incontournable pour les MRE investisseurs.<\/p>\n","protected":false},"excerpt":{"rendered":"<p>BANK OF AFRICA va \u00e0 la rencontre des Marocains Citoyens du Monde \u2013MCM- dans le cadre de son partenariat avec \u00abLes Rencontres de la Fondation Troph\u00e9es Marocains du Monde\u00bb initi\u00e9 par BM Magazine et La Fondation Troph\u00e9es Marocains du Monde Suite au discours de Sa Majest\u00e9 le Roi Mohammed VI que dieu l\u2019assiste appelant les &hellip;<\/p>\n","protected":false},"author":2,"featured_media":4871,"comment_status":"open","ping_status":"closed","sticky":false,"template":"","format":"standard","meta":{"jetpack_post_was_ever_published":false,"_jetpack_newsletter_access":"","_jetpack_dont_email_post_to_subs":false,"_jetpack_newsletter_tier_id":0,"_jetpack_memberships_contains_paywalled_content":false,"_jetpack_memberships_contains_paid_content":false,"footnotes":"","jetpack_publicize_message":"","jetpack_publicize_feature_enabled":true,"jetpack_social_post_already_shared":true,"jetpack_social_options":{"image_generator_settings":{"template":"highway","default_image_id":0,"font":"","enabled":false},"version":2}},"categories":[10],"tags":[],"class_list":["post-4870","post","type-post","status-publish","format-standard","has-post-thumbnail","","category-maroc"],"jetpack_publicize_connections":[],"jetpack_featured_media_url":"https:\/\/i0.wp.com\/amadalamazigh.press.ma\/fr\/wp-content\/uploads\/2023\/02\/Photo-1.jpg?fit=1280%2C597&ssl=1","jetpack_shortlink":"https:\/\/wp.me\/p9uxE2-1gy","jetpack_sharing_enabled":true,"_links":{"self":[{"href":"https:\/\/amadalamazigh.press.ma\/fr\/wp-json\/wp\/v2\/posts\/4870","targetHints":{"allow":["GET"]}}],"collection":[{"href":"https:\/\/amadalamazigh.press.ma\/fr\/wp-json\/wp\/v2\/posts"}],"about":[{"href":"https:\/\/amadalamazigh.press.ma\/fr\/wp-json\/wp\/v2\/types\/post"}],"author":[{"embeddable":true,"href":"https:\/\/amadalamazigh.press.ma\/fr\/wp-json\/wp\/v2\/users\/2"}],"replies":[{"embeddable":true,"href":"https:\/\/amadalamazigh.press.ma\/fr\/wp-json\/wp\/v2\/comments?post=4870"}],"version-history":[{"count":3,"href":"https:\/\/amadalamazigh.press.ma\/fr\/wp-json\/wp\/v2\/posts\/4870\/revisions"}],"predecessor-version":[{"id":4875,"href":"https:\/\/amadalamazigh.press.ma\/fr\/wp-json\/wp\/v2\/posts\/4870\/revisions\/4875"}],"wp:featuredmedia":[{"embeddable":true,"href":"https:\/\/amadalamazigh.press.ma\/fr\/wp-json\/wp\/v2\/media\/4871"}],"wp:attachment":[{"href":"https:\/\/amadalamazigh.press.ma\/fr\/wp-json\/wp\/v2\/media?parent=4870"}],"wp:term":[{"taxonomy":"category","embeddable":true,"href":"https:\/\/amadalamazigh.press.ma\/fr\/wp-json\/wp\/v2\/categories?post=4870"},{"taxonomy":"post_tag","embeddable":true,"href":"https:\/\/amadalamazigh.press.ma\/fr\/wp-json\/wp\/v2\/tags?post=4870"}],"curies":[{"name":"wp","href":"https:\/\/api.w.org\/{rel}","templated":true}]}}