{"id":4876,"date":"2023-02-01T15:49:11","date_gmt":"2023-02-01T14:49:11","guid":{"rendered":"https:\/\/amadalamazigh.press.ma\/fr\/?p=4876"},"modified":"2023-02-01T15:49:11","modified_gmt":"2023-02-01T14:49:11","slug":"les-amazighs-protestent-contre-la-falsification-des-diplomates-marocains-de-lhistoire-du-royaume-du-maroc","status":"publish","type":"post","link":"https:\/\/amadalamazigh.press.ma\/fr\/les-amazighs-protestent-contre-la-falsification-des-diplomates-marocains-de-lhistoire-du-royaume-du-maroc\/","title":{"rendered":"Les Amazighs protestent contre la falsification des diplomates marocains de l&rsquo;histoire du Royaume du Maroc"},"content":{"rendered":"<p style=\"font-weight: 400; text-align: right;\"><img data-recalc-dims=\"1\" loading=\"lazy\" decoding=\"async\" class=\"size-medium wp-image-4877 alignleft\" src=\"https:\/\/i0.wp.com\/amadalamazigh.press.ma\/fr\/wp-content\/uploads\/2023\/02\/Screenshot_20230130-180356_Samsung-Internet.jpg?resize=450%2C214&#038;ssl=1\" alt=\"\" width=\"450\" height=\"214\" srcset=\"https:\/\/i0.wp.com\/amadalamazigh.press.ma\/fr\/wp-content\/uploads\/2023\/02\/Screenshot_20230130-180356_Samsung-Internet.jpg?resize=450%2C214&amp;ssl=1 450w, https:\/\/i0.wp.com\/amadalamazigh.press.ma\/fr\/wp-content\/uploads\/2023\/02\/Screenshot_20230130-180356_Samsung-Internet.jpg?resize=1024%2C488&amp;ssl=1 1024w, https:\/\/i0.wp.com\/amadalamazigh.press.ma\/fr\/wp-content\/uploads\/2023\/02\/Screenshot_20230130-180356_Samsung-Internet.jpg?resize=1536%2C732&amp;ssl=1 1536w, https:\/\/i0.wp.com\/amadalamazigh.press.ma\/fr\/wp-content\/uploads\/2023\/02\/Screenshot_20230130-180356_Samsung-Internet.jpg?resize=2048%2C976&amp;ssl=1 2048w, https:\/\/i0.wp.com\/amadalamazigh.press.ma\/fr\/wp-content\/uploads\/2023\/02\/Screenshot_20230130-180356_Samsung-Internet.jpg?w=1236&amp;ssl=1 1236w, https:\/\/i0.wp.com\/amadalamazigh.press.ma\/fr\/wp-content\/uploads\/2023\/02\/Screenshot_20230130-180356_Samsung-Internet.jpg?w=1854&amp;ssl=1 1854w\" sizes=\"auto, (max-width: 450px) 100vw, 450px\" \/>Rabat, le 01 F\u00e9vrier 2023\/2973<\/p>\n<p style=\"font-weight: 400;\"><strong>Son Excellence M. Nasser BOURITA,<\/strong><\/p>\n<p style=\"font-weight: 400;\"><strong>Ministre des Affaires Etrang\u00e8res, de la Coop\u00e9ration et des Marocains r\u00e9sidant \u00e0 l\u2019\u00e9tranger du Royaume du Maroc,<\/strong><\/p>\n<p style=\"font-weight: 400;\">Objet\u00a0:\u00a0<strong>demande aux ambassadeurs d\u2019arr\u00eater de falsifier l\u2019histoire du Maroc et de recruter des enseignants de la langue amazighe pour la scolarisation des enfants des citoyens marocains r\u00e9sidant \u00e0 l\u2019\u00e9tranger<\/strong><\/p>\n<p style=\"font-weight: 400;\">Monsieur le Ministre,<\/p>\n<p style=\"font-weight: 400;\">Nous sommes profond\u00e9ment stup\u00e9faits que l\u2019ambassadrice de notre royaume au Royaume d\u2019Espagne r\u00e9duit la longue histoire du Maroc \u00e0 l\u2019arriv\u00e9e des conqu\u00e9rants \u00ab\u00a0Arabes\u00a0\u00bb en Afrique du Nord (1) sur la web officielle de l\u2019ambassade, en persistant \u00e0 falsifier notre riche histoire comme l\u2019avait d\u00e9j\u00e0 et maladroitement soutenu l\u2019ambassadeur Youssef Amrani lorsqu\u2019il \u00e9tait destin\u00e9 en Afrique du Sud (2), en r\u00e9duisant\u00a0l\u2019histoire du Maroc \u00e0 une courte p\u00e9riode \u00a0de 12 si\u00e8cle seulement, -lorsque la tribu amazighe des Aouraba avait offert refuge et nomm\u00e9 sultan Idriss Premier-, \u00a0en allant en contradiction totale de contenu du discours royal, soutenu \u00e0 l&rsquo;occasion de la c\u00e9l\u00e9bration de la f\u00eate du Roi et du Peuple, du 20 ao\u00fbt 2021, o\u00f9 Sa Majest\u00e9\u00a0Le Roi Mohamed VI avait\u00a0d\u00e9clar\u00e9 que : \u00ab\u00a0<em>Le Maroc est vis\u00e9 du fait qu\u2019il est un Etat pleinement constitu\u00e9 depuis plus de douze si\u00e8cles, outre une longue histoire amazighe\u2026\u00bb<\/em>.<\/p>\n<p style=\"font-weight: 400;\">Nous vous demandons de faire votre possible pour que nos repr\u00e9sentations diplomatiques cessent de persister \u00e0 falsifier notre \u00abm\u00e9moire collective\u00bb, qui d\u00e9passe, d\u00e9sormais, les\u00a0dynasties musulmanes, et qui s\u2019enracine au-del\u00e0 des quatre si\u00e8cles de pr\u00e9sence romano-ph\u00e9nicienne et des royaumes maures et r\u00e9troc\u00e9dant jusqu\u2019\u00e0 la pr\u00e9histoire, et en remontant jusqu\u2019\u00e0 \u00ab\u00a0l\u2019Homme d\u2019Adrar ighoud\u00a0\u00bb, qui constitue pour le moment l\u2019a\u00efeul de toute l\u2019humanit\u00e9, depuis 315 000 ans ! Et par cons\u00e9quent de les conseiller d\u2019\u00eatre fiers de notre histoire plurimill\u00e9naire qui d\u00e9passe m\u00eame les 33 si\u00e8cles qu\u2019avait r\u00e9sum\u00e9 Mohamed Chafik dans son livre et que l\u2019historienne Halima Ghazi-Ben Ma\u00efssa r\u00e9sume formidablement en ces termes\u00a0: \u00ab\u00a0<em>Tout le monde sait que le pays de Tamazgha (Afrique septentrionale ou Berb\u00e9rie) avait connu une occupation fabuleuse de sa terre depuis l\u2019Australopith\u00e8que jusqu\u2019\u00e0 l\u2019homme historique en passant par l\u2019Homo Erectus, l\u2019Homo sapiens d\u2019Ighoud, l\u2019homo sapiens sapiens (auteur de la culture at\u00e9rienne), le Mechti Afalou (auteur de la culture mouilahienne nomm\u00e9e \u00e0 tort d\u2019Ib\u00e9ro-maurusienne) et le Capsien \u2026<\/em>\u00bb (3) .<\/p>\n<p style=\"font-weight: 400;\">Monsieur Le Ministre,<\/p>\n<p style=\"font-weight: 400;\">Laissez-nous vous confesser que ce n\u2019est pas de tout normal que des ambassades accr\u00e9dit\u00e9es au Maroc, comme celles d\u2019Espagne, d\u2019Allemagne, de France, des USA, du Canada, de Suisse, d\u2019Angleterre, de Su\u00e8de, de Pologne, de Finlande, de la Palestine et de l\u2019Union Europ\u00e9enne\u2026 f\u00e9licitent le peuple marocain pour leur nouvel an amazigh 2973 et que nos ambassadeurs \u00e0 l\u2019\u00e9tranger l\u2019ignorent compl\u00e8tement pour le f\u00eater et partager la joie de sa c\u00e9l\u00e9bration avec nos communaut\u00e9s r\u00e9sidentes \u00e0 l\u2019\u00e9tranger, \u00e0 l\u2019exception bien s\u00fbr de celle de la\u00a0Belgique\u00a0!<\/p>\n<p style=\"font-weight: 400;\">Notre ambassadrice Madame Karima BENYAICH vient d\u2019\u00eatre \u00e9lue pr\u00e9sidente de la Commission permanente du Conseil diplomatique de \u00ab\u00a0Casa Mediterraneo\u00a0\u00bb \u00e0 Alicante le week-end dernier et \u00e7a serait fort recommandable qu\u2019elle sache que les Amazighs seraient \u00e0 l\u2019origine de la cr\u00e9ation de la civilisation m\u00e9diterran\u00e9enne, avant la venue m\u00eame des ph\u00e9niciens, l\u2019apparition de l\u2019empire romain et la conqu\u00eate des Arabes et des Ottomans, selon les \u00e9tudes de l\u2019anthropologie g\u00e9n\u00e9tique du prestigieux immunologue espagnol Dr. Antonio Arnaiz Villena de l\u2019Universit\u00e9 Complutence de Madrid (4) et selon l\u2019une des \u00e9tudes de notre prestigieux amazighologue Mohamed Chafik (5).<\/p>\n<p style=\"font-weight: 400;\">Monsieur Le Ministre,<\/p>\n<p style=\"font-weight: 400;\">Dans son discours adress\u00e9 \u00e0 la Nation \u00e0 l\u2019occasion du 69e anniversaire de la R\u00e9volution du Roi et du Peuple, de ce 20 ao\u00fbt 2022, S.M. le Roi avait\u00a0rappel\u00e9 la pertinente question de que ce qu\u2019on a fait pour l\u2019encadrement religieux et \u00e9ducatif n\u00e9cessaire\u00a0aux plus de 5 millions de marocains \u00e0 l\u2019\u00e9tranger, y compris les centaines de milliers de juifs.<\/p>\n<p style=\"font-weight: 400;\">Jusqu\u2019\u00e0 maintenant, et \u00e0 notre connaissance, ni votre minist\u00e8re, ni votre comit\u00e9 th\u00e9matique de la commission technique d\u00e9di\u00e9 \u00e0 l\u2019encadrement culturel, cultuel et \u00e9ducatif, ni le\u00a0<strong>minist\u00e8re de l\u2019Education national<\/strong>, interpell\u00e9 par une vingtaine d\u2019ONG en juin dernier (6), ni le\u00a0<strong>Conseil de la Communaut\u00e9 Marocaine \u00e0 l&rsquo;Etranger<\/strong>\u00a0(CCME), ni la\u00a0<strong>Fondation Hassan II pour les MRE<\/strong>\u00a0ne se sont pench\u00e9 \u00e0 prendre des mesures ou\/et \u00e9laborer des initiatives ou des projets en faveur de\u00a0recruter des enseignants de langue amazighe pour les missions \u00e9ducatives \u00e9trang\u00e8res, en respectant la Constitution du premier juillet 2011, et la loi organique n \u00b0 26.16.\u00a0Pourtant, la majorit\u00e9 \u00e9crasante des citoyens marocains r\u00e9sidents \u00e0 l\u2019\u00e9tranger sont originaires de nos r\u00e9gions amazighophones de Souss, du Rif, de Moyen Atlas et d\u2019Assamer (Sud-Est), et qui ont eu, cette ann\u00e9e \u00e9coul\u00e9e, l\u2019extraordinaire exploit de contribuer au PIB national avec plus de 100 milliards de dirhams\u00a0!<\/p>\n<p style=\"font-weight: 400;\">Monsieur Le Ministre,<\/p>\n<p style=\"font-weight: 400;\">Comme vous faites partie du gouvernement d\u2019Amghar Aziz AKHENNOUCH et selon la circulaire N\u00b0 5\/2021, vous exercez le pouvoir ex\u00e9cutif, sous l\u2019autorit\u00e9 du chef de gouvernement, nous avons le plaisir de vous rappeler ce que nous avons d\u00e9j\u00e0 expos\u00e9 dans le courrier d\u00e9pos\u00e9 au sein de votre minist\u00e8re le 15 juin 2022, par rapports au respect des droits des Amazighs que\u00a0:<\/p>\n<p style=\"font-weight: 400;\">-du fait que\u00a0 l\u2019article 5 de la Constitution marocaine stipule que la langue amazighe est officielle, \u00e0 c\u00f4t\u00e9 de l\u2019arabe, depuis 2011, que la loi organique n \u00b0 26.16, concernant la mise en \u0153uvre du caract\u00e8re officiel de la langue amazighe est adopt\u00e9e depuis 2019, et que le pr\u00e9sident du gouvernement\u00a0<strong>Aziz Akhannouch<\/strong>\u00a0vient de renforcer son usage dans l&rsquo;administration publique (7), nous vous prions bien d\u2019avoir l\u2019amabilit\u00e9 de prendre en compte la langue amazighe, et d\u2019essayer de l\u2019inclure, le plus possible, au sein de tous les programmes \u00e9ducatives, projets culturels et conventions bilat\u00e9rales, et plus particuli\u00e8rement au sein des accords bilat\u00e9rales de notre pays avec les pays europ\u00e9ens concernant les \u00ab\u00a0Enseignements de Langue et de Culture d&rsquo;Origine (<strong>ELCO<\/strong>)\u00a0\u00bb, mis en \u0153uvre sur la base d\u2019une directive europ\u00e9enne du 25 juillet 1977 visant \u00e0 la scolarisation des enfants des travailleurs migrants, et sachant bien que l\u2019<strong>ONU<\/strong>\u00a0et l\u2019<strong>UNESCO<\/strong>\u00a0vient de lancer officiellement \u00e0 partir de Paris, le 13 d\u00e9cembre pass\u00e9, la\u00a0<strong>D\u00e9cennie Internationale des langues autochtones DILA 2022-2032.<\/strong><\/p>\n<p style=\"font-weight: 400;\">-d\u2019int\u00e9grer l\u2019enseignement de la langue amazighe au sein des centres scolaires et culturels qui se trouvent \u00e0 l\u2019\u00e9tranger, sans oublier de penser \u00e0 organiser des activit\u00e9s sociales, culturelles, artistiques et acad\u00e9miques au sein de ces centres en faveur de la promotion de la connaissance de la culture, du patrimoine mat\u00e9riel et immat\u00e9riel, de l\u2019histoire et civilisation amazighes.<\/p>\n<p style=\"font-weight: 400;\">\u00a0&#8211; de bien vouloir traduire en amazighe et d\u2019\u00e9crire en graphie \u00ab\u00a0Tifinagh\u00a0\u00bb les \u00e9criteaux et les plaques de signalisation de nos diverses ambassades et d\u00e9partements consulaires. Sans oublier de traduire votre minist\u00e8re en amazighe \u00e0 c\u00f4t\u00e9 de l\u2019arabe (et de l\u2019anglais) dans vos conf\u00e9rences de presse, comme l\u2019a fait le porte-parole du gouvernement.<\/p>\n<p style=\"font-weight: 400;\">&#8211; de<strong>\u00a0<\/strong>respecter l\u2019identit\u00e9 historique de notre royaume, -et par extension de toute l\u2019Afrique du Nord-, comme l\u2019ont r\u00e9v\u00e9l\u00e9 au monde les exploits de l\u2019\u00e9quipe de football du Maroc au mondial de Qatar-2022, en rectifiant l\u2019appellation discriminatoire de \u00ab<strong>\u00a0Maghreb Arabe\u00a0<\/strong>\u00bb, car il est tout-\u00e0-fait incoh\u00e9rent de continuer \u00e0 utiliser des terminologies \u00e0 connotation id\u00e9ologique, qui ne font que blesser profond\u00e9ment les sentiments, la sensibilit\u00e9, l\u2019identit\u00e9 et la fiert\u00e9 des millions des citoyens marocains (et nord-africains). En effet, il est pr\u00e9f\u00e9rable d\u2019utiliser les termes de l\u2019\u00ab<strong>Afrique du Nord<\/strong>\u00bb, du \u00ab\u00a0<strong>Tamazgha<\/strong>\u00a0\u00bb, ou encore du \u00ab<strong>Grand Maghreb<\/strong>\u00bb selon le pr\u00e9ambule de notre constitution.<\/p>\n<p style=\"font-weight: 400;\">Monsieur Le ministre,<\/p>\n<p style=\"font-weight: 400;\">Dans l\u2019espoir que vous preniez en compte s\u00e9rieusement nos requ\u00eates et que vous entamiez une politique volontariste contre cette discrimination raciale \u00e0 l\u2019encontre de l&rsquo;histoire du Royaume du Maroc et de sa langue officielle amazighe, veuillez agr\u00e9er l\u2019expression de nos salutations distingu\u00e9es.<\/p>\n<p style=\"font-weight: 400; text-align: center;\">\u00a0Sign\u00e9 :\u00a0<strong>Rachid RAHA\u00a0 &#8211; <\/strong><strong>Pr\u00e9sident de l\u2019Assembl\u00e9e Mondiale Amazighe (AMA)<\/strong><\/p>\n<p style=\"font-weight: 400;\"><strong>\u00a0<\/strong>Notes\u00a0:<\/p>\n<p style=\"font-weight: 400;\">(1)-\u00a0<a href=\"http:\/\/www.embajada-marruecos.es\/reino-de-marruecos\/historia\/\" target=\"_blank\" rel=\"noopener\" data-saferedirecturl=\"https:\/\/www.google.com\/url?q=http:\/\/www.embajada-marruecos.es\/reino-de-marruecos\/historia\/&amp;source=gmail&amp;ust=1675348459684000&amp;usg=AOvVaw1ALWo4I5Hglmx9EYKv5tpv\">http:\/\/www.embajada-marruecos.es\/reino-de-marruecos\/historia\/<\/a><\/p>\n<p style=\"font-weight: 400;\">(2)-\u00a0<a href=\"https:\/\/amadalamazigh.press.ma\/fr\/raha-repond-a-lambassadeur-amrani-le-maroc-shonore-par-un-passe-depassant-largement-les-12-siecles-et-remontant-jusquau-berceau-de-lhumanite\/\" target=\"_blank\" rel=\"noopener\" data-saferedirecturl=\"https:\/\/www.google.com\/url?q=https:\/\/amadalamazigh.press.ma\/fr\/raha-repond-a-lambassadeur-amrani-le-maroc-shonore-par-un-passe-depassant-largement-les-12-siecles-et-remontant-jusquau-berceau-de-lhumanite\/&amp;source=gmail&amp;ust=1675348459684000&amp;usg=AOvVaw05mKUF-ckmbRccaKqa6y8U\">https:\/\/amadalamazigh.press.ma\/fr\/raha-repond-a-lambassadeur-amrani-le-maroc-shonore-par-un-passe-depassant-largement-les-12-siecles-et-remontant-jusquau-berceau-de-lhumanite\/<\/a><\/p>\n<p style=\"font-weight: 400;\">(3)- Halima Ghazi-Ben Ma\u00efssa in Le Monde Amazigh n\u00b066, septembre 2005.<\/p>\n<h4>(4)- Dr. Antonio Arnaiz Villena &amp;\u00a0<strong>Jorge Alonso Garc\u00eda:<\/strong>\u00a0<strong>Egipcios, Bereberes, Guanches y Vascos\u201d, Editorial Complutense de Madrid, 2000.<\/strong><\/h4>\n<p style=\"font-weight: 400;\">(5)- Mohamed Chafik\u00a0:\u00a0\u00ab\u00a0Les berb\u00e8res, leur contribution \u00e0 l\u2019\u00e9laboration des cultures m\u00e9diterran\u00e9ennes\u00a0\u00bb, Le Monde Amazighe,\u00a0n<sup>o<\/sup>\u00a067,\u00a0d\u00e9cembre 2005<\/p>\n<p style=\"font-weight: 400;\">(6)-\u00a0<a href=\"https:\/\/amadalamazigh.press.ma\/fr\/des-ong-amazighs-interpellent-le-ministre-marocain-de-leducation-nationale-sur-les-motifs-dexclusion-de-lenseignement-de-la-langue-officielle-amazighe-aux-enfants-des-mre\/\" target=\"_blank\" rel=\"noopener\" data-saferedirecturl=\"https:\/\/www.google.com\/url?q=https:\/\/amadalamazigh.press.ma\/fr\/des-ong-amazighs-interpellent-le-ministre-marocain-de-leducation-nationale-sur-les-motifs-dexclusion-de-lenseignement-de-la-langue-officielle-amazighe-aux-enfants-des-mre\/&amp;source=gmail&amp;ust=1675348459685000&amp;usg=AOvVaw2ujjQcGrPWpTn-rq9_cAC6\">https:\/\/amadalamazigh.press.ma\/fr\/des-ong-amazighs-interpellent-le-ministre-marocain-de-leducation-nationale-sur-les-motifs-dexclusion-de-lenseignement-de-la-langue-officielle-amazighe-aux-enfants-des-mre\/<\/a><\/p>\n<p style=\"font-weight: 400;\">(7)-\u00a0<a href=\"https:\/\/lematin.ma\/express\/2023\/aziz-akhannouch-integre-lamazigh-ladministration-publique\/385424.html\" target=\"_blank\" rel=\"noopener\" data-saferedirecturl=\"https:\/\/www.google.com\/url?q=https:\/\/lematin.ma\/express\/2023\/aziz-akhannouch-integre-lamazigh-ladministration-publique\/385424.html&amp;source=gmail&amp;ust=1675348459685000&amp;usg=AOvVaw04MxoXMY0DmEuB1y0YLBaI\">https:\/\/lematin.ma\/express\/2023\/aziz-akhannouch-integre-lamazigh-ladministration-publique\/385424.html<\/a><\/p>\n","protected":false},"excerpt":{"rendered":"<p>Rabat, le 01 F\u00e9vrier 2023\/2973 Son Excellence M. Nasser BOURITA, Ministre des Affaires Etrang\u00e8res, de la Coop\u00e9ration et des Marocains r\u00e9sidant \u00e0 l\u2019\u00e9tranger du Royaume du Maroc, Objet\u00a0:\u00a0demande aux ambassadeurs d\u2019arr\u00eater de falsifier l\u2019histoire du Maroc et de recruter des enseignants de la langue amazighe pour la scolarisation des enfants des citoyens marocains r\u00e9sidant \u00e0 &hellip;<\/p>\n","protected":false},"author":2,"featured_media":4877,"comment_status":"open","ping_status":"closed","sticky":false,"template":"","format":"standard","meta":{"jetpack_post_was_ever_published":false,"_jetpack_newsletter_access":"","_jetpack_dont_email_post_to_subs":false,"_jetpack_newsletter_tier_id":0,"_jetpack_memberships_contains_paywalled_content":false,"_jetpack_memberships_contains_paid_content":false,"footnotes":"","jetpack_publicize_message":"","jetpack_publicize_feature_enabled":true,"jetpack_social_post_already_shared":true,"jetpack_social_options":{"image_generator_settings":{"template":"highway","default_image_id":0,"font":"","enabled":false},"version":2}},"categories":[10],"tags":[],"class_list":["post-4876","post","type-post","status-publish","format-standard","has-post-thumbnail","","category-maroc"],"jetpack_publicize_connections":[],"jetpack_featured_media_url":"https:\/\/i0.wp.com\/amadalamazigh.press.ma\/fr\/wp-content\/uploads\/2023\/02\/Screenshot_20230130-180356_Samsung-Internet.jpg?fit=2266%2C1080&ssl=1","jetpack_shortlink":"https:\/\/wp.me\/p9uxE2-1gE","jetpack_sharing_enabled":true,"_links":{"self":[{"href":"https:\/\/amadalamazigh.press.ma\/fr\/wp-json\/wp\/v2\/posts\/4876","targetHints":{"allow":["GET"]}}],"collection":[{"href":"https:\/\/amadalamazigh.press.ma\/fr\/wp-json\/wp\/v2\/posts"}],"about":[{"href":"https:\/\/amadalamazigh.press.ma\/fr\/wp-json\/wp\/v2\/types\/post"}],"author":[{"embeddable":true,"href":"https:\/\/amadalamazigh.press.ma\/fr\/wp-json\/wp\/v2\/users\/2"}],"replies":[{"embeddable":true,"href":"https:\/\/amadalamazigh.press.ma\/fr\/wp-json\/wp\/v2\/comments?post=4876"}],"version-history":[{"count":1,"href":"https:\/\/amadalamazigh.press.ma\/fr\/wp-json\/wp\/v2\/posts\/4876\/revisions"}],"predecessor-version":[{"id":4878,"href":"https:\/\/amadalamazigh.press.ma\/fr\/wp-json\/wp\/v2\/posts\/4876\/revisions\/4878"}],"wp:featuredmedia":[{"embeddable":true,"href":"https:\/\/amadalamazigh.press.ma\/fr\/wp-json\/wp\/v2\/media\/4877"}],"wp:attachment":[{"href":"https:\/\/amadalamazigh.press.ma\/fr\/wp-json\/wp\/v2\/media?parent=4876"}],"wp:term":[{"taxonomy":"category","embeddable":true,"href":"https:\/\/amadalamazigh.press.ma\/fr\/wp-json\/wp\/v2\/categories?post=4876"},{"taxonomy":"post_tag","embeddable":true,"href":"https:\/\/amadalamazigh.press.ma\/fr\/wp-json\/wp\/v2\/tags?post=4876"}],"curies":[{"name":"wp","href":"https:\/\/api.w.org\/{rel}","templated":true}]}}