{"id":4993,"date":"2023-03-09T12:33:49","date_gmt":"2023-03-09T11:33:49","guid":{"rendered":"https:\/\/amadalamazigh.press.ma\/fr\/?p=4993"},"modified":"2023-03-09T12:41:01","modified_gmt":"2023-03-09T11:41:01","slug":"kabylie-appel-a-une-manifestation-de-solidarite-a-paris","status":"publish","type":"post","link":"https:\/\/amadalamazigh.press.ma\/fr\/kabylie-appel-a-une-manifestation-de-solidarite-a-paris\/","title":{"rendered":"Kabylie: appel \u00e0 une manifestation de solidarit\u00e9 \u00e0 Paris"},"content":{"rendered":"<p><img data-recalc-dims=\"1\" loading=\"lazy\" decoding=\"async\" class=\"size-medium wp-image-4994 alignleft\" src=\"https:\/\/i0.wp.com\/amadalamazigh.press.ma\/fr\/wp-content\/uploads\/2023\/03\/facebook_1677604013940_7036381226085752426.jpg?resize=177%2C250&#038;ssl=1\" alt=\"\" width=\"177\" height=\"250\" srcset=\"https:\/\/i0.wp.com\/amadalamazigh.press.ma\/fr\/wp-content\/uploads\/2023\/03\/facebook_1677604013940_7036381226085752426.jpg?resize=177%2C250&amp;ssl=1 177w, https:\/\/i0.wp.com\/amadalamazigh.press.ma\/fr\/wp-content\/uploads\/2023\/03\/facebook_1677604013940_7036381226085752426.jpg?resize=724%2C1024&amp;ssl=1 724w, https:\/\/i0.wp.com\/amadalamazigh.press.ma\/fr\/wp-content\/uploads\/2023\/03\/facebook_1677604013940_7036381226085752426.jpg?w=1080&amp;ssl=1 1080w\" sizes=\"auto, (max-width: 177px) 100vw, 177px\" \/>Depuis d\u00e9j\u00e0 plusieurs d\u00e9cennies, le pouvoir alg\u00e9rien s\u2019acharne sur la Kabylie afin de la soumettre, usant de la r\u00e9pression la plus brutale. Il a utilis\u00e9 des armes de guerre contre les civils kabyles en 2001, faisant 130 victimes et des milliers de bless\u00e9s, dont plusieurs centaines handicap\u00e9s \u00e0 vie.<\/p>\n<p>Depuis l\u2019\u00e9t\u00e9 2021, le r\u00e9gime militaire alg\u00e9rien use d\u2019une autre m\u00e9thode, des plus insidieuses. Il utilise le ch\u00e2timent judiciaire et a proc\u00e9d\u00e9 \u00e0 l\u2019arrestation de centaines de personnes dans les villages et les villes de Kabylie. La machine judiciaire mise en place a condamn\u00e9 des citoyens kabyles \u00e0 de lourdes peines de prison. Ces citoyens ont subi l\u2019humiliation, l\u2019arbitraire et la maltraitance. Certains ont m\u00eame \u00e9t\u00e9 victimes de torture et du viol. Le r\u00e9gime alg\u00e9rien s\u2019attaque \u00e0 toutes celles et \u00e0 tous ceux qui ont la Kabylie au c\u0153ur et agissent pour ses int\u00e9r\u00eats. M\u00eame les artistes et les intellectuels ne sont pas \u00e9pargn\u00e9s et subissent l\u2019arbitraire de ce r\u00e9gime. La Kabylie fait ainsi face \u00e0 un terrorisme \u00e9tatique visant \u00e0 l\u2019annihiler.<\/p>\n<p>Nous, signataires de la pr\u00e9sente d\u00e9claration, d\u00e9non\u00e7ons l\u2019arbitraire de l\u2019\u00c9tat alg\u00e9rien ainsi que son acharnement sur la Kabylie o\u00f9 il commet les pires injustices. Nous tenons \u00e0 exprimer notre solidarit\u00e9 avec les militant.e.s amazighes de Kabylie et leurs familles, victimes de l\u2019arbitraire de l\u2019\u00c9tat alg\u00e9rien.<\/p>\n<p>Nous appelons de nos v\u0153ux pour que la Kabylie se rel\u00e8ve et que les Kabyles retrouvent la hargne qui leur permettra de se battre contre un r\u00e9gime totalitaire au service de l\u2019id\u00e9ologie arabo-islamique ayant programm\u00e9 l\u2019\u00e9radication de l\u2019Amazighit\u00e9. La Kabylie joue un r\u00f4le important dans la lutte et le combat identitaire\u00a0; elle a toujours \u00e9t\u00e9 l\u2019exemple pour l\u2019ensemble des Imazighen \u00e0 travers toute Tamazgha qui ont besoin d\u2019elle debout et digne.<\/p>\n<p>En Kabylie, les droits les plus \u00e9l\u00e9mentaires des Imazighen sont bafou\u00e9s. Le silence sans \u00e9cho qui entoure la r\u00e9pression en cours dans cette r\u00e9gion est affligeant. La Communaut\u00e9 internationale, notamment la France, se r\u00e9v\u00e8le ainsi complice et en connivence avec le r\u00e9gime alg\u00e9rien. Les organisations de d\u00e9fense des droits humains ont manifest\u00e9 peu d\u2019int\u00e9r\u00eat \u00e0 la situation des droits et aux atteintes aux libert\u00e9s dans cette partie du monde.<\/p>\n<p>Cela exige une large mobilisation et la conjugaison des efforts pour que cesse cette politique r\u00e9pressive qui vise \u00e0 r\u00e9duire les Imazighen au silence et \u00e0 achever leur assimilation forc\u00e9e.<\/p>\n<p>Pour r\u00e9pondre \u00e0 l\u2019insupportable situation v\u00e9cue actuellement en Kabylie, nous apportons notre soutien \u00e0 toutes les initiatives et mobilisations des Imazighen \u00e0 travers l\u2019ensemble de Tamazgha et dans la diaspora afin de faire cesser l\u2019arbitraire que fait subir, au quotidien, l\u2019\u00c9tat alg\u00e9rien aux militants amazighs de Kabylie. Les citoyens kabyles qui croupissent arbitrairement dans les prisons de l\u2019\u00c9tat alg\u00e9rien doivent \u00eatre remis en libert\u00e9.<\/p>\n<p style=\"text-align: right;\"><i>Le 27 f\u00e9vrier 2023<\/i><\/p>\n<p><strong>Premiers signataires\u00a0:<\/strong><\/p>\n<p><strong>Salem Chaker,<\/strong>\u00a0<i>Professeur \u00e9m\u00e9rite des Universit\u00e9s (berb\u00e8re), France<\/i><br \/>\n<strong>Irma Mora-Aguiar,<\/strong>\u00a0<i>Professeur et chercheuse, \u00celes Canaries<\/i><br \/>\n<strong>Madghis Bouzakhar<\/strong>,\u00a0<i>Amazigh Researcher and Political Activist, At Maan (Yefren &#8211; Infusen)<\/i><br \/>\n<strong>Mustapha El Adak<\/strong>,\u00a0<i>Chercheur universitaire, Oujda<\/i><br \/>\n<strong>Seham Taleb<\/strong>,\u00a0<i>Avocate, Tripoli<\/i><br \/>\n<strong>Samir Nefzi,<\/strong>\u00a0<i>Chercheur en droit p\u00e9nal, Pr\u00e9sident du Mouvement Akal-Tunisie, Japon<\/i><br \/>\n<strong>Ali Harcherras<\/strong>,\u00a0<i>Enseignant \u00e0 la retraite, Goulmima (Sud-est du Maroc)<\/i><br \/>\n<strong>Abdallah Bounfour<\/strong>,\u00a0<i>Professeur \u00e9m\u00e9rite des Universit\u00e9s, France<\/i><br \/>\n<strong>Fathi Abouzakhar,<\/strong>\u00a0<i>Academic staff member at Zawia University, Tripoli<\/i><br \/>\n<strong>H\u00e9l\u00e8ne CLAUDOT-HAWAD<\/strong>,\u00a0<i>Anthropologue, Directrice de recherche honoraire au CNRS, Aix-en-Provence<\/i><br \/>\n<strong>HAWAD<\/strong>,\u00a0<i>Ecrivain et peintre amazigh.<\/i><br \/>\n<strong>Carles Castellanos Lloren\u00e7<\/strong>,\u00a0<i>Ing\u00e9nieur et linguiste &#8211; Professeur \u00e9m\u00e9rite UAB, Catalogne<\/i><br \/>\n<strong>Kamal Na\u00eft Zerad<\/strong>,\u00a0<i>Professeur des Universit\u00e9s (berb\u00e8re), Paris<\/i><br \/>\n<strong>Omar Derouich<\/strong>,\u00a0<i>Enseignant et po\u00e8te amazigh, Tazrout n Ayt Wasif (Imgunen)<\/i><br \/>\n<strong>H\u2019mmu Kemous<\/strong>,\u00a0<i>Artiste, Belgique<\/i><br \/>\n<strong>Mazigh Buzakhar<\/strong>,\u00a0<i>Engineer, Infusen region<\/i><br \/>\n<strong>Pablo Deluca<\/strong>,\u00a0<i>Ecrivain-chercheur, Tenerife (\u00celes Canaries)<\/i><br \/>\n<strong>Hisham Ahmadi<\/strong>,\u00a0<i>Avocat, Jadu (Adrar n Infusen)<\/i><br \/>\n<strong>Ali Khadaoui<\/strong>,\u00a0<i>Po\u00e8te, Kh\u00e9nifra<\/i><br \/>\n<strong>Fathi n Khelifa<\/strong>,<i>\u00a0Pr\u00e9sident du parti LIBU, Zouara (At-Willul)<\/i><br \/>\n<strong>Salah Dabouz<\/strong>,\u00a0<i>Avocat et d\u00e9fenseur des droits humains, Bruxelles \u2013 Belgique<\/i><br \/>\n<strong>Driss Rabih<\/strong>,\u00a0<i>Docteur et chercheur, Casablanca<\/i><br \/>\n<strong>Shokri Agmar<\/strong>,\u00a0<i>Avocat, Tripoli<\/i><br \/>\n<strong>Hsen Larbi<\/strong>,\u00a0<i>Ing\u00e9nieur, Philadelphie (USA)<\/i><br \/>\n<strong>Nasser Abouzakhar<\/strong>,\u00a0<i>Company Director, United Kingdom<\/i><br \/>\n<strong>Aksil Azergui<\/strong>,\u00a0<i>Consultant, Lille<\/i><br \/>\n<strong>G\u00e9rard Lamari,<\/strong>\u00a0<i>d\u00e9tenu de 80 et professeur de math\u00e9matiques, Toulouse (Occitanie)<\/i><br \/>\n<strong>Mhend Abttoy<\/strong>,\u00a0<i>Artiste, Roterdam (Pays-Bas)<\/i><br \/>\n<strong>Mestafa G\u2019idir,<\/strong>\u00a0<i>Neuropsychologue, Aix-en-Provence (Occitanie)\u00a0;<\/i><br \/>\n<strong>Chahine Berrich<\/strong>,\u00a0<i>R\u00e9alisateur, Tunisie<\/i><br \/>\n<strong>Mbark Taous<\/strong>,\u00a0<i>Enseignant, Goulmima (Maroc)<\/i><br \/>\n<strong>Ahmed Aribe Dougha<\/strong>,\u00a0<i>Vice-pr\u00e9sident du parti LIBU, Jadu (Adrar n Infusen)<\/i><br \/>\n<strong>Masin Ferkal<\/strong>,\u00a0<i>Enseignant, militant berb\u00e9riste, Paris<\/i><br \/>\n<strong>Mustapha Berhouchi<\/strong>,\u00a0<i>Enseignant, Mekn\u00e8s (Maroc)<\/i><br \/>\n<strong>Hamid Lihi<\/strong>,\u00a0<i>Enseignant, Ouarzazat (Maroc)<\/i><br \/>\n<strong>Aicha Ait Berri<\/strong>,\u00a0<i>Retrait\u00e9e (ex inspectrice de l\u2019enseignement), Beni Mellal, Maroc<\/i><br \/>\n<strong>Ahmed Ou-Hssata<\/strong>,\u00a0<i>Retrait\u00e9, (ex administrateur \u00e9conome), B\u00e9ni-Mellal, Maroc.<\/i><br \/>\n<strong>Said Ait Berri<\/strong>,\u00a0<i>Chef de service (agriculture), Mekn\u00e8s, Maroc<\/i><br \/>\n<strong>Jamila Lahyani,<\/strong>\u00a0<i>Fonctionnaire , Mekn\u00e8s, Maroc.<\/i><br \/>\n<strong>Carles M\u00farcia,<\/strong>\u00a0<i>Professeur universitaire, Barcelone (Catalogne)<\/i><br \/>\n<strong>Anna Maria Di Tolla<\/strong>,\u00a0<i>Professeure de l\u2019Universit\u00e9 de Naples L\u2019Orientale &#8211; Italie<\/i><br \/>\n<strong>Samir Oukaci<\/strong>,\u00a0<i>Dipl\u00f4m\u00e9 de l\u2019inalco, chercheur en Histoire et anthropologie du monde berb\u00e8re, France<\/i><br \/>\n<strong>Slimane KADI<\/strong>,\u00a0<i>Entrepreneur WEB, Paris<\/i><br \/>\n<strong>SID LAKHDAR Boum\u00e9diene<\/strong>,\u00a0<i>Enseignant, France<\/i><br \/>\n<strong>Azal Belkadi<\/strong>,<i>\u00a0Artiste amazigh de Kabylie, France<\/i><br \/>\n<strong>Juan Am\u00edlcar Fari\u00f1a Acosta<\/strong>,\u00a0<i>Retrait\u00e9, Archipel des Canaries<\/i><br \/>\n<strong>Djamal YAHIAOUI<\/strong>,\u00a0<i>Formateur\/<wbr \/>Enseignant, Tr\u00e9laz\u00e9 (Maine et Loire)<\/i><br \/>\n<strong>Farida Sam<\/strong>,\u00a0<i>Universitaire et employ\u00e9e \u00e0 la sensibilisation environnementale, Qu\u00e9bec<\/i><br \/>\n<strong>Odette Rolland<\/strong>,\u00a0<i>Retrait\u00e9e 75 ans, Saint Pierre de Trivisy (Tarn)<\/i><br \/>\n<strong>Belaid AIT MOHAND<\/strong>,\u00a0<i>Retrait\u00e9, France<\/i><br \/>\n<strong>Anumid Smoune<\/strong>,\u00a0<i>Enseignant, Paris<\/i><br \/>\n<strong>Alexia Smoune de Bournet<\/strong>,\u00a0<i>Juriste, Paris<\/i><br \/>\n<strong>Yassin A\u00eft Oumghar,<\/strong>\u00a0<i>Etudiant , Azilal (Maroc)<\/i><br \/>\n<strong>Brahim Akdime,<\/strong>\u00a0<i>Retrait\u00e9, Casablanca<\/i><br \/>\n<strong>Irij Maouche<\/strong>,\u00a0<i>Cheminot en retraite, Paris<\/i><br \/>\n<strong>Farid Belkadi<\/strong>,\u00a0<i>M\u00e9decin, USA<\/i><br \/>\n<strong>Ziri Ait Maamar<\/strong>,\u00a0<i>Po\u00e8te, Allemagne<\/i><br \/>\n<strong>Abdessmad Zouhairi<\/strong>,\u00a0<i>Aselmad, Tinjdad (An\u1e93ul ugmi\u1e0d &#8211; Ame\u1e5b\u1e5buk)<\/i><br \/>\n<strong>Baha Mansoub<\/strong>,\u00a0<i>Enseignant de la langue amazighe, Boumalne Dades (Maroc)<\/i><br \/>\n<strong>Fathi Youssef<\/strong>,\u00a0<i>Engineer &amp; Amazigh activist, Jadu (Infusen \u2013 Libya)<\/i><br \/>\n<strong>Assous Djamel<\/strong>,\u00a0<i>Fonctionnaire, Michelet, Tizi-Ouzou<\/i><br \/>\n<strong>Cl\u00e9ment Gamba<\/strong>,\u00a0<i>Vendeur, Annaba<\/i><br \/>\n<strong>Hassan OUBRAHIME<\/strong>,\u00a0<i>Enseignant et po\u00e8te, Ayt gmat n Ayt wasif (Ti\u0263remt n imgunen)<\/i><br \/>\n<strong>Sixto Domingo Garc\u00eda Noda<\/strong>,\u00a0<i>Fundador de la asociaci\u00f3n patrimonial Teg\u00fcico de la isla de Tenerife, Islas Canarias<\/i><br \/>\n<strong>Rachid At Ali Uqasi<\/strong>,\u00a0<i>Univetsitaire, Canada<\/i><br \/>\n<strong>Zizaoui Abdelmottaleb<\/strong>,\u00a0<i>Enseignant-<wbr \/>chercheur, Agadir<\/i><br \/>\n<strong>Taha Ait Elhaj,<\/strong>\u00a0<i>Enseignant, Ayt Mellal<\/i><br \/>\n<strong>Manis Amrioui,<\/strong>\u00a0<i>Ing\u00e9nieur, Allemgne<\/i><br \/>\n<strong>Salem Magora<\/strong>,\u00a0<i>Architecte, Jadu (Infusen)<\/i><br \/>\n<strong>Azro Magora<\/strong>,\u00a0<i>R\u00e9alisateur, Jadu (Infusen)<\/i><br \/>\n<strong>Moussa Lebkiri<\/strong>,\u00a0<i>Com\u00e9dien et auteur, Neuilly-sur-Marne (France)<\/i><br \/>\n<strong>Francisco Javier Gonz\u00e1lez<\/strong>,\u00a0<i>Catedr\u00e1tico jubilado, Tenerife (Islas Canarias)<\/i><br \/>\n<strong>Mohand MOKHTARI<\/strong>,\u00a0<i>Auteur, Paris (France)<br \/>\n<strong class=\"\">RACHID RAHA, <\/strong>Pr\u00e9sident de l\u2019Assembl\u00e9e Mondiale Amazighe<strong class=\"\"><br \/>\nWalid AMMOU, <\/strong>Cadre, Paris<strong class=\"\"><br \/>\nMENON Bastien, <\/strong>Professeur de Lettres-Histoire, Saint-Maur des Foss\u00e9s (94)<br \/>\n<strong>RAHAB Mokrane<\/strong>, Professeur des \u00e9coles, Cr\u00e9teil, France<br \/>\n<strong>RIOUAL Olivie<\/strong>r &#8211; Enseignant &#8211; Champiogny Sur Marne<br \/>\n<strong>Amiruc AM\u1e92YAN<\/strong>, Enseignant, Haute Garonne France<br \/>\n<strong>Sid Hammadi<\/strong>, M\u00e9decin, Canada<br \/>\n<strong>Yahiaoui leila<\/strong> , sociologue, France<br \/>\n<strong>OUBOUZAR Yasmina<\/strong>, citoyenne et militante kabyle<br \/>\n<strong>Mourad ZIDANE<\/strong>, \u00c9ducateur, intervenant social, Limousin France<br \/>\n<strong>Juan Carlos Santana P\u00e9rez<\/strong><br \/>\n<strong>KERVAREC Jean-Yves<\/strong>, professeur de breton, Bretagne<br \/>\n<strong>Omar AT Ubekkar<\/strong><br \/>\n<strong>Farida Sam<\/strong> &#8211; Qu\u00e9bec<br \/>\n<strong>Nora Perrin,<\/strong> Pr\u00e9sidente de l\u2019Association France Kabylie<br \/>\n<strong>BOUYAALA Khalid<\/strong>, doctorants et charg\u00e9 de cours \u00e0 Aix Marseille Universit\u00e9 , France<br \/>\n<strong>Abdelouahed Bachra<\/strong>, enseignant, Boumalne Dades<br \/>\n<strong>Sadek At Amar Aw\u1e0di\u03b5<\/strong>, Docteur en Economie, retrait\u00e9 (Ex-directeur de banque), Suisse<br \/>\n<strong>Ammour Masin<\/strong>, Master Prof. Audiologie. Baden-W\u00fcrttemberg, Allemagne<br \/>\n<strong>Raveh Urahmun<\/strong>, sociologue et politologue ; romancier &#8211; R\u00e9sidence : Paris<br \/>\n<strong>Daoud Aldija<\/strong><br \/>\n<strong>Madjid n At-Yidir<\/strong>, Architecte r\u00e9seaux, Allemagne<br \/>\n<strong>Zeuz Azawan achawi<\/strong><br \/>\n<strong>Nadia akkar<\/strong>, r\u00e9gion parisienne pr\u00e9sidente d\u2019association<br \/>\n<strong>Boum\u00e9kla Madjid<\/strong>. \u00c9crivain et militant amazi\u0263. Montreuil<br \/>\n<strong>Colonnelli Alessia<\/strong>, doctorante et animatrice radio, Mannheim (Allemagne)<br \/>\n<strong>Bouchene kamilia<\/strong><br \/>\n<strong>EREN Deniz<\/strong>, militante kurde, France<br \/>\n<strong>Ben Rayana Samir<\/strong>, Sousse Tunisie, militant Amazigh<br \/>\n<strong>ROHDE Uli<\/strong>, Enseignante, Paris<br \/>\n<strong>HANDAINE MOHAMED<\/strong> &#8211; AGADIR MAROC<br \/>\n<strong>ABDELLI Zahir<\/strong> &#8211; informaticien France<br \/>\n<strong>Ousmane AGDALLA<\/strong> &#8211; enseignant chercheur, Rennes France.<br \/>\n<strong>Ait Bachir Ahmed<\/strong><br \/>\n<strong>Belaid Ait meziani<\/strong> &#8211; France<br \/>\n<strong>Zanifi Omar<\/strong>, \u00c9crivain, Journaliste et Po\u00e8te, Paris Asif n Dades Sud Est du Maroc<br \/>\n<strong>Azem Ahc\u00e8ne<\/strong>, militant Kabyle, Paris<strong class=\"\"><br \/>\n<\/strong><\/i><i><\/i><\/p>\n","protected":false},"excerpt":{"rendered":"<p>Depuis d\u00e9j\u00e0 plusieurs d\u00e9cennies, le pouvoir alg\u00e9rien s\u2019acharne sur la Kabylie afin de la soumettre, usant de la r\u00e9pression la plus brutale. Il a utilis\u00e9 des armes de guerre contre les civils kabyles en 2001, faisant 130 victimes et des milliers de bless\u00e9s, dont plusieurs centaines handicap\u00e9s \u00e0 vie. Depuis l\u2019\u00e9t\u00e9 2021, le r\u00e9gime militaire &hellip;<\/p>\n","protected":false},"author":2,"featured_media":4994,"comment_status":"open","ping_status":"closed","sticky":false,"template":"","format":"standard","meta":{"jetpack_post_was_ever_published":false,"_jetpack_newsletter_access":"","_jetpack_dont_email_post_to_subs":false,"_jetpack_newsletter_tier_id":0,"_jetpack_memberships_contains_paywalled_content":false,"_jetpack_memberships_contains_paid_content":false,"footnotes":"","jetpack_publicize_message":"","jetpack_publicize_feature_enabled":true,"jetpack_social_post_already_shared":true,"jetpack_social_options":{"image_generator_settings":{"template":"highway","default_image_id":0,"font":"","enabled":false},"version":2}},"categories":[8],"tags":[],"class_list":["post-4993","post","type-post","status-publish","format-standard","has-post-thumbnail","","category-algerie"],"jetpack_publicize_connections":[],"jetpack_featured_media_url":"https:\/\/i0.wp.com\/amadalamazigh.press.ma\/fr\/wp-content\/uploads\/2023\/03\/facebook_1677604013940_7036381226085752426.jpg?fit=1080%2C1528&ssl=1","jetpack_shortlink":"https:\/\/wp.me\/p9uxE2-1ix","jetpack_sharing_enabled":true,"_links":{"self":[{"href":"https:\/\/amadalamazigh.press.ma\/fr\/wp-json\/wp\/v2\/posts\/4993","targetHints":{"allow":["GET"]}}],"collection":[{"href":"https:\/\/amadalamazigh.press.ma\/fr\/wp-json\/wp\/v2\/posts"}],"about":[{"href":"https:\/\/amadalamazigh.press.ma\/fr\/wp-json\/wp\/v2\/types\/post"}],"author":[{"embeddable":true,"href":"https:\/\/amadalamazigh.press.ma\/fr\/wp-json\/wp\/v2\/users\/2"}],"replies":[{"embeddable":true,"href":"https:\/\/amadalamazigh.press.ma\/fr\/wp-json\/wp\/v2\/comments?post=4993"}],"version-history":[{"count":3,"href":"https:\/\/amadalamazigh.press.ma\/fr\/wp-json\/wp\/v2\/posts\/4993\/revisions"}],"predecessor-version":[{"id":4997,"href":"https:\/\/amadalamazigh.press.ma\/fr\/wp-json\/wp\/v2\/posts\/4993\/revisions\/4997"}],"wp:featuredmedia":[{"embeddable":true,"href":"https:\/\/amadalamazigh.press.ma\/fr\/wp-json\/wp\/v2\/media\/4994"}],"wp:attachment":[{"href":"https:\/\/amadalamazigh.press.ma\/fr\/wp-json\/wp\/v2\/media?parent=4993"}],"wp:term":[{"taxonomy":"category","embeddable":true,"href":"https:\/\/amadalamazigh.press.ma\/fr\/wp-json\/wp\/v2\/categories?post=4993"},{"taxonomy":"post_tag","embeddable":true,"href":"https:\/\/amadalamazigh.press.ma\/fr\/wp-json\/wp\/v2\/tags?post=4993"}],"curies":[{"name":"wp","href":"https:\/\/api.w.org\/{rel}","templated":true}]}}