{"id":5402,"date":"2023-09-27T22:05:28","date_gmt":"2023-09-27T21:05:28","guid":{"rendered":"https:\/\/amadalamazigh.press.ma\/fr\/?p=5402"},"modified":"2023-09-27T22:05:28","modified_gmt":"2023-09-27T21:05:28","slug":"observations-preliminaires-de-fin-de-mission-par-m-clement-nyaletsossi-voule","status":"publish","type":"post","link":"https:\/\/amadalamazigh.press.ma\/fr\/observations-preliminaires-de-fin-de-mission-par-m-clement-nyaletsossi-voule\/","title":{"rendered":"Observations pr\u00e9liminaires de fin de mission par M. Cl\u00e9ment Nyaletsossi Voule"},"content":{"rendered":"<p style=\"text-align: center;\"><strong><img data-recalc-dims=\"1\" loading=\"lazy\" decoding=\"async\" class=\"size-medium wp-image-5404 alignleft\" src=\"https:\/\/i0.wp.com\/amadalamazigh.press.ma\/fr\/wp-content\/uploads\/2023\/09\/Clement-Nyaletsossi-Voule.jpg?resize=333%2C250&#038;ssl=1\" alt=\"\" width=\"333\" height=\"250\" srcset=\"https:\/\/i0.wp.com\/amadalamazigh.press.ma\/fr\/wp-content\/uploads\/2023\/09\/Clement-Nyaletsossi-Voule.jpg?resize=333%2C250&amp;ssl=1 333w, https:\/\/i0.wp.com\/amadalamazigh.press.ma\/fr\/wp-content\/uploads\/2023\/09\/Clement-Nyaletsossi-Voule.jpg?resize=1024%2C768&amp;ssl=1 1024w, https:\/\/i0.wp.com\/amadalamazigh.press.ma\/fr\/wp-content\/uploads\/2023\/09\/Clement-Nyaletsossi-Voule.jpg?resize=200%2C150&amp;ssl=1 200w, https:\/\/i0.wp.com\/amadalamazigh.press.ma\/fr\/wp-content\/uploads\/2023\/09\/Clement-Nyaletsossi-Voule.jpg?w=1280&amp;ssl=1 1280w\" sizes=\"auto, (max-width: 333px) 100vw, 333px\" \/>Observations pr\u00e9liminaires de fin de mission par M. Cl\u00e9ment Nyaletsossi Voule<\/strong><\/p>\n<p style=\"text-align: center;\"><strong>Rapporteur sp\u00e9cial sur les droits \u00e0 la libert\u00e9 de r\u00e9union pacifique et \u00e0 la libert\u00e9 d&rsquo;association<\/strong><\/p>\n<p style=\"text-align: center;\"><strong>Visite en Alg\u00e9rie, 16 \u2013 26 septembre 2023<\/strong><br \/>\n<strong>Alger, le 26 septembre 2023<\/strong><\/p>\n<p>Aujourd\u2019hui, je termine ma visite officielle en Alg\u00e9rie en ma qualit\u00e9 de Rapporteur sp\u00e9cial des Nations Unies sur les droits \u00e0 la libert\u00e9 de r\u00e9union pacifique et \u00e0 la libert\u00e9 d&rsquo;association.<\/p>\n<p>En tant que Rapporteur sp\u00e9cial, mes observations sont ind\u00e9pendantes. Je suis mandat\u00e9 par le Conseil des droits de l\u2019homme des Nations Unies pour faire des recommandations visant \u00e0 assurer la promotion et la protection des droits \u00e0 la libert\u00e9 de r\u00e9union pacifique et d\u2019association. Le but de ma visite en Alg\u00e9rie est d\u2019\u00e9valuer la mise en \u0153uvre de ces droits, d\u2019identifier les d\u00e9fis et les pratiques prometteuses, et de formuler des recommandations quant aux mesures n\u00e9cessaires \u00e0 prendre pour se conformer aux normes internationales relatifs aux droits de l\u2019homme.<\/p>\n<p>Je tiens \u00e0 remercier le Gouvernement d\u2019avoir accept\u00e9 ma visite. Il s\u2019agit de la premi\u00e8re visite d\u2019un Rapporteur sp\u00e9cial des Nations Unies en Alg\u00e9rie depuis 2016, signe positif d\u2019une ouverture progressive au dialogue et \u00e0 la coop\u00e9ration en mati\u00e8re de droits humains. De m\u00eame, je note la r\u00e9cente \u00e9lection de l\u2019Alg\u00e9rie au Conseil des droits de l\u2019homme des Nations Unies et le renforcement de la protection des droits \u00e0 la libert\u00e9 de r\u00e9union pacifique et d\u2019association inscrits dans la Constitution alg\u00e9rienne de 2020.<\/p>\n<p>Il s\u2019agit l\u00e0 d\u2019\u00e9volutions positives \u00e0 reconna\u00eetre.<\/p>\n<p>Au cours des 10 derniers jours, j\u2019ai eu l\u2019occasion de visiter les Wilayas d\u2019Alger, d\u2019Oran et de B\u00e9ja\u00efa.<\/p>\n<p>J\u2019ai rencontr\u00e9 : le Ministre de l\u2019Int\u00e9rieur, des Collectivit\u00e9s Locales et de l\u2019Am\u00e9nagement du Territoire ; le Ministre du Travail, de l\u2019Emploi et de la S\u00e9curit\u00e9 Sociale ; le Ministre des Affaires Religieuses et des Wakfs ; le Ministre de la Justice et Garde des Sceaux ; le Ministre de la Solidarit\u00e9 Nationale, de la Famille et de la Femme et le Ministre de la Communication. J\u2019ai \u00e9galement rencontr\u00e9 de hauts fonctionnaires du minist\u00e8re des Affaires Etrang\u00e8res et de la Communaut\u00e9 Nationale \u00e0 l\u2019Etranger, de la Direction G\u00e9n\u00e9rale de la S\u00fbret\u00e9 Nationale, des membres de la Commission des Affaires Juridiques, Administratives et des Libert\u00e9s de l\u2019Assembl\u00e9e Populaire Nationale, des membres des partis politiques de l\u2019opposition, le Conseiller du Pr\u00e9sident de la R\u00e9publique, les walis d\u2019Alger, Oran et B\u00e9ja\u00efa, ainsi qu\u2019avec le Conseil National des Droits de l\u2019Homme, l\u2019Observatoire National de la Soci\u00e9t\u00e9 Civile, la Haute Autorit\u00e9 pour la Transparence, la Pr\u00e9vention et la Lutte contre la Corruption, l\u2019Autorit\u00e9 Nationale pour l\u2019Ind\u00e9pendance des Elections et le Conseil National Economique, Social et Environnemental.<\/p>\n<p>Je tiens \u00e9galement \u00e0 remercier le large \u00e9ventail de repr\u00e9sentants de la soci\u00e9t\u00e9 civile, d\u2019avocats, de syndicalistes, de journalistes, de membres d\u2019associations religieuses et de d\u00e9fenseurs des droits de humains qui m\u2019ont rencontr\u00e9 \u00e0 Alger, Oran, B\u00e9ja\u00efa et en ligne. Je tiens \u00e9galement \u00e0 remercier les membres de l\u2019\u00e9quipe de pays des Nations Unies en Alg\u00e9rie de l\u2019appui qu\u2019ils m\u2019ont apport\u00e9.<\/p>\n<p>Mes sinc\u00e8res remerciements \u00e0 tous ceux qui m\u2019ont rencontr\u00e9 pour discuter des droits \u00e0 la libert\u00e9 de r\u00e9union pacifique et d\u2019association en Alg\u00e9rie. J\u2019esp\u00e8re qu\u2019apr\u00e8s mon d\u00e9part, nous continuerons \u00e0 travailler ensemble pour une meilleure jouissance de ces droits par tous.<\/p>\n<p><strong>Ci joint le rapport complet: <\/strong><a href=\"https:\/\/amadalamazigh.press.ma\/fr\/wp-content\/uploads\/2023\/09\/20230926-EOM-SR-FOAA-Algeria-fr.pdf\">20230926-EOM-SR-FOAA-Algeria-fr<\/a><\/p>\n","protected":false},"excerpt":{"rendered":"<p>Observations pr\u00e9liminaires de fin de mission par M. Cl\u00e9ment Nyaletsossi Voule Rapporteur sp\u00e9cial sur les droits \u00e0 la libert\u00e9 de r\u00e9union pacifique et \u00e0 la libert\u00e9 d&rsquo;association Visite en Alg\u00e9rie, 16 \u2013 26 septembre 2023 Alger, le 26 septembre 2023 Aujourd\u2019hui, je termine ma visite officielle en Alg\u00e9rie en ma qualit\u00e9 de Rapporteur sp\u00e9cial des &hellip;<\/p>\n","protected":false},"author":2,"featured_media":5404,"comment_status":"open","ping_status":"closed","sticky":false,"template":"","format":"standard","meta":{"jetpack_post_was_ever_published":false,"_jetpack_newsletter_access":"","_jetpack_dont_email_post_to_subs":false,"_jetpack_newsletter_tier_id":0,"_jetpack_memberships_contains_paywalled_content":false,"_jetpack_memberships_contains_paid_content":false,"footnotes":"","jetpack_publicize_message":"","jetpack_publicize_feature_enabled":true,"jetpack_social_post_already_shared":true,"jetpack_social_options":{"image_generator_settings":{"template":"highway","default_image_id":0,"font":"","enabled":false},"version":2}},"categories":[8],"tags":[],"class_list":["post-5402","post","type-post","status-publish","format-standard","has-post-thumbnail","","category-algerie"],"jetpack_publicize_connections":[],"jetpack_featured_media_url":"https:\/\/i0.wp.com\/amadalamazigh.press.ma\/fr\/wp-content\/uploads\/2023\/09\/Clement-Nyaletsossi-Voule.jpg?fit=1280%2C960&ssl=1","jetpack_shortlink":"https:\/\/wp.me\/p9uxE2-1p8","jetpack_sharing_enabled":true,"_links":{"self":[{"href":"https:\/\/amadalamazigh.press.ma\/fr\/wp-json\/wp\/v2\/posts\/5402","targetHints":{"allow":["GET"]}}],"collection":[{"href":"https:\/\/amadalamazigh.press.ma\/fr\/wp-json\/wp\/v2\/posts"}],"about":[{"href":"https:\/\/amadalamazigh.press.ma\/fr\/wp-json\/wp\/v2\/types\/post"}],"author":[{"embeddable":true,"href":"https:\/\/amadalamazigh.press.ma\/fr\/wp-json\/wp\/v2\/users\/2"}],"replies":[{"embeddable":true,"href":"https:\/\/amadalamazigh.press.ma\/fr\/wp-json\/wp\/v2\/comments?post=5402"}],"version-history":[{"count":2,"href":"https:\/\/amadalamazigh.press.ma\/fr\/wp-json\/wp\/v2\/posts\/5402\/revisions"}],"predecessor-version":[{"id":5406,"href":"https:\/\/amadalamazigh.press.ma\/fr\/wp-json\/wp\/v2\/posts\/5402\/revisions\/5406"}],"wp:featuredmedia":[{"embeddable":true,"href":"https:\/\/amadalamazigh.press.ma\/fr\/wp-json\/wp\/v2\/media\/5404"}],"wp:attachment":[{"href":"https:\/\/amadalamazigh.press.ma\/fr\/wp-json\/wp\/v2\/media?parent=5402"}],"wp:term":[{"taxonomy":"category","embeddable":true,"href":"https:\/\/amadalamazigh.press.ma\/fr\/wp-json\/wp\/v2\/categories?post=5402"},{"taxonomy":"post_tag","embeddable":true,"href":"https:\/\/amadalamazigh.press.ma\/fr\/wp-json\/wp\/v2\/tags?post=5402"}],"curies":[{"name":"wp","href":"https:\/\/api.w.org\/{rel}","templated":true}]}}