{"id":5430,"date":"2023-10-21T14:02:55","date_gmt":"2023-10-21T13:02:55","guid":{"rendered":"https:\/\/amadalamazigh.press.ma\/fr\/?p=5430"},"modified":"2023-10-21T14:06:51","modified_gmt":"2023-10-21T13:06:51","slug":"lassemblee-mondiale-amazighe-interpelle-les-etats-africains-pour-stopper-le-genocide-des-touaregues-dazawad-et-travailler-pour-la-paix-au-sahel","status":"publish","type":"post","link":"https:\/\/amadalamazigh.press.ma\/fr\/lassemblee-mondiale-amazighe-interpelle-les-etats-africains-pour-stopper-le-genocide-des-touaregues-dazawad-et-travailler-pour-la-paix-au-sahel\/","title":{"rendered":"L&rsquo;Assembl\u00e9e Mondiale Amazighe interpelle les Etats africains pour stopper le g\u00e9nocide des Touar\u00e8gues d\u2019Azawad et travailler pour la paix au Sahel"},"content":{"rendered":"<p style=\"text-align: center;\"><span style=\"color: #000080;\"><b style=\"color: #000080;\"><img data-recalc-dims=\"1\" loading=\"lazy\" decoding=\"async\" class=\"size-medium wp-image-5432 alignright\" src=\"https:\/\/i0.wp.com\/amadalamazigh.press.ma\/fr\/wp-content\/uploads\/2023\/10\/WhatsApp-Image-2023-10-21-at-10.53.36.jpeg?resize=274%2C250&#038;ssl=1\" alt=\"\" width=\"274\" height=\"250\" \/>L&rsquo;Assembl\u00e9e Mondiale Amazighe interpelle les Etats africains pour stopper le\u00a0g\u00e9nocide des Touar\u00e8gues d\u2019Azawad, d\u00e9noncer le jeu macabre des g\u00e9n\u00e9raux alg\u00e9riens et <\/b><span style=\"color: #000080;\"><b>\u0153uvrer<\/b><\/span><b style=\"color: #000080;\"> pour la paix au Mali et au Sahel<\/b><\/span><\/p>\n<p>A l\u2019aimable attention de leurs excellences\u00a0:<\/p>\n<ul>\n<li>M. Nasser BOURITA, Ministre des Affaires \u00c9trang\u00e8res, de la Coop\u00e9ration et des Marocains r\u00e9sidant \u00e0 l\u2019\u00e9tranger du Royaume du Maroc ;<\/li>\n<li>M. Abdoulaye DIOP, Ministre des Affaires \u00e9trang\u00e8res et de la Coop\u00e9ration internationale de la R\u00e9publique du Mali<\/li>\n<li>M. Sameh CHOUKRY, Ministre des Affaires Etrang\u00e8res &#8211; R\u00e9publique Arabe d\u2019Egypte ;<\/li>\n<li>M. Nabil AMMAR,\u00a0<strong>\u00a0<\/strong>Ministre des affaires \u00e9trang\u00e8res, de la migration et des\u00a0tunisiens\u00a0\u00e0 l&rsquo;\u00e9tranger de la R\u00e9publique de Tunisie<\/li>\n<li>M. Mohamed SALEM OULD MERZOUG, Ministre des affaires \u00e9trang\u00e8res de la Coop\u00e9ration et des Mauritaniens de l&rsquo;Ext\u00e9rieur de la R\u00e9publique Islamique de Mauritanie ;<\/li>\n<li>Mme. A\u00efssata TALL SALL, ministre s\u00e9n\u00e9galaise des Affaires \u00e9trang\u00e8res de la R\u00e9publique du S\u00e9n\u00e9gal;<\/li>\n<li>Mme. Ragnaghn\u00e8wend\u00e9 Olivia ROUAMBA, Ministre des Affaires Etrang\u00e8res de la R\u00e9publique du Burkina Fasso ;<\/li>\n<li>M. Mahamat Saleh ANNADIF, Ministre des Affaires Etrang\u00e8res de la R\u00e9publique du Tchad<\/li>\n<li>M. Abdelhamid DBEIBEH, Chef du Gouvernement d&rsquo;<em>Union nationale de Libye<\/em><\/li>\n<\/ul>\n<p>Objet\u00a0:\u00a0<strong>terrorisme djihadiste au Sahel,\u00a0<\/strong><\/p>\n<p>Excellences,<\/p>\n<p>L\u2019Assembl\u00e9e Mondiale Amazighe (AMA), en tant qu\u2019ONG international de d\u00e9fense des droits des Amazighs,\u00a0vous interpelle\u00a0sur une question primordiale qu\u2019est l\u2019avenir proche de l\u2019Azawad et la paix au Mali et au Sahel.<\/p>\n<p>Nous sommes stup\u00e9faits de voir les responsables gouvernementaux de l\u2019Alg\u00e9rie se proposant comme m\u00e9diateurs au Niger, \u00e0 la suite du coup d\u2019Etat contre son pr\u00e9sident emprisonn\u00e9 Mohamed BAZOUM, comme ils l\u2019ont d\u00e9j\u00e0 fait avec le Mali en imposant \u00e0 Bilal AG CHERIF les Accords d\u2019Alger de 2015. Nous saluons profond\u00e9ment la r\u00e9ponse claire et courageuse des nouvelles autorit\u00e9s nig\u00e9riennes de leur position de rejeter ladite m\u00e9diation. Effectivement,\u00a0les officiers alg\u00e9riens, connus pour leurs sales besognes, jouent diaboliquement le r\u00f4le des pyromanes psychopathes qui provoquent des incendies, et en m\u00eame temps, ils se pr\u00e9sentent comme des sapeurs-pompiers salvateurs qui essaient d\u2019aider \u00e0 \u00e9teindre le feu !<\/p>\n<p>Si le Mali a connu divers coups d&rsquo;\u00c9tat, suivi par le Burkina-Faso et r\u00e9cemment par le Niger c\u2019est principalement \u00e0 cause de l\u2019ins\u00e9curit\u00e9 provoqu\u00e9e par les groupes terroristes djihadistes et que les militaires de ces pays de Sahel n\u2019arrivent, malheureusement, pas \u00e0 \u00e9radiquer\u00a0! Souvent, on oublie facilement de poser la question du fond\u00a0: qui est \u00e0 l\u2019origine de la cr\u00e9ation de ces dits groupes terroristes au d\u00e9sert du Grand Sahara et du Sahel, qui \u00e9tait connu comme une r\u00e9gion de paix et de solitude depuis des si\u00e8cles, et o\u00f9 vivaient en harmonie et en respect divers groupes ethniques, principalement les Touar\u00e8gues, les Maures, les Peuls et les\u00a0Dogons, les Toubous, les Songha\u00efs\u2026\u00a0?<\/p>\n<p><img data-recalc-dims=\"1\" loading=\"lazy\" decoding=\"async\" class=\"size-medium wp-image-5431 alignright\" src=\"https:\/\/i0.wp.com\/amadalamazigh.press.ma\/fr\/wp-content\/uploads\/2023\/10\/WhatsApp-Image-2023-10-21-at-10.54.55.jpeg?resize=290%2C250&#038;ssl=1\" alt=\"\" width=\"290\" height=\"250\" srcset=\"https:\/\/i0.wp.com\/amadalamazigh.press.ma\/fr\/wp-content\/uploads\/2023\/10\/WhatsApp-Image-2023-10-21-at-10.54.55.jpeg?resize=290%2C250&amp;ssl=1 290w, https:\/\/i0.wp.com\/amadalamazigh.press.ma\/fr\/wp-content\/uploads\/2023\/10\/WhatsApp-Image-2023-10-21-at-10.54.55.jpeg?w=685&amp;ssl=1 685w\" sizes=\"auto, (max-width: 290px) 100vw, 290px\" \/>Notre ONG, l\u2019Assembl\u00e9e Mondiale Amazighe, ne cesse de pointer le doigt sur\u00a0les services secrets militaires alg\u00e9riens [1], qui \u00e9taient derri\u00e8re la cr\u00e9ation du\u00a0groupe terroriste<em>\u00a0<strong>Al Qa\u00efda au Maghreb islamique (AQMI)<\/strong>,\u00a0<\/em>comme l&rsquo;attestent la pertinente \u00e9tude de Fran\u00e7ois G\u00e8ze et Salima Mellah [2]. De ce fait, ils sont les responsables directs de tous les meurtres commis, et qui continuent \u00e0 \u00eatre commis, au sein des pays du Sahel. Ces services secrets militaires d\u2019Alg\u00e9rie, connus sous le nom de la DRS (avant de changer en DGDSE), non seulement finan\u00e7aient, conseillaient et fournissaient des informations satellitaires \u00e0 ses mercenaires djihadistes au Sahel, comme le c\u00e9l\u00e8bre Iyad AG GHALI d&rsquo;Ansar Dine et \u00e0 qui ils\u00a0lui procuraient (et lui procurent toujours) refuge sur son sol, sinon ils fournissaient \u00e9galement des candidats \u00e0 AQMI (m\u00eame si elle a pris une nouvelle d\u00e9nomination qu\u2019est le\u00a0Groupe de Soutien \u00e0 l&rsquo;Islam et aux Musulmans-GSIM\u00a0), comme des recrutements parmi les sahraouis des camps de Tindouf [3].<\/p>\n<p>En r\u00e9alit\u00e9, si le Sahel s\u2019est transform\u00e9 en une poudri\u00e8re, qui a d\u00e9stabilis\u00e9 le Mali, le Burkina-Faso et le Niger (et qui pourrait toucher d\u2019autres pays africains comme la Mauritanie et le Tchad), cela revient, premi\u00e8rement, \u00e0 la responsabilit\u00e9 notoire des g\u00e9n\u00e9raux alg\u00e9riens. Deuxi\u00e8mement, ils ne sont pas les seuls, sinon ils comptent avec la complicit\u00e9 malheureuse, effective et incompr\u00e9hensible de l\u2019Etat fran\u00e7ais. Comment\u00a0?<\/p>\n<p>En effet, M. Romano PRODI, ex-pr\u00e9sident de la Commission Europ\u00e9enne et\u00a0envoy\u00e9 sp\u00e9cial du Secr\u00e9taire g\u00e9n\u00e9ral de l&rsquo;ONU pour le Sahel, de 2012 \u00e0 2014, \u00a0\u00e0 une question de<em>\u00a0Jeune Afrique\u00a0:un Etat de l\u2019Azawad vous para\u00eet-il viable\u00a0?,\u00a0<\/em>il avait r\u00e9pondu, pertinemment, que<em>\u00a0:\u00a0<\/em>\u00ab\u00a0<strong>je\u00a0<em>fonde l\u2019espoir d\u2019un accord acceptable entre Bamako et les groupes arm\u00e9s. Car je consid\u00e8re que, sans accord avec le Nord, il n\u2019y aura jamais de paix au Mali<\/em><\/strong><em>\u00a0\u00bb.<\/em>\u00a0[4]<em>.\u00a0<\/em>C\u2019est dans ce sens et sur la m\u00eame longueur d\u2019onde que notre pr\u00e9sident d\u00e9l\u00e9gu\u00e9 de notre ONG, Dr. Mimoun CHARQI avait propos\u00e9 que\u00a0la solution id\u00e9ale \u00e0 l\u2019ins\u00e9curit\u00e9 r\u00e9gnante au Sahel ne pourrait se r\u00e9soudre que par une r\u00e9solution fondamentalement politique\u00a0: celle de l\u2019application de l\u2019article 3 de la \u00ab D\u00e9claration des Nations Unies sur les droits des peuples autochtones \u00bb et l\u2019octroi du statut d\u2019autonomie politique \u00e0 Azawad dans le cadre d\u2019un \u00e9tat f\u00e9d\u00e9ral malien, \u00e0 l\u2019exemple du Kurdistan Irakien [5], et inspir\u00e9 de notre \u00ab\u00a0<strong><em>Manifeste de Tamazgha,\u00a0pour une Conf\u00e9d\u00e9ration d\u00e9mocratique, sociale et transfrontali\u00e8re, bas\u00e9e sur le droit \u00e0 l\u2019autonomie des r\u00e9gions<\/em><\/strong>\u00a0\u00bb\u00a0[6]. Une solution \u00e0 laquelle se sont accord\u00e9s les parties au conflit malien \u00e0 Ouagadougou, le 4 d\u00e9cembre 2012, \u00e0 l\u2019initiative de l\u2019ex-pr\u00e9sident burkinab\u00e9 Blaise COMPAORE, qui comptait avec le soutien de la Communaut\u00e9 Economique des Etats d\u2019Afrique de l\u2019Ouest (CEDEAO) o\u00f9 la partie gouvernementale et la partie des repr\u00e9sentants du Mouvement National de Lib\u00e9ration de l\u2019Azawad (MNLA), en insistant sur \u00ab\u00a0le rejet du terrorisme\u00a0\u00bb et sur le respect de l\u2019int\u00e9grit\u00e9 territoriale, se sont accord\u00e9s sur la \u00ab\u00a0n\u00e9cessit\u00e9 de cr\u00e9er un cadre de dialogue pour obtenir la cessation des hostilit\u00e9s\u00a0\u00bb et o\u00f9 le MNLA renoncerait \u00e0 l\u2019ind\u00e9pendance du Nord en \u00e9change de garanties sur une \u00ab\u00a0large autonomie\u00a0\u00bb [7], \u00e0 l\u2019exemple de la proposition marocaine de 2017 pour r\u00e9gler la question saharienne.<\/p>\n<p>Cependant, toutes ces propositions politiques de r\u00e9gler ce diff\u00e9rend se sont avort\u00e9s \u00e0 cause de l\u2019attitude bellig\u00e9rante de la France, en d\u00e9clenchant son arm\u00e9e, unilat\u00e9ralement, l\u2019op\u00e9ration \u00ab\u00a0<strong>Serval<\/strong>\u00a0\u00bb, en janvier 2013, suivi par l\u2019op\u00e9ration \u00ab\u00a0<strong>Barkhane<\/strong>\u00a0\u00bb\u00a0o\u00f9 elle avait d\u00e9ploy\u00e9 plus de 5000 soldats et des moyens budg\u00e9taires cons\u00e9quents arrivant annuellement \u00e0 un milliard d\u2019euros. Sans oublier l\u2019op\u00e9ration de la \u00ab\u00a0<strong>Task Force Takuba<\/strong>\u00a0\u00bb de 2020 o\u00f9 elle a r\u00e9ussi \u00e0 impliquer plusieurs gouvernements de l\u2019Union Europ\u00e9ennes (Allemagne, Belgique, Pays-Bas, R\u00e9publique Tch\u00e8que, Danemark, Estonie, Portugal, Su\u00e8de\u2026). La France s\u2019ent\u00eatait \u00e0 privil\u00e9gier la solution militaire aux solutions politiques\u00a0! Alors, la voici que ces forces sp\u00e9ciales militaires se retrouvent expuls\u00e9es de Mali, et maintenant, en train d\u2019\u00eatre expuls\u00e9es de Niger, avec une ins\u00e9curit\u00e9 plus accrue et o\u00f9 les divers groupes terroristes pullulent dans la r\u00e9gion du Liptako des trois fronti\u00e8res\u00a0! Pire, l\u2019actuel pr\u00e9sident fran\u00e7ais, M. Emmanuel MACRON, essaie de blanchir les g\u00e9n\u00e9raux criminels d\u2019Alg\u00e9rie, comme\u00a0le g\u00e9n\u00e9ral M\u2019henna DJEBBAR, qui est directement le commanditaire du macabre et vil assassinat des sept moines fran\u00e7ais de Tibhirin, que le journaliste Hichem ABOUD vient de nous rappeler dans une r\u00e9cente vid\u00e9o et article [8]\u00a0! Les autorit\u00e9s fran\u00e7aises ne font rien de rien pour traduire en justice ce criminel, \u00e0 la t\u00eate des services secrets et principal interlocuteur des services secrets fran\u00e7ais\u00a0? Normalement, la France devait traduire ce dernier devant la CPI, \u00e0 l\u2019exemple de qua a fait le Tribunal P\u00e9nal F\u00e9d\u00e9ral de la Suisse \u00e0 l\u2019encontre de son coll\u00e8gue, le G\u00e9n\u00e9ral Khaled NEZZAR\u00a0!<\/p>\n<p>En d\u00e9finitive, comme l\u2019avait annonc\u00e9 le grand roi amazigh MASSINISSA, \u00e7a fait deux mill\u00e9naires de cela : \u00ab\u00a0<strong>l\u2019Afrique aux Africains<\/strong>\u00a0\u00bb. De ce fait, tous les pays d\u2019Afrique du Nord et de Sahel sont appel\u00e9s, plus que jamais, \u00e0 unir tous leurs efforts et \u00e0 user de toute leur influence pour obtenir la paix, combattre le fl\u00e9au de terrorisme djihadiste et stopper les guerres civiles fratricides. Par cons\u00e9quent et afin d\u2019y arriver, il faudrait\u00a0:<\/p>\n<ul>\n<li>Primo, arr\u00eater de d\u00e9rouler le tapis rouge aux responsables gouvernementales des Etats qui fomentent le terrorisme islamiste, en l\u2019occurrence l\u2019Alg\u00e9rie, et de couper toute relation diplomatique et \u00e9conomique avec eux;<\/li>\n<li>Segundo, interpeller la Russie [9], qui voudrait s\u2019investir en Afrique, afin de retirer ses milices mercenaires de Wargner du Mali (et de la Libye). Il serait inacceptable que certains de nos pays africains qui commencent \u00e0 se lib\u00e9rer du n\u00e9o-colonialisme fran\u00e7ais, tombent dans un nouveau n\u00e9o-colonialisme russe, ou pire, se faire manipuler dans sa g\u00e9ostrat\u00e9gie militaire contre les Etats de l\u2019Union Europ\u00e9enne qui soutiennent l\u2019Ukraine, en leur ouvrant un nouveau front au sud ;<\/li>\n<li>et Tercio, \u00e9viter d\u2019\u00eatre complices d\u2019un nouveau nettoyage ethnique et respecter les droits des peuples autochtones, \u00e0 leur t\u00eate les \u00abAfricains Blancs ou m\u00e9tisses\u00bb que constituent les Touar\u00e8gues et les Maures. Dans ce sens, il faudrait encourager, urgemment, les dirigeants militaires maliens des FAMa et les combattants Touar\u00e8gues de la Coordination des Mouvements d\u2019Azawad (CMA) ou du Cadre Strat\u00e9gique Permanent (CSP) \u00e0 s\u2019asseoir de nouveau autour d\u2019une table ronde o\u00f9<em>\u00a0<\/em>l&rsquo;instauration d&rsquo;un syst\u00e8me territorial f\u00e9d\u00e9ral constituerait la meilleure option politique pour sauver le Mali et le Sahel.<\/li>\n<\/ul>\n<p>Veuillez agr\u00e9er, Excellences, nos salutations les plus distingu\u00e9es.<\/p>\n<p style=\"text-align: center;\"><span style=\"color: #000080;\">Rachid RAHA, Pr\u00e9sident de l\u2019Assembl\u00e9e Mondiale Amazighe<\/span><\/p>\n<p><strong>\u00a0Copie\u00a0: \u00a0<\/strong><\/p>\n<ul>\n<li>M.\u00a0 Moussa FAKI MAHAMAT, Pr\u00e9sident de la Commission de l&rsquo;UNION AFRICAINE (AU)<\/li>\n<li>Dr. Omar Alieu TOURAY, Directeur-conseiller principal du Pr\u00e9sident de la Commission de la CEDEAO<\/li>\n<li>M. Josep BORRELL, Haut-Repr\u00e9sentant de l\u2019UNION EUROP\u00c9ENNE pour les Affaires \u00c9trang\u00e8res et la Politique de S\u00e9curit\u00e9<\/li>\n<li>Mesdames et Messieurs Eurod\u00e9put\u00e9es &amp; eurod\u00e9put\u00e9s du PARLEMENT EUROP\u00c9EN<\/li>\n<li>M. Antonio GUTERRES, Secr\u00e9taire G\u00e9n\u00e9ral de l\u2019ONU<\/li>\n<li>M. Antony J. BLINKEN, Secr\u00e9taire d\u2019Etat des USA<\/li>\n<\/ul>\n<p><strong>Notes\u00a0:<\/strong><\/p>\n[1]-\u00a0<a href=\"http:\/\/amamazigh.org\/2021\/06\/ni-serval-ni-barkhane-ni-takuda-ne-peuvent-securiser-le-sahel-les-seuls-a-le-concretiser-sur-le-terrain-ce-sont-les-touaregues\/\" target=\"_blank\" rel=\"noopener\" data-saferedirecturl=\"https:\/\/www.google.com\/url?q=http:\/\/amamazigh.org\/2021\/06\/ni-serval-ni-barkhane-ni-takuda-ne-peuvent-securiser-le-sahel-les-seuls-a-le-concretiser-sur-le-terrain-ce-sont-les-touaregues\/&amp;source=gmail&amp;ust=1697978420486000&amp;usg=AOvVaw1Nh0u5FRn2IuGquDImXbVQ\">http:\/\/amamazigh.org\/2021\/06\/ni-serval-ni-barkhane-ni-takuda-ne-peuvent-securiser-le-sahel-les-seuls-a-le-concretiser-sur-le-terrain-ce-sont-les-touaregues\/<\/a><br \/>\n[2]-\u00a0<a href=\"http:\/\/www.algeria-watch.org\/fr\/aw\/gspc_etrange_histoire_intro.htm\" target=\"_blank\" rel=\"noopener\" data-saferedirecturl=\"https:\/\/www.google.com\/url?q=http:\/\/www.algeria-watch.org\/fr\/aw\/gspc_etrange_histoire_intro.htm&amp;source=gmail&amp;ust=1697978420486000&amp;usg=AOvVaw3x8GaUCaXRtcK2CpcjMsVg\">www.algeria-watch.org\/fr\/aw\/gspc_etrange_histoire_intro.htm<\/a><br \/>\n[3]-\u00a0<a href=\"http:\/\/www.jeuneafrique.com\/Article\/JA2703p010-013.xml0\/\" target=\"_blank\" rel=\"noopener\" data-saferedirecturl=\"https:\/\/www.google.com\/url?q=http:\/\/www.jeuneafrique.com\/Article\/JA2703p010-013.xml0\/&amp;source=gmail&amp;ust=1697978420486000&amp;usg=AOvVaw3DF8PqKIZbDyycYup0_ko9\">www.jeuneafrique.com\/Article\/JA2703p010-013.xml0\/<\/a><br \/>\n[4]-\u00a0<a href=\"http:\/\/www.jeuneafrique.com\/134517\/politique\/romano-prodi-sans-accord-avec-le-nord-il-n-y-aura-jamais-de-paix-au-mali\/\" target=\"_blank\" rel=\"noopener\" data-saferedirecturl=\"https:\/\/www.google.com\/url?q=http:\/\/www.jeuneafrique.com\/134517\/politique\/romano-prodi-sans-accord-avec-le-nord-il-n-y-aura-jamais-de-paix-au-mali\/&amp;source=gmail&amp;ust=1697978420486000&amp;usg=AOvVaw0rNz-nXW9khgZ2iqP2Uf5e\">www.jeuneafrique.com\/134517\/politique\/romano-prodi-sans-accord-avec-le-nord-il-n-y-aura-jamais-de-paix-au-mali\/<\/a><br \/>\n[5]-\u00a0\u00a0<a href=\"https:\/\/fr.linkedin.com\/pulse\/lazawad-entre-droits-des-peuples-disposer-deux-memes-et-mimoun-charqi\" target=\"_blank\" rel=\"noopener\" data-saferedirecturl=\"https:\/\/www.google.com\/url?q=https:\/\/fr.linkedin.com\/pulse\/lazawad-entre-droits-des-peuples-disposer-deux-memes-et-mimoun-charqi&amp;source=gmail&amp;ust=1697978420486000&amp;usg=AOvVaw2ipBVT6keQKz35ew3j-dOY\">https:\/\/fr.linkedin.com\/pulse\/lazawad-entre-droits-des-peuples-disposer-deux-memes-et-mimoun-charqi<\/a><br \/>\n[6]-\u00a0<a href=\"http:\/\/amamazigh.org\/wp-content\/uploads\/2018\/10\/AMA_MANIFESTE-DE-TAMAZGHA_5-langues.pdf\" target=\"_blank\" rel=\"noopener\" data-saferedirecturl=\"https:\/\/www.google.com\/url?q=http:\/\/amamazigh.org\/wp-content\/uploads\/2018\/10\/AMA_MANIFESTE-DE-TAMAZGHA_5-langues.pdf&amp;source=gmail&amp;ust=1697978420486000&amp;usg=AOvVaw0D2WxuX9ApEdp92MF7LW32\">http:\/\/amamazigh.org\/wp-content\/uploads\/2018\/10\/AMA_MANIFESTE-DE-TAMAZGHA_5-langues.pdf<\/a><br \/>\n[7]-\u00a0<a href=\"http:\/\/www.esisc.org\/publications\/briefings\/les-desaccords-internationaux-hypothequent-lintervention-militaire-au-nord-mali\" target=\"_blank\" rel=\"noopener\" data-saferedirecturl=\"https:\/\/www.google.com\/url?q=http:\/\/www.esisc.org\/publications\/briefings\/les-desaccords-internationaux-hypothequent-lintervention-militaire-au-nord-mali&amp;source=gmail&amp;ust=1697978420486000&amp;usg=AOvVaw2mQThqgs1PEfq4EYSG3ffN\">www.esisc.org\/publications\/briefings\/les-desaccords-internationaux-hypothequent-lintervention-militaire-au-nord-mali<\/a><br \/>\n[8]-\u00a0\u00a0<a href=\"http:\/\/www.atalayar.com\/fr\/articulo\/politique\/algerie-france-sacrifie-moines-tibhirine-sur-l-autel-d-une-amitie-turbulente\/20230831091855190198.html\" target=\"_blank\" rel=\"noopener\" data-saferedirecturl=\"https:\/\/www.google.com\/url?q=http:\/\/www.atalayar.com\/fr\/articulo\/politique\/algerie-france-sacrifie-moines-tibhirine-sur-l-autel-d-une-amitie-turbulente\/20230831091855190198.html&amp;source=gmail&amp;ust=1697978420486000&amp;usg=AOvVaw0l5hPKop3W4-zTwQSoIWHI\">www.atalayar.com\/fr\/articulo\/politique\/algerie-france-sacrifie-moines-tibhirine-sur-l-autel-d-une-amitie-turbulente\/20230831091855190198.html<\/a><br \/>\n[9]-\u00a0<a href=\"http:\/\/www.afrik.com\/mali-la-russie-accusee-de-declarer-la-guerre-aux-les-touaregs\" target=\"_blank\" rel=\"noopener\" data-saferedirecturl=\"https:\/\/www.google.com\/url?q=http:\/\/www.afrik.com\/mali-la-russie-accusee-de-declarer-la-guerre-aux-les-touaregs&amp;source=gmail&amp;ust=1697978420487000&amp;usg=AOvVaw0Tz4qEcIbRJ3_RNOQ5UgdG\">www.afrik.com\/mali-la-russie-accusee-de-declarer-la-guerre-aux-les-touaregs<\/a><\/p>\n","protected":false},"excerpt":{"rendered":"<p>L&rsquo;Assembl\u00e9e Mondiale Amazighe interpelle les Etats africains pour stopper le\u00a0g\u00e9nocide des Touar\u00e8gues d\u2019Azawad, d\u00e9noncer le jeu macabre des g\u00e9n\u00e9raux alg\u00e9riens et \u0153uvrer pour la paix au Mali et au Sahel A l\u2019aimable attention de leurs excellences\u00a0: M. Nasser BOURITA, Ministre des Affaires \u00c9trang\u00e8res, de la Coop\u00e9ration et des Marocains r\u00e9sidant \u00e0 l\u2019\u00e9tranger du Royaume du &hellip;<\/p>\n","protected":false},"author":2,"featured_media":5432,"comment_status":"open","ping_status":"closed","sticky":false,"template":"","format":"standard","meta":{"jetpack_post_was_ever_published":false,"_jetpack_newsletter_access":"","_jetpack_dont_email_post_to_subs":false,"_jetpack_newsletter_tier_id":0,"_jetpack_memberships_contains_paywalled_content":false,"_jetpack_memberships_contains_paid_content":false,"footnotes":"","jetpack_publicize_message":"","jetpack_publicize_feature_enabled":true,"jetpack_social_post_already_shared":true,"jetpack_social_options":{"image_generator_settings":{"template":"highway","default_image_id":0,"font":"","enabled":false},"version":2}},"categories":[11],"tags":[],"class_list":["post-5430","post","type-post","status-publish","format-standard","has-post-thumbnail","","category-touareg"],"jetpack_publicize_connections":[],"jetpack_featured_media_url":"https:\/\/i0.wp.com\/amadalamazigh.press.ma\/fr\/wp-content\/uploads\/2023\/10\/WhatsApp-Image-2023-10-21-at-10.53.36-e1697893592593.jpeg?fit=790%2C475&ssl=1","jetpack_shortlink":"https:\/\/wp.me\/p9uxE2-1pA","jetpack_sharing_enabled":true,"_links":{"self":[{"href":"https:\/\/amadalamazigh.press.ma\/fr\/wp-json\/wp\/v2\/posts\/5430","targetHints":{"allow":["GET"]}}],"collection":[{"href":"https:\/\/amadalamazigh.press.ma\/fr\/wp-json\/wp\/v2\/posts"}],"about":[{"href":"https:\/\/amadalamazigh.press.ma\/fr\/wp-json\/wp\/v2\/types\/post"}],"author":[{"embeddable":true,"href":"https:\/\/amadalamazigh.press.ma\/fr\/wp-json\/wp\/v2\/users\/2"}],"replies":[{"embeddable":true,"href":"https:\/\/amadalamazigh.press.ma\/fr\/wp-json\/wp\/v2\/comments?post=5430"}],"version-history":[{"count":2,"href":"https:\/\/amadalamazigh.press.ma\/fr\/wp-json\/wp\/v2\/posts\/5430\/revisions"}],"predecessor-version":[{"id":5434,"href":"https:\/\/amadalamazigh.press.ma\/fr\/wp-json\/wp\/v2\/posts\/5430\/revisions\/5434"}],"wp:featuredmedia":[{"embeddable":true,"href":"https:\/\/amadalamazigh.press.ma\/fr\/wp-json\/wp\/v2\/media\/5432"}],"wp:attachment":[{"href":"https:\/\/amadalamazigh.press.ma\/fr\/wp-json\/wp\/v2\/media?parent=5430"}],"wp:term":[{"taxonomy":"category","embeddable":true,"href":"https:\/\/amadalamazigh.press.ma\/fr\/wp-json\/wp\/v2\/categories?post=5430"},{"taxonomy":"post_tag","embeddable":true,"href":"https:\/\/amadalamazigh.press.ma\/fr\/wp-json\/wp\/v2\/tags?post=5430"}],"curies":[{"name":"wp","href":"https:\/\/api.w.org\/{rel}","templated":true}]}}