{"id":5484,"date":"2023-11-18T14:10:10","date_gmt":"2023-11-18T13:10:10","guid":{"rendered":"https:\/\/amadalamazigh.press.ma\/fr\/?p=5484"},"modified":"2023-11-18T14:10:10","modified_gmt":"2023-11-18T13:10:10","slug":"riposte-internationale-demande-la-liberation-de-mohand-taferka","status":"publish","type":"post","link":"https:\/\/amadalamazigh.press.ma\/fr\/riposte-internationale-demande-la-liberation-de-mohand-taferka\/","title":{"rendered":"Riposte Internationale demande la lib\u00e9ration de Mohand Taferka"},"content":{"rendered":"<p><img data-recalc-dims=\"1\" loading=\"lazy\" decoding=\"async\" class=\"size-medium wp-image-5485 alignleft\" src=\"https:\/\/i0.wp.com\/amadalamazigh.press.ma\/fr\/wp-content\/uploads\/2023\/11\/taferka.jpg?resize=444%2C250&#038;ssl=1\" alt=\"\" width=\"444\" height=\"250\" srcset=\"https:\/\/i0.wp.com\/amadalamazigh.press.ma\/fr\/wp-content\/uploads\/2023\/11\/taferka.jpg?resize=444%2C250&amp;ssl=1 444w, https:\/\/i0.wp.com\/amadalamazigh.press.ma\/fr\/wp-content\/uploads\/2023\/11\/taferka.jpg?resize=1024%2C576&amp;ssl=1 1024w, https:\/\/i0.wp.com\/amadalamazigh.press.ma\/fr\/wp-content\/uploads\/2023\/11\/taferka.jpg?resize=1536%2C864&amp;ssl=1 1536w, https:\/\/i0.wp.com\/amadalamazigh.press.ma\/fr\/wp-content\/uploads\/2023\/11\/taferka.jpg?resize=2048%2C1152&amp;ssl=1 2048w, https:\/\/i0.wp.com\/amadalamazigh.press.ma\/fr\/wp-content\/uploads\/2023\/11\/taferka.jpg?w=1236&amp;ssl=1 1236w, https:\/\/i0.wp.com\/amadalamazigh.press.ma\/fr\/wp-content\/uploads\/2023\/11\/taferka.jpg?w=1854&amp;ssl=1 1854w\" sizes=\"auto, (max-width: 444px) 100vw, 444px\" \/>Malgr\u00e9 l&rsquo;interdiction de toute manifestation publique depuis bient\u00f4t deux ans, la r\u00e9pression bat son plein et les arrestations \u00e0 tour de bras pour terroriser les populations civiles et r\u00e9primer dans l\u2019\u0153uf la libert\u00e9 d\u2019expression et toute vell\u00e9it\u00e9 de reprise du hirak. Ainsi, nous avons appris cette semaine encore le placement sous mandat de d\u00e9p\u00f4t de M. Berrache Mohand, un respectable militant qui a vou\u00e9 sa vie \u00e0 la promotion de la culture amazighe.<\/p>\n<p>Riposte internationale s\u2019\u00e9l\u00e8ve r\u00e9solument contre l\u2019emprisonnement de cet homme de plus de 70 ans et d\u00e9nonce la hogra (l\u2019arbitraire) du r\u00e9gime dont l\u2019appareil r\u00e9pressif broie impitoyablement les Alg\u00e9riens.<\/p>\n<p>Surnomm\u00e9 Mohand Taferka en rapport avec l\u2019association Taferka qu\u2019il dirige depuis de nombreuses ann\u00e9es dans la banlieue parisienne, M. Barrache est tout ce qu\u2019il y a d\u2019un homme droit, d\u00e9sint\u00e9ress\u00e9 et int\u00e8gre. Un homme de culture, bienveillant, p\u00e9tri de valeurs et libre ne d\u00e9pendant d\u2019aucune chapelle politique et qui paye un lourd tribut pour son attachement \u00e0 la Kabylie et son engagement sans faille pour l\u2019identit\u00e9 amazighe.<\/p>\n<p>Force est de constater, h\u00e9las, que le r\u00e9gime alg\u00e9rien a d\u00e9cid\u00e9 d\u2019en finir avec tous les porte-\u00e9tendards et militants de cette cause, alors qu\u2019il n\u2019y a aucun motif de fait ou de droit de nature \u00e0 justifier le placement, de ce grand militant bien connu pour son int\u00e9grit\u00e9 et sa rectitude morale, sous mandat de d\u00e9p\u00f4t.<\/p>\n<p>Mohand Taferka a accompagn\u00e9 et soutenu l\u2019\u00e9crasante majorit\u00e9 des associations alg\u00e9riennes en France. Des dizaines d\u2019\u00e9crivains, journalistes, chanteurs, intellectuels sont invit\u00e9s et pass\u00e9s dans les locaux de son association. Rentr\u00e9 en Alg\u00e9rie en avril dernier, il a appris qu\u2019il \u00e9tait sous le coup d\u2019une interdiction de sortie du territoire national (ISTN). Six mois plus tard, le juge d\u2019instruction du sinistre tribunal de Sidi M\u2019hamed d\u2019Alger d\u00e9cide, au m\u00e9pris du droit, son placement sous mandat de d\u00e9p\u00f4t.<\/p>\n<p>Cette d\u00e9cision d\u2019une justice aux ordres aussi injustifi\u00e9e qu\u2019arbitraire renseigne sur l\u2019obstination des dirigeants \u00e0 museler les libert\u00e9s \u00e0 l\u2019int\u00e9rieur du pays et \u00e0 intimider les militants de la diaspora alg\u00e9rienne en France, c\u0153ur battant du hirak.<\/p>\n<p>Riposte internationale d\u00e9nonce \u00e9nergiquement l\u2019arrestation et le placement sous mandat de d\u00e9p\u00f4t de ce militant imp\u00e9nitent ainsi que toutes les condamnations injustes de plusieurs dizaines d\u2019Alg\u00e9riennes et d\u2019Alg\u00e9riens pour leurs opinions.<\/p>\n<p>Faut-il rappeler ici le triste sort r\u00e9serv\u00e9 au regrett\u00e9 commandant Lakhdar Bouregaa, ancien officier de l\u2019ALN, (86 ans) arr\u00eat\u00e9 en juin 2019 et tra\u00een\u00e9 dans la boue par la t\u00e9l\u00e9vision officielle et les m\u00e9dias proches du pouvoir qui n\u2019ont pas h\u00e9sit\u00e9 \u00e0 lui denier son pass\u00e9 de militant de la cause ind\u00e9pendantiste et d\u2019officier de l\u2019ALN avant de l\u2019embastiller.<\/p>\n<p>D\u00e9l\u00e9gitim\u00e9 politiquement \u00e0 l\u2019int\u00e9rieur et d\u00e9class\u00e9 diplomatiquement \u00e0 l\u2019ext\u00e9rieur, le r\u00e9gime alg\u00e9rien s\u2019enfonce dans une grave d\u00e9rive de plus en plus autoritaire faisant ainsi fi des revendications l\u00e9gitimes et maintes fois r\u00e9it\u00e9r\u00e9es des Alg\u00e9riens, notamment lors des grandes manifestations du hirak, de l\u2019urgence \u00e0 mettre en place un \u00c9tat civil fond\u00e9 sur les principes d\u2019un \u00c9tat de droit respectant les libert\u00e9s fondamentales des Alg\u00e9riens.<\/p>\n<p>Riposte Internationale interpelle les autorit\u00e9s sur les graves risques de d\u00e9liquescence et d\u2019instabilit\u00e9 qu\u2019elles font courir \u00e0 tout le pays et aux pays voisins, \u00e0 cause des pratiques r\u00e9pressives et d\u2019une politique improvis\u00e9e, \u00e0 tr\u00e8s courte vue dans la gestion des affaires du pays,<\/p>\n<p>Halte \u00e0 la d\u00e9rive totalitaire<\/p>\n<p>Libert\u00e9 pour tous les d\u00e9tenus d\u2019opinion<\/p>\n","protected":false},"excerpt":{"rendered":"<p>Malgr\u00e9 l&rsquo;interdiction de toute manifestation publique depuis bient\u00f4t deux ans, la r\u00e9pression bat son plein et les arrestations \u00e0 tour de bras pour terroriser les populations civiles et r\u00e9primer dans l\u2019\u0153uf la libert\u00e9 d\u2019expression et toute vell\u00e9it\u00e9 de reprise du hirak. Ainsi, nous avons appris cette semaine encore le placement sous mandat de d\u00e9p\u00f4t de &hellip;<\/p>\n","protected":false},"author":2,"featured_media":5485,"comment_status":"open","ping_status":"closed","sticky":false,"template":"","format":"standard","meta":{"jetpack_post_was_ever_published":false,"_jetpack_newsletter_access":"","_jetpack_dont_email_post_to_subs":false,"_jetpack_newsletter_tier_id":0,"_jetpack_memberships_contains_paywalled_content":false,"_jetpack_memberships_contains_paid_content":false,"footnotes":"","jetpack_publicize_message":"","jetpack_publicize_feature_enabled":true,"jetpack_social_post_already_shared":true,"jetpack_social_options":{"image_generator_settings":{"template":"highway","default_image_id":0,"font":"","enabled":false},"version":2}},"categories":[8],"tags":[],"class_list":["post-5484","post","type-post","status-publish","format-standard","has-post-thumbnail","","category-algerie"],"jetpack_publicize_connections":[],"jetpack_featured_media_url":"https:\/\/i0.wp.com\/amadalamazigh.press.ma\/fr\/wp-content\/uploads\/2023\/11\/taferka.jpg?fit=2560%2C1440&ssl=1","jetpack_shortlink":"https:\/\/wp.me\/p9uxE2-1qs","jetpack_sharing_enabled":true,"_links":{"self":[{"href":"https:\/\/amadalamazigh.press.ma\/fr\/wp-json\/wp\/v2\/posts\/5484","targetHints":{"allow":["GET"]}}],"collection":[{"href":"https:\/\/amadalamazigh.press.ma\/fr\/wp-json\/wp\/v2\/posts"}],"about":[{"href":"https:\/\/amadalamazigh.press.ma\/fr\/wp-json\/wp\/v2\/types\/post"}],"author":[{"embeddable":true,"href":"https:\/\/amadalamazigh.press.ma\/fr\/wp-json\/wp\/v2\/users\/2"}],"replies":[{"embeddable":true,"href":"https:\/\/amadalamazigh.press.ma\/fr\/wp-json\/wp\/v2\/comments?post=5484"}],"version-history":[{"count":1,"href":"https:\/\/amadalamazigh.press.ma\/fr\/wp-json\/wp\/v2\/posts\/5484\/revisions"}],"predecessor-version":[{"id":5486,"href":"https:\/\/amadalamazigh.press.ma\/fr\/wp-json\/wp\/v2\/posts\/5484\/revisions\/5486"}],"wp:featuredmedia":[{"embeddable":true,"href":"https:\/\/amadalamazigh.press.ma\/fr\/wp-json\/wp\/v2\/media\/5485"}],"wp:attachment":[{"href":"https:\/\/amadalamazigh.press.ma\/fr\/wp-json\/wp\/v2\/media?parent=5484"}],"wp:term":[{"taxonomy":"category","embeddable":true,"href":"https:\/\/amadalamazigh.press.ma\/fr\/wp-json\/wp\/v2\/categories?post=5484"},{"taxonomy":"post_tag","embeddable":true,"href":"https:\/\/amadalamazigh.press.ma\/fr\/wp-json\/wp\/v2\/tags?post=5484"}],"curies":[{"name":"wp","href":"https:\/\/api.w.org\/{rel}","templated":true}]}}