{"id":5535,"date":"2023-12-06T16:14:35","date_gmt":"2023-12-06T15:14:35","guid":{"rendered":"https:\/\/amadalamazigh.press.ma\/fr\/?p=5535"},"modified":"2023-12-06T16:17:04","modified_gmt":"2023-12-06T15:17:04","slug":"combattre-le-terrorisme-au-mali-un-ancien-ministre-demande-la-recuperation-des-fonds-detournes-par-les-chefs-militaires","status":"publish","type":"post","link":"https:\/\/amadalamazigh.press.ma\/fr\/combattre-le-terrorisme-au-mali-un-ancien-ministre-demande-la-recuperation-des-fonds-detournes-par-les-chefs-militaires\/","title":{"rendered":"Combattre le terrorisme au Mali: Un ancien ministre demande \u00ab\u00a0la r\u00e9cup\u00e9ration des fonds d\u00e9tourn\u00e9s par les Chefs militaires\u00a0\u00bb"},"content":{"rendered":"<p><strong><img data-recalc-dims=\"1\" loading=\"lazy\" decoding=\"async\" class=\"size-medium wp-image-5536 alignleft\" src=\"https:\/\/i0.wp.com\/amadalamazigh.press.ma\/fr\/wp-content\/uploads\/2023\/12\/hamma-ag-mahmoud.jpeg?resize=375%2C250&#038;ssl=1\" alt=\"\" width=\"375\" height=\"250\" srcset=\"https:\/\/i0.wp.com\/amadalamazigh.press.ma\/fr\/wp-content\/uploads\/2023\/12\/hamma-ag-mahmoud.jpeg?resize=375%2C250&amp;ssl=1 375w, https:\/\/i0.wp.com\/amadalamazigh.press.ma\/fr\/wp-content\/uploads\/2023\/12\/hamma-ag-mahmoud.jpeg?resize=1024%2C683&amp;ssl=1 1024w, https:\/\/i0.wp.com\/amadalamazigh.press.ma\/fr\/wp-content\/uploads\/2023\/12\/hamma-ag-mahmoud.jpeg?w=1080&amp;ssl=1 1080w\" sizes=\"auto, (max-width: 375px) 100vw, 375px\" \/>Hamma Ag Mahmoud, un ancien ministre malien, actuellement r\u00e9fugi\u00e9 en Mauritanie, appelle le pouvoir en place \u00e0 Bamako \u00e0 \u00ab prendre ses responsabilit\u00e9s \u00bb en r\u00e9cup\u00e9rant \u00ab tous les fonds d\u00e9tourn\u00e9s par les Chefs militaires, par ce que ceci est \u00e0 l&rsquo;origine de la d\u00e9moralisation des troupes \u00bb face aux terroristes.<\/strong><\/p>\n<p>Dans cette interview, l\u2019ancien conseiller de plusieurs chefs d\u2019\u00c9tat maliens, demande aussi que \u00ab tous les officiers, sans exception soient au front, ou envoy\u00e9s \u00e0 la retraite d&rsquo;office, s\u2019ils sont incapables d&rsquo;engagement militaire \u00bb.<\/p>\n<p>Hamma Ag Mahmoud indique cependant que \u00ab le plus grand effort incombe aux politiques et \u00e0 la population car tous doivent s&rsquo;efforcer de dissuader leurs enfants enr\u00f4l\u00e9s par les terroristes \u00bb.<\/p>\n<p><span style=\"color: #000080;\"><strong>Interviews<\/strong><\/span><\/p>\n<p><span style=\"color: #000080;\"><strong>Le Sahel fait face \u00e0 l\u2019offensive des Groupes Arm\u00e9s Terroristes (GAT) depuis des ann\u00e9es. Comment expliquez-vous cela et quelles r\u00e9ponses appropri\u00e9es de la part des \u00e9tats de la R\u00e9gions ?<\/strong><\/span><\/p>\n<p>Les Groupes Arm\u00e9s Terroristes (GAT) sont arriv\u00e9s au Mali en 2002. Le gouvernement du Mali \u00e0 l\u2019\u00e9poque leur a offert la protection, malgr\u00e9 la r\u00e9probation des pays voisins o\u00f9 ils capturaient des otages occidentaux, monnay\u00e9s contre des ran\u00e7ons largement redistribu\u00e9es au sommet des Etats.<\/p>\n<p>C\u2019est d\u2019ailleurs cette bienveillance des autorit\u00e9s qui a abus\u00e9 les populations sur la v\u00e9ritable nature des Groupes Arm\u00e9s Terroristes (GAT). Forts des bonnes relations avec les \u00c9tats, ils ont eu tout le loisir de s\u2019implanter au sein des populations rurales, d\u00e9j\u00e0 tr\u00e8s marginalis\u00e9es.<\/p>\n<p>En 2012, profitant de l\u2019absence de l\u2019\u00c9tat dans le Nord du Mali, \u00e0 la suite de l\u2019offensive \u00e9claire du MNLA, les Groupes Arm\u00e9s Terroristes (GAT) encourag\u00e9s par le gouvernement de Dioukonda Traor\u00e9, ont \u00e9vinc\u00e9 les Azawadiens affaiblis.<\/p>\n<p>L\u2019intervention fran\u00e7aise, en 2013 a eu pour cons\u00e9quence de diss\u00e9miner les Groupes Arm\u00e9s Terroristes (GAT) dans toute la Sous-R\u00e9gion, une zone dont \u2018ils ont eu largement tout le temps d\u2019identifier la topographie, les zones inhabit\u00e9es, pour y installer des camps d\u2019entrainement, enfouir les \u00e9quipements, les armes et munitions, le carburant, les fonds.<\/p>\n<p>Ils ont ainsi tiss\u00e9 des relations avec les populations rurales, laiss\u00e9es pour compte aujourd\u2019hui par les \u00c9tats de la Sous-R\u00e9gion, coupables d\u2019insouciance et d\u2019irresponsabilit\u00e9 face \u00e0 ces menaces, en payant le prix fort.<\/p>\n<p>En un mot, la d\u00e9liquescence des \u00c9tats et la marginalisation des populations rurales, ont largement facilit\u00e9 l\u2019implantation des Groupes Arm\u00e9s Terroristes (GAT) au Sahel.<\/p>\n<p><strong>Les troupes fran\u00e7aises n&rsquo;ont pas enray\u00e9 la spirale de la violence terroriste.<\/strong><\/p>\n<p><strong>Tout le travail reste \u00e0 faire et il incombe aux maliens et aux maliens seuls.<\/strong><\/p>\n<p>Je suis mortifi\u00e9 de voir que les gouvernants actuels n&rsquo;ont rien \u00e0 proposer aux maliens, qu&rsquo;une alternative de d\u00e9pendance vis-\u00e0-vis de l&rsquo;\u00e9tranger pour leur s\u00e9curit\u00e9.<br \/>\nLes fran\u00e7ais s&rsquo;en vont, les russes arrivent.<\/p>\n<p><strong>On perp\u00e9tue un complexe depuis Dionkounda Traor\u00e9.<\/strong><\/p>\n<p><strong>O\u00f9 sont les fils des grands h\u00e9ros qu&rsquo;on \u00e9voque tous les jours ?<\/strong><\/p>\n<p>Je trouve tr\u00e8s paradoxal que les maliens (les tirailleurs s\u00e9n\u00e9galais) qui ont conquis l&rsquo;Empire Colonial Fran\u00e7ais, particip\u00e9 vaillamment aux 2 Guerres Mondiales, pour les bons yeux de la France, ne soient pas capables de d\u00e9fendre leur pays aujourd&rsquo;hui, contre une poign\u00e9e d&rsquo;individus \u00e0 pied et en motos.<\/p>\n<p>Le gouvernement doit prendre ses responsabilit\u00e9s en commen\u00e7ant par la r\u00e9cup\u00e9ration de tous les fonds d\u00e9tourn\u00e9s par les Chefs militaires, par ce que ceci est \u00e0 l&rsquo;origine de la d\u00e9moralisation des troupes.<\/p>\n<p>Par ailleurs tous les officiers, sans exception doivent \u00eatre au front, ou envoy\u00e9s \u00e0 la retraite d&rsquo;office, s\u2019ils sont incapables d&rsquo;engagement militaire.<\/p>\n<p>Mais le plus grand effort incombe aux politiques et \u00e0 la population car tous doivent s&rsquo;efforcer de dissuader leurs enfants enr\u00f4l\u00e9s par les terroristes.<\/p>\n<p>La plupart des analystes aujourd&rsquo;hui affirment que ce sont des \u00c9tats qui fabriquent le terrorisme pour d\u00e9guiser leur interventionnisme.<\/p>\n<p>C&rsquo;est aussi la responsabilit\u00e9 des pays d\u00e9velopp\u00e9s qui ont refus\u00e9 d&rsquo;accompagner nos \u00c9tats sur la voie du progr\u00e8s, par la r\u00e9tention sur les financements et le transfert des technologies.<\/p>\n<p>Voyez comment les USA ont reconstruit l&rsquo;Europe apr\u00e8s-guerre et les pays d&rsquo;Asie du Sud-Est.<\/p>\n<p>Mais il faut dire aussi que l&rsquo;Afrique n&rsquo;est pas l&rsquo;Allemagne et n\u2019est pas non plus dans les priorit\u00e9s des grands \u00c9tats. Ses dirigeants n&rsquo;ont pas \u00e9t\u00e9 aussi \u00e0 la hauteur.<\/p>\n<p>Pour ass\u00e9cher le recrutement de la jeunesse par les terroristes, il faut l&rsquo;occuper par l&#8217;embauche dans les industries naissantes. Rien qu&rsquo;avec la transformation du coton on peut trouver de l&#8217;emploi \u00e0 toute la jeunesse malienne dans le ch\u00f4mage aujourd&rsquo;hui.<\/p>\n<p>Mais quels que soient les efforts consentis pour mettre le pays en d\u00e9fense, tant que les Forces arm\u00e9es et de s\u00e9curit\u00e9 continuent \u00e0 violer les droits de l&rsquo;homme, comme par le pass\u00e9, il n\u2019y aura pas de succ\u00e8s dans la lutte antiterroriste.<\/p>\n<p><strong>Les images des nombreux civils, les mains attach\u00e9es derri\u00e8re le dos et calcin\u00e9es, sont insupportables.<\/strong><\/p>\n<p>Non seulement elles privent l&rsquo;arm\u00e9e de tout soutien dans la population, mais elles renvoient au monde entier la plus mauvaise image du Mali et la condamnation unanime de la Communaut\u00e9 internationale.<\/p>\n<p>Pour lutter efficacement contre le terrorisme il est indispensable de reformer radicalement le syst\u00e8me de gouvernance qui a pr\u00e9valu depuis l\u2019ind\u00e9pendance, responsable de la marginalisation des nombreuses couches de la population, devenues perm\u00e9ables aux propagandes terroristes.<\/p>\n<p>Les Groupes Arm\u00e9s Terroristes (GAT) se sont bien incrust\u00e9s dans le Sahel depuis 20 ans. Aujourd\u2019hui ce ne sont plus des \u00e9trangers qui combattent les forces arm\u00e9es de la Sous-R\u00e9gion, ce sont des nationaux qui expriment leur rejet et leur d\u00e9saccord avec l\u2019\u00c9tat postcolonial.<\/p>\n<p>C\u2019est pourquoi la solution n\u2019est pas militaire. Elle est essentiellement politique. Elle requiert d\u2019une part, une v\u00e9ritable refondation de l\u2019\u00c9tat post-colonial, et d\u2019autre part l\u2019instauration du dialogue, de la n\u00e9gociation, pour d\u00e9finir et s\u2019accorder avec toutes les composantes de la nation, sur le meilleur format de l\u2019organisation politique, administrative, \u00e9conomique, social, dans lesquels s\u2019identifient tous les citoyens.<\/p>\n<p>L\u2019une des plus fortes arm\u00e9es du monde, l\u2019arm\u00e9e am\u00e9ricaine a \u00e9chou\u00e9 en Afghanistan, au Vietnam, face \u00e0 la gu\u00e9rilla.<\/p>\n<p>L\u2019arm\u00e9e fran\u00e7aise avait \u00e9chou\u00e9 en Indochine, en Alg\u00e9rie.<\/p>\n<p>La solution militaire ne peut r\u00e9gler le probl\u00e8me du terrorisme. Avec son contingent de destructions, de crimes, d\u2019exactions, d\u2019\u00e9vaporation de ressources au d\u00e9triment du d\u00e9veloppement, la guerre ne peut conduire qu\u2019au d\u00e9sastre.<\/p>\n<p>C\u2019est peut-\u00eatre m\u00eame l\u2019objectif des Groupes Arm\u00e9s Terroristes (GAT) et leurs commanditaires, un pr\u00e9texte pour emp\u00eacher l\u2019exploitation des ressources des pays du Sahel pour leur d\u00e9veloppement.<\/p>\n<p><strong>Aujourd\u2019hui pour lutter contre le terrorisme les \u00c9tats du Sahel doivent changer leurs strat\u00e9gies :<\/strong><\/p>\n<p>&#8211; former et \u00e9quiper les forces de s\u00e9curit\u00e9 (Gendarmerie, Police, Garde R\u00e9publicaines), respectueuses des droits humains, \u00e0 la place des arm\u00e9es ;<\/p>\n<p>&#8211; refonder l\u2019\u00c9tat post-colonial en s\u2019inspirant de l\u2019histoire et de l\u2019h\u00e9ritage de leurs royaumes et empires, et des normes universelles.<\/p>\n<p>&#8211; n\u00e9gocier avec les Groupes Arm\u00e9s Terroristes (GAT)<\/p>\n<p>La plupart des experts s\u2019accordent aujourd\u2019hui sur le constat selon lequel le terrorisme est une forme d\u2019interventionnisme d\u2019acteurs \u00e9trangers.<\/p>\n<p>Si c\u2019est le cas, les pays du Sahel, et toute l\u2019Afrique doivent mutualiser leurs forces et innover, dans bien de domaines, pour contrer cette menace qui constitue le plus grand danger pour la s\u00e9curit\u00e9, la stabilit\u00e9 et le d\u00e9veloppement.<\/p>\n<p><strong><span style=\"color: #000080;\">Le retrait de l\u2019arm\u00e9e fran\u00e7aise de l\u2019\u00e9picentre de la menace, le Mali, aura-t-il quelles cons\u00e9quences pour ce pays et la Sous-R\u00e9gion Sahel ?<\/span><\/strong><\/p>\n<p>L\u2019intervention fran\u00e7aise n\u2019a pas stopp\u00e9 le terrorisme au sahel.<\/p>\n<p>Apr\u00e8s l&rsquo;euphorie du d\u00e9but de l&rsquo;intervention, la r\u00e9alit\u00e9 a fait place \u00e0 la fiction.<\/p>\n<p>Les d\u00e9g\u00e2ts collat\u00e9raux, les arrestations muscl\u00e9es, les disparitions forc\u00e9es, les survols en rases mottes des paisibles populations, les peurs qui ont provoqu\u00e9 quelque fois l&rsquo;avortement des femmes et la fuite \u00e9perdue des enfants dans la brousse, ont chang\u00e9 la perception des populations.<\/p>\n<p>Les r\u00e9cits des militaires fran\u00e7ais \u00e9voquant avec nostalgie les \u00e9pop\u00e9es coloniales ont fini de camper le tableau.<\/p>\n<p>Au vu de tout cela les Autorit\u00e9s politiques devraient faire le point, corriger les insuffisances, ou arr\u00eater tout simplement les frais. Rien de semblable n&rsquo;a \u00e9t\u00e9 fait.<\/p>\n<p>L\u2019intervention militaire fran\u00e7aise s&rsquo;est sold\u00e9e par un r\u00e9sultat en demi-teinte.<\/p>\n<p>L&rsquo;offensive terrorisme a \u00e9t\u00e9 frein\u00e9, mais non enray\u00e9e.<\/p>\n<p>L&rsquo;objectif originel, \u00e0 savoir la capacit\u00e9 de la France \u00e0 projeter sa force militaire sur un grand th\u00e9\u00e2tre \u00e9tranger, n&rsquo;a pas \u00e9t\u00e9 atteinte.<\/p>\n<p>En 2013 les zones d\u2019occupation des Groupes Arm\u00e9s Terroristes (GAT) \u00e9taient limit\u00e9es au Nord Mali. Aujourd\u2019hui elles s\u2019\u00e9tendent \u00e0 toute la Sous-R\u00e9gion, dans une logique de renforcement continue de l\u2019occupation de l\u2019espace, illustr\u00e9e par des d\u00e9faites r\u00e9currentes des arm\u00e9es locales.<\/p>\n<p>Je consid\u00e8re que l\u2019appel \u00e0 la France, lanc\u00e9 par le Pr\u00e9sident D. Traor\u00e9 en 2013, a \u00e9t\u00e9 un acte politique inappropri\u00e9.<\/p>\n<p>A- t-ont vraiment besoin d\u2019une arm\u00e9e \u00e9trang\u00e8re pour contrer quelques dizaines de 4 \/4, transportant des gu\u00e9rilleros arm\u00e9s de quelques AK, lorsqu\u2019on disposait au m\u00eame moment de plusieurs bataillons en alerte, \u00e0 Mopti, S\u00e9gou, Nioro, Kayes, Bamako.<\/p>\n<p>Ceci est d\u2019autant plus \u00e9trange que Monsieur D. Traor\u00e9 est le Pr\u00e9sident civil qui connait l\u2019arm\u00e9e malienne mieux que quiconque, par ce que fils de militaire, grandi dans les casernes.<\/p>\n<p>Apr\u00e8s la d\u00e9b\u00e2cle des contingents de l\u2019arm\u00e9e maliennes au Nord en 2011\/2012, Monsieur Traor\u00e9 a port\u00e9 le coup de gr\u00e2ce \u00e0 cette arm\u00e9e.<\/p>\n<p>L\u2019appel \u00e0 l\u2019intervention fran\u00e7aise a eu pour cons\u00e9quence de d\u00e9moraliser l\u2019arm\u00e9e malienne qui consid\u00e8re depuis lors que les politiques l\u2019ont trahie et \u00e0 juste titre.<\/p>\n<p>En cons\u00e9quence le retrait de l\u2019arm\u00e9e fran\u00e7aise va r\u00e9habiliter l\u2019arm\u00e9e malienne qui reprendra confiance pour s\u2019acquitter de sa mission r\u00e9galienne, la d\u00e9fense du territoire et non la police et la s\u00e9curit\u00e9 int\u00e9rieure.<\/p>\n<p>Ceci est valable pour tous les autres \u00c9tats de la Sous-R\u00e9gion.<\/p>\n<p>Ce retrait permettra aussi aux hommes politiques de dessiller. S\u2019ils sont incapables d\u2019assurer la d\u00e9fense et la s\u00e9curit\u00e9 du pays, ils n\u2019ont pas leur place au sommet de l\u2019\u00c9tat.<\/p>\n<p><span style=\"color: #000080;\"><strong>La France a jou\u00e9 un r\u00f4le pr\u00e9pond\u00e9rant dans la signature de la paix entre les ind\u00e9pendantistes de l\u2019Azuwad et le gouvernement du Mali. L\u2019Accord d\u2019Alger a \u2013t-il des chances de survivre au contexte politique actuel qui caract\u00e9rise les relations franco-maliennes ?<\/strong><\/span><\/p>\n<p>Moins il y\u2019a d\u2019acteurs \u00e9trangers dans les n\u00e9gociations inter-maliennes mieux \u00e7a vaut.<\/p>\n<p>En 2012 le MNLA avait propos\u00e9 d\u2019ouvrir directement des n\u00e9gociations avec le gouvernement malien. Aucune suite n\u2019a \u00e9t\u00e9 r\u00e9serv\u00e9e \u00e0 cette proposition.<\/p>\n<p>C\u2019est la France qui a cr\u00e9\u00e9 les rebellions Touaregs au Mali. Elle a manipul\u00e9 aussi tous les gouvernants maliens, except\u00e9 Moussa Traor\u00e9.<\/p>\n<p>La France a inscrit la question touar\u00e8gue au Mali dans son agenda politique depuis la Loi\/Cadre (1956\/1960), tant\u00f4t pour d\u00e9stabiliser le Mali, tant\u00f4t pour exterminer les Touaregs, par g\u00e9nocide, en sous-traitance aux diff\u00e9rents gouvernements maliens.<\/p>\n<p>A l&rsquo;allure o\u00f9 vont les choses, il n&rsquo;est un secret pour personne qu&rsquo;une des parties \u00e0 l&rsquo;Accord s&rsquo;achemine vers sa r\u00e9vision, au besoin, de fa\u00e7on unilat\u00e9rale, sans \u00e9gard aux dispositions dudit Accord. A d\u00e9faut elle peut aussi en conditionner l&rsquo;application \u00e0 une r\u00e9vision\/abrogation, ce qui revient au blocage.<\/p>\n<p>La position officielle, relay\u00e9e par les lobbies, soutient que la d\u00e9centralisation, qu&rsquo;on doit \u00e9tendre \u00e0 tout le territoire national, est une incitation \u00e0 la s\u00e9cession pour les Touaregs et les Arabes.<\/p>\n<p>Du coup toutes les populations du Mali vont v\u00e9g\u00e9ter \u00e9ternellement dans le Syst\u00e8me politico-administratif de la colonisation fran\u00e7aise.<\/p>\n<p>En v\u00e9rit\u00e9 les hommes politiques maliens sont r\u00e9fractaires \u00e0 tout partage du pouvoir. Ils r\u00eavent tous de concentrer tous les pouvoirs entre leurs mains, au sommet de l&rsquo;\u00c9tat. Ce qui leur permet ais\u00e9ment de dilapider toutes les ressources du pays. C&rsquo;est pourquoi d&rsquo;ailleurs l&rsquo;\u00e9crasante majorit\u00e9 de la population, laiss\u00e9e pour compte, est largement embrigad\u00e9e par les terroristes.<\/p>\n<p>Ma conviction aujourd&rsquo;hui est que le gouvernement de la Transition, d\u2019apr\u00e8s tous les signaux, va inexorablement \u00e0 la rupture de l&rsquo;Accord, selon la m\u00eame strat\u00e9gie qu&rsquo;IBK. On bloque l&rsquo;application de l&rsquo;Accord, tout en pr\u00e9parant la guerre.<\/p>\n<p>Sous le r\u00e9gime colonial la France avait pr\u00e9conis\u00e9 d\u2019\u00e9radiquer les Touaregs du Sahara et Sahel, conform\u00e9ment aux recommandations de leur sp\u00e9cialiste, Charles de Foucault : \u2018\u2019\u00c9duquer les Touaregs, c\u2019est comme installer des Japonais sur la fronti\u00e8re sud de la France \u2018\u2019.<\/p>\n<p>C\u2019est pourquoi la France avait pr\u00e9conis\u00e9 d\u2019exterminer tous les Touaregs par enfermement dans des limites Administratives.<\/p>\n<p>C\u2019est mortel pour une population qui vit essentiellement d\u2019\u00e9levage transhumant et de commerce transsaharien.<\/p>\n<p>Au Soudan et Niger la France a pr\u00e9conis\u00e9 d\u2019incendier les p\u00e2turages, empoisonner les points d\u2019eau, instaurer un embargo sur les march\u00e9s, \u00e0 l\u2019encontre des Touaregs.<\/p>\n<p>Curieusement le gouvernement du Mali avait \u00e9dict\u00e9 les m\u00eames mesures, en plus des massacres perp\u00e9tr\u00e9s.<\/p>\n<p>Ces dispositions hautement criminelles, ont caus\u00e9 d\u2019\u00e9normes pr\u00e9judices aux populations Touaregs qui ont surv\u00e9cu chaque fois \u00e0 ces douloureuses \u00e9preuves, gr\u00e2ce \u00e0 leur r\u00e9silience et au don d\u2019ubiquit\u00e9, qui ont emp\u00each\u00e9 leur extermination.<\/p>\n<p>Au d\u00e9but des ann\u00e9es 60 une fran\u00e7aise, amie des Touaregs, avait demand\u00e9 au G\u00e9n\u00e9ral de Gaulle pourquoi la France a trouv\u00e9 les Touaregs dans leurs \u00c9tats ind\u00e9pendants, et au moment des ind\u00e9pendances, elle (la France) les a partag\u00e9s entre d\u2019autres \u00c9tats voisins.<\/p>\n<p><strong>De Gaulle a r\u00e9pondu : \u2018\u2019 les Touaregs ne nous aiment pas, ils ont refus\u00e9 l\u2019\u00e9cole, le service militaire. Nous avions cr\u00e9\u00e9 un territoire pour eux (l\u2019OCRS), ils n\u2019en veulent pas. Ils nous d\u00e9testent.<\/strong><\/p>\n<p>C\u2019est pourquoi nous les avions repartis entre les Arabes et les N\u00e8gres, pour qu\u2019ils les exterminent\u2019\u2019.<\/p>\n<p>Voil\u00e0 ce que pense des Touaregs la plus haute autorit\u00e9 fran\u00e7aise, un dessein apparemment bien partag\u00e9 par les autorit\u00e9s maliennes depuis 1962.<\/p>\n<p>Pour comprendre l\u2019acharnement de la France, il faut mentionner l\u2019extermination par les Touaregs de deux importantes unit\u00e9s fran\u00e7aises au Hogard et pr\u00e8s de Tombouctou, lors de la p\u00e9n\u00e9tration coloniale, avec des armes blanches uniquement.<\/p>\n<p>Cet exploit a beaucoup marqu\u00e9 les esprits en France, et \u00e0 l\u2019origine, en partie, du ressentiment fran\u00e7ais \u00e0 l\u2019endroit des Touaregs.<\/p>\n<p>Heureusement, beaucoup de fran\u00e7ais n\u2019\u00e9pousent pas le point de vue de leurs dirigeants.<\/p>\n<p>La deuxi\u00e8me cause de l\u2019acharnement de la France r\u00e9side dans le positionnement g\u00e9ographique des Touaregs.<\/p>\n<p>Depuis des mill\u00e9naires, les Touaregs ont constitu\u00e9 le trait d\u2019union entre le Maghreb et l\u2019Afrique Occidentale, pr\u00e9curseurs de l\u2019Unit\u00e9 Africaine, alors que la politique fran\u00e7aise consiste \u00e0 isoler les R\u00e9gions Africaines, les unes des autres, \u00e0 opposer les communaut\u00e9s les unes aux autres.<\/p>\n<p>Pour la France les Touaregs ont \u00e9tabli des relations commerciales entre l\u2019Afrique Noire et le Maghreb, le monde musulman. L\u2019existence de ces liens historiques g\u00e9ographiques, spirituels, culturels, demeure une menace pour l\u2019influence fran\u00e7aise, comme les Tutsis, en Afrique Centrale, per\u00e7us comme vecteur de l\u2019influence anglo-saxonne en Afrique \u00c9quatoriale francophone.<\/p>\n<p>Dans les deux cas, la France joue de son poids sur les gouvernements, et les populations pour exterminer les Touaregs et les Tutsis par procuration.<\/p>\n<p>Au Mali, il n\u2019y a pas d\u2019hommes politiques, except\u00e9 Moussa Traor\u00e9, qui puisse \u00e0 l\u2019image de Kagam\u00e9 tenir t\u00eate aux Fran\u00e7ais, pour \u00e9viter le pi\u00e8ge.<\/p>\n<p>Aujourd\u2019hui, en l\u2019absence de la France et de ses supp\u00f4ts \u00e0 la t\u00eate du Mali, les chances d\u2019un r\u00e8glement d\u00e9finitif du conflit sont r\u00e9unies, \u00e0 condition bien s\u00fbr que les responsables de la Transition fassent preuve de bonne volont\u00e9.<\/p>\n<p><span style=\"color: #000080;\"><strong>Les communaut\u00e9s Touaregs en Alg\u00e9rie, Libye, Niger, Burkina, n\u2019ont jamais pris des armes contre leur pays. Pouvez-vous expliquer \u00e0 nos lecteurs les raisons profondes des rebellions Touaregs au Mali ?<\/strong><\/span><\/p>\n<p>Les origines des rebellions Touaregs au Mali remontent \u00e0 la p\u00e9riode coloniale, \u00e0 la Loi Cadre (1956\/1960).<\/p>\n<p>Alors qu\u2019au Niger voisin les Touaregs ont particip\u00e9 \u00e0 toutes les institutions, le gouvernement, l\u2019Assembl\u00e9 Nationale, les Grandes Administrations Publiques, au Mali c\u2019est l\u2019exclusion totale et la pers\u00e9cution.<\/p>\n<p><strong>La France est \u00e0 l&rsquo;origine du probl\u00e8me du Nord Mali depuis les ann\u00e9es 50.<\/strong><\/p>\n<p>Sous la Loi-Cadre (1956\/60), la France avait imagin\u00e9 de cr\u00e9er une nouvelle colonie pour les populations Sahariennes et Sah\u00e9liennes, essentiellement Touaregs, pour disposer des ressources mini\u00e8res indispensables \u00e0 son \u00e9conomie, tout en lib\u00e9rant toutes les colonies.<\/p>\n<p>Les Touaregs au Soudan ont rejet\u00e9 cat\u00e9goriquement cette proposition. Pourquoi nous ne m\u00e9ritons pas l&rsquo;Ind\u00e9pendance comme tous les peuples africains, ont-ils dit ?<\/p>\n<p>C&rsquo;est ainsi que les cadres et les populations de la Boucle du Niger ont pris position contre l&rsquo;OCRS, sauf un seul, le Cadis de Tombouctou, Med Mahmoud, pour des raisons qui lui sont propres.<\/p>\n<p>Au m\u00eame moment l&rsquo;administration coloniale s&rsquo;est rendu compte que les cadres politiques Touaregs et Arabes soutenaient politiquement et financi\u00e8rement les nationalistes Marocains et Alg\u00e9riens.<\/p>\n<p>C&rsquo;\u00e9tait intol\u00e9rable pour la France, au moment o\u00f9 elle n&rsquo;avait plus la latitude d&rsquo;agir \u00e0 sa guise pour punir les Touaregs.<\/p>\n<p>Alors elle a recours \u00e0 une manipulation monstrueuse.<\/p>\n<p>Des Administrateurs coloniaux de la Boucle du Niger, sous la houlette du Gouverneur du Soudan, Gipoulon, ont r\u00e9uni des cadres Sonrais et ont fait le deal suivant :<\/p>\n<p>La France va partir sous peu. Nous ne serons plus l\u00e0 pour vous favoriser par rapport aux Touaregs. Voil\u00e0 ce que vous devez faire maintenant pour vous assurer la supr\u00e9matie sur les populations blanches.<\/p>\n<p>En cons\u00e9quence il est urgent de prendre les mesures suivantes pour assurer une supr\u00e9matie sur les Touaregs et arabes :<\/p>\n<p>-1) \u00e9carter des responsabilit\u00e9s les leaders Touaregs et arabes actuels et barrer la route \u00e0 ceux qui sont susceptibles de les remplacer ;<\/p>\n<p>-2) provoquer un incident grave au sein des populations blanches susceptible de provoquer le rejet des nouvelles autorit\u00e9s.<\/p>\n<p><strong>Les personnalit\u00e9s Touaregs et arabes vis\u00e9es \u00e9taient :<\/strong><\/p>\n<p><strong>*Habib Wafi, conseiller territorial du Cercle de Gao, originaire d&rsquo;Araouane,<\/strong><\/p>\n<p><strong>*Mohamed Elmehdi Ag Attaher, conseiller territorial du Cercle de Goundam, Chef de la tribu Kel Antassar,<\/strong><\/p>\n<p><strong>*Mohamed Ali, ex-Chef de la m\u00eame tribu, ayant fui les prisons coloniales et exil\u00e9 en Arabie Saoudite, puis en \u00c9gypte, Lybie et Maroc,<\/strong><\/p>\n<p><strong>* Boubacar Moctar, futur d\u00e9put\u00e9 du Cercle de Bourem, (1959).<\/strong><\/p>\n<p>Ainsi que plusieurs cadres, tous oppos\u00e9s \u00e0 l&rsquo;OCRS et soutiens des nationalistes maghr\u00e9bins.<\/p>\n<p>Les Cadres Sonrais ont form\u00e9 depuis lors, une Association d\u00e9nomm\u00e9 \u00ab\u00a0le lobby koyroboro\u00a0\u00bb, et invit\u00e9s \u00e0 pr\u00e9senter une p\u00e9tition au gouverneur du Soudan, pour la d\u00e9mission de Habib Wafi, Conseiller Territorial du Cercle de Gao, pour le motif de financement du FLN Alg\u00e9rien.<\/p>\n<p>L&rsquo;Administration coloniale d\u00e9tenait les preuves fournies par les cadres Sonrais. Le Gouverneur a donn\u00e9 \u00e0 Habib Wafi le choix de la prison ou la d\u00e9mission et le d\u00e9part du Cercle de Gao, ce qu&rsquo;il a choisi.<\/p>\n<p>Cette mansu\u00e9tude inhabituelle s&rsquo;explique parce que la France craignait les r\u00e9percussions politiques d&rsquo;un proc\u00e8s qui r\u00e9v\u00e9lerait au monde que non seulement le FLN n&rsquo;est pas une bande de criminels, mais de vrais nationalistes, puisqu&rsquo;ils ont fait des \u00e9mules au Soudan Fran\u00e7ais voisin.<\/p>\n<p>D\u00e9sormais les cadres Sonrais sont invit\u00e9s \u00e0 trouver ou provoquer des motifs susceptibles de justifier la mise \u00e0 l&rsquo;\u00e9cart des responsables Touaregs et arabes de la Boucle du Niger, afin de les remplacer par des Sonrais.<\/p>\n<p>Boubacar Moctar, \u00e9lu \u00e0 Bourem a \u00e9t\u00e9 victime d&rsquo;une magouille semblable. Il a lui aussi \u00e9t\u00e9 contraint \u00e0 la d\u00e9mission forc\u00e9e.<\/p>\n<p>Par d\u00e9pit il a rembours\u00e9 tous les \u00e9moluments dont il avait b\u00e9n\u00e9fici\u00e9 \u00e0 l&rsquo;Assembl\u00e9e Nationale pendant son court mandat.<\/p>\n<p>Med Elmehdi, \u00e0 Goundam a \u00e9t\u00e9 victime d&rsquo;une accusation de r\u00e9bellion prof\u00e9r\u00e9e par son coll\u00e8gue de Goundam, Sididie Oumar Traor\u00e9.<\/p>\n<p>Apr\u00e8s 6 mois d&rsquo;enqu\u00eate de la Police, la Gendarmerie nationale, la S\u00e9curit\u00e9 militaire, 2 Commissaires politiques du Parti RDA, aucune preuve n&rsquo;a \u00e9t\u00e9 retenue contre lui.<\/p>\n<p>Il s&rsquo;agit de l&rsquo;affaire de la fameuse r\u00e9bellion dite de la \u00ab\u00a0R\u00e9publique des Lithame&rsquo;s \u00ab\u00a0, en 1963, \u00e0 Goundam.<\/p>\n<p>Elle a \u00e9t\u00e9 class\u00e9e sans suite apr\u00e8s 6 mois d&rsquo;enqu\u00eate.<\/p>\n<p>Malgr\u00e9 toute la gravit\u00e9 d&rsquo;une telle accusation, son auteur n&rsquo;a \u00e9t\u00e9 nullement sanctionn\u00e9.<\/p>\n<p>Un membre du Bureau politique national en a fait un compte-rendu d\u00e9taill\u00e9, r\u00e9v\u00e9lateur de l&rsquo;\u00e9tat d&rsquo;esprit qui r\u00e9gnait au plus haut niveau de l&rsquo;\u00c9tat \u00e0 cette \u00e9poque.<\/p>\n<p>Le secr\u00e9taire G\u00e9n\u00e9ral du parti, Modibo Keita a introduit le sujet et a inform\u00e9 les membres de la conclusion de l&rsquo;enqu\u00eate par l\u2019absence de toutes preuves \u00e9tayant l&rsquo;accusation.<\/p>\n<p>Un membre du Bureau politique, vue la gravit\u00e9 de l&rsquo;accusation a demand\u00e9 des sanctions \u00e0 l&rsquo;encontre de Sididie Traor\u00e9.<\/p>\n<p>Aussit\u00f4t un autre membre, en la personne de Alousseini Toure&rsquo;, originaire de Gao, Commissaire politique, a soutenu que sanctionner Sididie Traor\u00e9, c&rsquo;est comme donner raison \u00e0 un blanc contre un noir.<\/p>\n<p>Le secr\u00e9taire g\u00e9n\u00e9ral a conclu la discussion en d\u00e9clarant que le dossier est clos\u00a0\u00bb.<\/p>\n<p>C&rsquo;\u00e9tait ainsi que le lobby koyroboro avait obtenu l&rsquo;\u00e9viction des Touaregs et arabes de toutes les Institutions de la R\u00e9publique Soudanaise et du Mali, le Gouvernement, l&rsquo;Assembl\u00e9e Nationale, la Haute Administration Publique jusqu&rsquo;au coup d&rsquo;\u00e9tat de 68.<\/p>\n<p>Pour assurer la supr\u00e9matie des Sonrais d&rsquo;autres mesures aussi discriminatoires les unes que les autres, ont \u00e9t\u00e9 \u00e9dict\u00e9es \u00e0 l&rsquo;encontre de la Communaut\u00e9 Blanche du Mali, gr\u00e2ce \u00e0 la complaisance du Pdt Modibo Ke\u00efta.<\/p>\n<p>Une complaisance \u00e0 l\u2019origine des probl\u00e8mes que connait le pays aujourd\u2019hui. Entre autres mesures discriminatoires on peut citer sans \u00eatre exhaustif :<\/p>\n<p>-le choix des Sonrais pour repr\u00e9senter exclusivement les populations Touaregs et arabes au parlement sans leur avis.<\/p>\n<p>Tous les d\u00e9put\u00e9s du Nord Mali \u00e9taient tous Sonrais, except\u00e9 un, sous la 1\u00e8re R\u00e9publique.<\/p>\n<p>&#8211; aucun membre du Bureau politique, ni du gouvernement pendant cette m\u00eame p\u00e9riode.<\/p>\n<p>-toutes les \u00e9coles nomades, ont \u00e9t\u00e9 transf\u00e9r\u00e9es dans les villes pour en priver les Touaregs et arabes et devenir des \u00e9coles pour la population Sonrais, \u00e0 l&rsquo;exception de celles de Goundam sur lesquelles veillait le rescap\u00e9 des purges, Med Elmdehdi.<\/p>\n<p>-au d\u00e9part de l&rsquo;Administration coloniale, le Commandement des Cercles de la Boucle du Niger a \u00e9t\u00e9 confi\u00e9 aux Sonrais, \u00e0 une exception pr\u00e8s ainsi que la plupart des Arrondissements.<\/p>\n<p>-La confiscation des terres appartenant aux Touaregs et leur redistribution aux Sonrais tout le long du fleuve.<\/p>\n<p>-M. Attaher Maiga, Ministre des Finances, membre influent du lobby koyroboro a \u00e9t\u00e9 autoris\u00e9 par le Pdt Modibo Keita \u00e0 recruter dans les services de son d\u00e9partement tous<\/p>\n<p>Les Sonrais \u00e0 quelque niveau que ce soit, \u00e0 l&rsquo;exclusion des Touaregs et arabes, que le lobby \u00e9tait pourtant sens\u00e9 repr\u00e9sent\u00e9s.<\/p>\n<p>C&rsquo;est de cette p\u00e9riode que date le nombre \u00e9lev\u00e9 d&rsquo;agents de l&rsquo;\u00c9tat d&rsquo;origine Sonrais.<\/p>\n<p>&#8211; les recensements des populations Touaregs et arabes ont \u00e9t\u00e9 arr\u00eat\u00e9s pour d\u00e9s\u00e9quilibrer les statistiques d\u00e9mographiques en faveur des Sonrais.<\/p>\n<p>-des intellectuels maliens ont repris le relais des colonialistes fran\u00e7ais pour d\u00e9nigrer les Touaregs.<\/p>\n<p>Certains, comme Bakari Kamian, dans l&rsquo;air du temps, qualifient les Touaregs d&rsquo;hy\u00e8nes, sans crainte d&rsquo;\u00eatre recadr\u00e9.<\/p>\n<p>L\u2019Administration coloniale dans sa logique de provoquer une r\u00e9action n\u00e9gative des nouvelles Autorit\u00e9s (maliennes) envers les populations Touaregs et arabes, a prescrit, de 1958 \u00e0 1959, aux Chefs des Circonscriptions Administratives de la Boucle du Niger, de produire des rapports confidentiels affirmant que \u00ab\u00a0les Touaregs ne se soumettront jamais aux Noirs au Soudan\u00a0\u00bb, ce que d\u00e9ment l\u2019histoire des empires du Ghana, du Mali, et de Gao.<\/p>\n<p>Ces all\u00e9gations \u00e9taient destin\u00e9es \u00e0 cr\u00e9er une grande m\u00e9fiance des Autorit\u00e9s maliennes \u00e0 l&rsquo;endroit des populations Touaregs.<\/p>\n<p>Ces lettres confidentielles ont \u00e9t\u00e9 soigneusement laiss\u00e9es dans les archives \u00e0 l&rsquo;intention des Nouvelles Autorit\u00e9s qui se sont press\u00e9es de les transmettre \u00e0 Bamako, en alarmant souvent sur la situation.<\/p>\n<p>Il ne faut pas oublier que la quasi-totalit\u00e9 des circonscriptions administratives de la Boucle du Niger, ont \u00e9t\u00e9 confi\u00e9es exclusivement aux cadres Sonrais en 1959.<\/p>\n<p>Le lobby koyroboro, dans la m\u00eame logique, \u00e0 la t\u00eate de la presque totalit\u00e9 des cercles de la Boucle du Niger \u00e0 partir de 1959, a tout le loisir de choisir l&rsquo;opportunit\u00e9 de d\u00e9clencher l&rsquo;incident programm\u00e9, l\u00e0 o\u00f9 les conditions seront r\u00e9unies.<\/p>\n<p>La succession de la chefferie des Ifoghas \u00e0 Kidal a \u00e9t\u00e9 l&rsquo;occasion inesp\u00e9r\u00e9e. Kidal \u00e9tait politiquement \u00e9rig\u00e9e en Sous-Section sous l&rsquo;autorit\u00e9 de la Section RDA de Gao.<\/p>\n<p>Fort de cette position, le lobby koyroboro qui contr\u00f4lait la Section RDA de Gao, s&rsquo;est mis \u00e0 l&rsquo;\u0153uvre pour d\u00e9stabiliser la tribu Ifoghas.<\/p>\n<p>Malgr\u00e9 que l&rsquo;Assembl\u00e9e des notables, a \u00e9lu un successeur, conform\u00e9ment \u00e0 une vieille coutume que m\u00eame la colonisation a respect\u00e9e, la Section RDA de Gao a pris le contre-pied de cette d\u00e9cision en imposant un Chef de Tribu de son choix.<\/p>\n<p>C&rsquo;\u00e9tait visiblement dans l&rsquo;intention malveillante de r\u00e9volter les populations qui ne peuvent comprendre cette intrusion injustifi\u00e9e dans les affaires internes de la Tribu.<\/p>\n<p>Le parti RDA, ayant la primaut\u00e9 sur l\u2019Administration, sa d\u00e9cision a pr\u00e9valu quant bien m\u00eame la nomination d&rsquo;un Chef de Tribu n&rsquo;a jamais \u00e9t\u00e9 du ressort de la Politique.<\/p>\n<p>Cette ing\u00e9rence inappropri\u00e9e dans un domaine strictement r\u00e9serv\u00e9 aux a eu pour cons\u00e9quence de r\u00e9volter la population qui s&rsquo;est sentie injustement p\u00e9nalis\u00e9e, d&rsquo;autant plus qu&rsquo;il n&rsquo;y avait pas de pr\u00e9c\u00e9dent en la mati\u00e8re.<\/p>\n<p>Voil\u00e0 ce qui est \u00e0 l&rsquo;origine de la r\u00e9volte des populations de Kidal, r\u00e9volte pr\u00e9m\u00e9dit\u00e9e et provoqu\u00e9e par le lobby koyroboro \u00e0 dessein, conform\u00e9ment au plan \u00e9labor\u00e9 en accord avec l&rsquo;Administration coloniale.<\/p>\n<p>L&rsquo;objectif vis\u00e9 \u00e9tait de r\u00e9volter des populations Touaregs, attirer des repr\u00e9sailles et jeter l&rsquo;anath\u00e8me, le discr\u00e9dit, sur tous les Touaregs et arabes.<\/p>\n<p>La riposte des Autorit\u00e9s a \u00e9t\u00e9 tr\u00e8s disproportionn\u00e9e, la r\u00e9pression aveugle, assassinats de civils, femmes, enfants, vieillards, notables, tous d\u00e9sarm\u00e9s, troupeaux massacr\u00e9s, p\u00e2turages incendi\u00e9s, points d&rsquo;eaux empoisonn\u00e9s. Bref, un g\u00e9nocide en bonne et due forme.<\/p>\n<p><strong>A Kidal la population \u00e9tait contrainte d&rsquo;assister aux ex\u00e9cutions sommaires, sans jugement, des notables.<\/strong><\/p>\n<p>Ces pratiques macabres ont jet\u00e9 une \u00e9norme stup\u00e9faction dans toutes les populations Touaregs et arabes au Nord Mali, bien au-del\u00e0 de Kidal.<\/p>\n<p>Des Notables et non des moindres, ont \u00e9t\u00e9 intern\u00e9s \u00e0 Bamako pendant plus d&rsquo;une d\u00e9cennie sans jugement et expos\u00e9s au public pour discr\u00e9diter les Touaregs en g\u00e9n\u00e9ral. Kidal est d\u00e9cr\u00e9t\u00e9e zone interdite. Pour y voyager un laissez-passer \u00e9tait obligatoire.<\/p>\n<p>Le lobby koyroboro a mis \u00e0 profit cette affaire pour mener des campagnes de discr\u00e9dit \u00e0 caract\u00e8re ethnique et racial \u00e0 l&rsquo;encontre des populations blanches du Mali, et ce, malgr\u00e9 les mises en garde du Gouverneur de la R\u00e9gion de Gao, Bakara Diallo (voir son allocution le 1er juillet 1961, \u00e0 l&rsquo;occasion de son intronisation), devant un parterre de membres du Bureau Politique National, du Gouvernement et nombreux invit\u00e9s.<\/p>\n<p>A cette occasion il a soulign\u00e9 avec insistance la gravit\u00e9 de ces campagnes mensong\u00e8res \u00e0 caract\u00e8re ethnique et racial, punies par les lois en vigueur.<\/p>\n<p>Ses propos cependant n&rsquo;ont pas r\u00e9ussi \u00e0 mettre fin \u00e0 ces sordides men\u00e9es subversives distill\u00e9es jusque dans les all\u00e9es du Pouvoir \u00e0 Bamako.<\/p>\n<p>Dans la foul\u00e9e de cette affaire, une des personnalit\u00e9s index\u00e9es par l&rsquo;Administration coloniale et le lobby koyroboro, Mohamed Ali, r\u00e9fugi\u00e9 au Maroc a \u00e9t\u00e9 extrad\u00e9 sur la demande du Pr\u00e9sident Modibo Keita, sous le pr\u00e9texte de participation \u00e0 la r\u00e9bellion de Kidal, sans aucune preuve.<\/p>\n<p>L\u2019immense prestige dont cette figure anticoloniale jouissait dans la tribu Kel Antassar et bien au-del\u00e0, avait jet\u00e9 la consternation dans les populations Touaregs et arabes.<\/p>\n<p>Au m\u00eame moment le lobby koyroboro avait lanc\u00e9 l&rsquo;accusation de r\u00e9bellion, la R\u00e9publique des Lithame&rsquo;s, \u00e0 l&rsquo;encontre de son fr\u00e8re, Med El Mehdi, d\u00e9put\u00e9 et dernier rescap\u00e9 des purges programm\u00e9es en collaboration avec l&rsquo;Administration coloniale.<\/p>\n<p>Nous avons vu plus haut la suite donn\u00e9e \u00e0 cette Affaire.<\/p>\n<p>Mais auparavant une autre affaire, destin\u00e9e \u00e0 d\u00e9cr\u00e9dibiliser Med Elmehdi, d\u00e9put\u00e9 de Goundam, \u00e9tait en cours, la pseudo r\u00e9forme agraire sur les terres uniquement de la tribu Kel Antassar et nulle part ailleurs.<\/p>\n<p>Lors de la Conf\u00e9rence R\u00e9gionale de la R\u00e9gion de Gao, en 1962, tenue \u00e0 Tombouctou, Sididie Oumar Traor\u00e9, d\u00e9put\u00e9 de Goundam, avait propos\u00e9 la confiscation de toutes les terres de la tribu Kel Antassar au profit de leurs Bellahs, qui les cultivaient en m\u00e9tayage.<\/p>\n<p>Il s&rsquo;agissait bien s\u00fbr de spolier des populations blanches au profit d&rsquo;autres Populations Noires, et partant, de discr\u00e9diter l&rsquo;\u00e9lu et Chef touareg, Med Elmehdi, la plus grande cible du lobby koyroboro.<\/p>\n<p>Le Pdt Modibo Keita qui pr\u00e9sidait les travaux, avait approuv\u00e9 cette requ\u00eate, s\u00e9ance tenante. Mais Med Elmehdi a pris la parole pour d\u00e9montrer toutes les cons\u00e9quences politiques, sociales et morales qui r\u00e9sultent d&rsquo;une telle d\u00e9cision.<\/p>\n<p>Finalement le Pdt Modibo a tranch\u00e9 \u2018sur le fond, en faveur de Siddidie Traor\u00e9, \u00e0 charge \u00e0 la Section RDA de Goundam de d\u00e9cider des modalit\u00e9s du partage des terres entre m\u00e9tayers Noirs et propri\u00e9taires Blancs.<\/p>\n<p>C&rsquo;est la premi\u00e8re fois au Mali qu&rsquo;une mesure d&rsquo;expropriation avait \u00e9t\u00e9 prise en quelques minutes et uniquement \u00e0 l&rsquo;encontre d&rsquo;une population bien cibl\u00e9e pour des raisons ethniques, puisque le m\u00eame probl\u00e8me se pose partout au Mali.<\/p>\n<p>Je rappelle que les populations Sonink\u00e9&rsquo; des R\u00e9gions de Kayes, Koulikoro, S\u00e9gou, depuis la fin de l&rsquo;Empire du Ghana, fuyant la d\u00e9sertification, ont \u00e9t\u00e9 accueillies par les autochtones des contr\u00e9es du sud qui leur ont pr\u00eat\u00e9 des terres.<\/p>\n<p>Malgr\u00e9 les multiples d\u00e9marches, les Sonink\u00e9&rsquo; n&rsquo;ont jamais r\u00e9ussi \u00e0 obtenir la propri\u00e9t\u00e9 de ces terres qu&rsquo;ils cultivent depuis un mill\u00e9naire.<\/p>\n<p>C&rsquo;est ce qu&rsquo;on appelle la politique des deux poids et deux mesures.<\/p>\n<p>Malgr\u00e9 toutes ces discriminations, vexations, provocations, le lobby koyroboro n&rsquo;a pas r\u00e9ussi \u00e0 d\u00e9clencher une r\u00e9bellion \u00e0 Goundam, dans la tribu Kel Antassar, comme \u00e0 Kidal.<\/p>\n<p>Le m\u00e9rite revient aux notables Kel Antassar, d\u00e9j\u00e0 \u00e9chaud\u00e9s par l&rsquo;Administration coloniale, en particulier \u00e0 Med Elmehdi et Med Ali, son grand fr\u00e8re, qui ont su \u00e9pargner \u00e0 leur communaut\u00e9 le pi\u00e8ge du lobby koyroboro et de l&rsquo;Administration coloniale.<\/p>\n<p>Les \u00e9v\u00e9nements que je viens d&rsquo;\u00e9voquer se sont d\u00e9roul\u00e9s de 1958 \u00e0 1968. Pendant cette sombre p\u00e9riode les populations Touaregs et arabes, les \u00e9lites en t\u00eate, ont subi toutes sortes de pers\u00e9cutions.<\/p>\n<p>Je vais \u00e9voquer cette p\u00e9riode par un t\u00e9moignage personnel pour illustrer la pers\u00e9cution dont les cadres Touaregs et arabes ont \u00e9t\u00e9 victimes dans l&rsquo;indiff\u00e9rence totale.<\/p>\n<p>En 1960 la Section RDA de Tombouctou devait tenir son Congr\u00e8s Ordinaire, fix\u00e9 en mars. En perspective de cette \u00e9ch\u00e9ance, une mission conduite par le 2\u00e8me Adjoint au Cdt de cercle et 2 membres du Bureau politique, a entrepris le renouvellement des Sous-Sections et Comit\u00e9s des villages et fractions nomades. Partout o\u00f9 les populations ont propos\u00e9 des cadres Touaregs et arabes, la d\u00e9l\u00e9gation a oppos\u00e9 une fin de non-recevoir, \u00e0 l&rsquo;encontre des cadres en service dans la circonscription.<\/p>\n<p>L&rsquo;objectif vis\u00e9 \u00e9tait d&rsquo;exclure les cadres Touaregs et arabes des instances du Parti, en particulier le Bureau Politique de la Section.<\/p>\n<p>En raison de leur absence dans les instances de base, ils ne pourront \u00eatre ni d\u00e9l\u00e9gu\u00e9s \u00e0 la Conf\u00e9rence, ni \u00e9lus membres du Bureau Politique.<\/p>\n<p>A l&rsquo;\u00e9poque il y avait beaucoup de cadres Touaregs et arabes dont moi-m\u00eame, en service \u00e0 Tombouctou ville et \u00e0 travers le cercle. Ils ont tous \u00e9t\u00e9 victimes, exclus arbitrairement des instances du Parti, au moment m\u00eame o\u00f9 les populations Touaregs et arabes en avaient le plus grand besoin.<\/p>\n<p>Il faut rappeler que c&rsquo;\u00e9tait l&rsquo;\u00e9poque du parti unique RDA et tous les citoyens en \u00e9taient membres d&rsquo;office.<\/p>\n<p>La veille de la tenue des assises de la conf\u00e9rence, je me suis entretenu longuement avec mon ami, Med Ould Mahmoud Ould Dahmane.<\/p>\n<p>Apr\u00e8s avoir examin\u00e9 les Statuts et R\u00e8glement Int\u00e9rieur du Parti, nous nous sommes rendu compte qu&rsquo;aucune disposition n&rsquo;interdisait \u00e0 un militant non membre des bureaux de comit\u00e9 ou de Sous-Section d&rsquo;\u00eatre d\u00e9sign\u00e9 d\u00e9l\u00e9gu\u00e9 \u00e0 la conf\u00e9rence de Section. C&rsquo;\u00e9tait le soir, la veille de la conf\u00e9rence.<\/p>\n<p>Apr\u00e8s avoir dress\u00e9 la liste des cadres Touaregs et arabes pr\u00e9sents, nous avons contact\u00e9 les d\u00e9l\u00e9gu\u00e9s des fractions nomades pour leur proposer de d\u00e9signer des cadres Touaregs et arabes comme d\u00e9l\u00e9gu\u00e9s.<\/p>\n<p>Comme chaque fraction avait droit \u00e0 2 d\u00e9l\u00e9gu\u00e9s, il y avait de la place pour tout le monde.<\/p>\n<p>Comme les homonymes sont l\u00e9gions chez les Touaregs et arabes, les organisateurs ne se sont rendu compte du mauvais tour que lorsque les cadres qu&rsquo;ils ont voulu exclure se sont pr\u00e9sent\u00e9s au bureau d&rsquo;entr\u00e9e de la conf\u00e9rence munis de mandats en bonne et due forme, d\u00e9livr\u00e9s de la main m\u00eame des organisateurs charg\u00e9s de les en emp\u00eacher.<\/p>\n<p>Le Pdt Mahamane Alassane Haidara, secr\u00e9taire g\u00e9n\u00e9ral de la Section, membre du lobby koyroboro, derri\u00e8re la man\u0153uvre, \u00e9tait visiblement hors de lui. Son plan visait non seulement \u00e0 barrer la route du Bureau politique aux cadres Touaregs et arabes, mais aussi reconduire l\u2019ancien bureau pour p\u00e9renniser la supr\u00e9matie des Sonrais.<\/p>\n<p>En cette circonstance nous avons pu assister \u00e0 un \u00e9v\u00e9nement sans pr\u00e9c\u00e9dent dans les annales du RDA.<\/p>\n<p>Au moment de l&rsquo;\u00e9lection des membres du Bureau politique, le Pr\u00e9sidium de la Conf\u00e9rence a \u00e9t\u00e9 dans l&rsquo;obligation d&rsquo;\u00e9lire des cadres Touaregs et trabes.<\/p>\n<p>Pour sauver la face, apr\u00e8s concertation avec la d\u00e9l\u00e9gation nationale, il a \u00e9t\u00e9 d\u00e9cid\u00e9 de cr\u00e9er s\u00e9ance tenante, des postes nouveaux, qui n&rsquo;\u00e9taient pas pr\u00e9vus dans les statuts, des postes subalternes et qui ont \u00e9t\u00e9 attribu\u00e9s aux cadres Touaregs et arabes.<\/p>\n<p>Un an apr\u00e8s, nous avons tous \u00e9t\u00e9 mut\u00e9s hors du cercle de Tombouctou, alors qu&rsquo;aucun coll\u00e8gue Sonrais n&rsquo;a fait l&rsquo;objet d&rsquo;une telle mesure.<\/p>\n<p>Encore deux poids, deux mesures.<\/p>\n<p>Durant ce court mandat j&rsquo;ai \u00e9t\u00e9 t\u00e9moin de deux pratiques qui m&rsquo;ont d\u00e9cid\u00e9 \u00e0 tourner le dos au RDA, en plus de la mesure d&rsquo;\u00e9loignement d\u00e9guis\u00e9e en mutation, dont nous avons fait l\u2019objet :<\/p>\n<p>-l&#8217;emprisonnement arbitraire du vieux Tokha Ag Ifastane, Chef de la tribu Kel Tamouleite, \u00e2g\u00e9 de plus de 80 ans, par le Cdt de Cercle de Tombouctou, Hadji Sangar\u00e9&rsquo;, natif de Bourem et membre du Lobby koyroboro.<\/p>\n<p>En mars 1961, le v\u00e9n\u00e9rable Tokha, comme chaque ann\u00e9e \u00e0 la m\u00eame p\u00e9riode venait s&rsquo;installer sur ses terres du fleuve. A sa grande surprise cette ann\u00e9e, il y trouva un grand notable de la ville de Tombouctou, Mahamane Baba.<\/p>\n<p>Ce dernier avait construit une maison et d\u00e9frich\u00e9 une bonne partie de l&rsquo;\u00eele pour y semer du riz, en l&rsquo;absence du propri\u00e9taire.<\/p>\n<p>Apr\u00e8s avoir exprim\u00e9 sa surprise et son m\u00e9contentement, le vieillard somma l&rsquo;intrus de d\u00e9guerpir.<\/p>\n<p>Mal lui en prie car le lendemain 2 gardes l&rsquo;ont arr\u00eat\u00e9 sans m\u00e9nagement et sans \u00e9gards pour son rang et son \u00e2ge. Il fut transf\u00e9r\u00e9 \u00e0 la prison civile o\u00f9 il a croupi longtemps, sur ordre du Cdt de Cercle. Il n&rsquo;a \u00e9t\u00e9 lib\u00e9r\u00e9 qu&rsquo;apr\u00e8s avoir renonc\u00e9 \u00e0 ses terres.<\/p>\n<p>C\u2019\u00e9tait le d\u00e9but des mesures d&rsquo;expropriation dont les populations Touaregs ont \u00e9t\u00e9 victimes au profit des Sonrais.<\/p>\n<p>Les terres du fleuve font l&rsquo;objet de conventions entre les populations Touaregs et Sonrais depuis la colonisation. Ces documents qui portent la signature des Chefs de tribus nomades et Chefs de cantons s\u00e9dentaires, sous l&rsquo;arbitrage des Administrateurs Coloniaux, ont r\u00e9pertori\u00e9 toutes les terres du fleuve et leurs propri\u00e9taires.<\/p>\n<p>C&rsquo;\u00e9tait pour mettre fin aux nombreux litiges fr\u00e9quents provoqu\u00e9s par les tentatives r\u00e9p\u00e9t\u00e9es des populations s\u00e9dentaires dont le nombre augmente sans cesse et qui empi\u00e8tent constamment sur les terres des Touaregs.<\/p>\n<p>Pour mettre fin \u00e0 ces nombreux litiges l&rsquo;Administration coloniale a dress\u00e9 un r\u00e9pertoire des terres et des propri\u00e9taires tout au long du fleuve Niger.<\/p>\n<p><strong>La confiscation des terres appartenant au touareg fait partie des engagements pris par le lobby koyroboro depuis la Loi-Cadre, \u00e0 la fin des ann\u00e9es 50.<\/strong><\/p>\n<p>L&rsquo;autre \u00e9v\u00e9nement qui m&rsquo;a heurt\u00e9 \u00e9tait le mode de perception des contributions des populations du Cercle de Tombouctou au financement de Radio-Mali et la Maison du Peuple.<\/p>\n<p>Les fractions nomades s&rsquo;adressaient \u00e0 moi pour effectuer les versements au Secr\u00e9taire G\u00e9n\u00e9ral de la Section. D&rsquo;ailleurs pour des motifs propres \u00e0 eux, ils s&rsquo;interdisent de faire des versements \u00e0 personne d&rsquo;autre.<\/p>\n<p>J&rsquo;ai constat\u00e9 \u00e0 chaque fois que le Secr\u00e9taire G\u00e9n\u00e9ral ne d\u00e9livrait jamais de re\u00e7u. D&rsquo;ailleurs personne n&rsquo;en demandait au risque que sa d\u00e9marche soit interpr\u00e9t\u00e9e comme une offense.<\/p>\n<p>Il en r\u00e9sulte une grande confusion, puisqu&rsquo;au final il a \u00e9t\u00e9 impossible de savoir le montant exact des contributions du Cercle de Tombouctou.<\/p>\n<p>Les Populations n&rsquo;avaient aucune preuve des efforts consentis.<\/p>\n<p>J&rsquo;ai trouv\u00e9 cette situation lamentable et indigne des responsables que nous sommes.<\/p>\n<p>Depuis lors, j\u2019avais d\u00e9cid\u00e9 de ne plus militer au sein des instances du parti. Aujourd\u2019hui encore, quand je vois les images d&rsquo;expropriation des Palestiniens par les Autorit\u00e9s isra\u00e9liennes, je me pose la question de savoir, qui du Mali ou d\u2019Isra\u00ebl, a inspir\u00e9 l&rsquo;autre.<\/p>\n<p>Par la relation des faits ci-dessus v\u00e9cus, je l\u00e8ve un voile sur les racines du mal, des r\u00e9bellions au Mali.<\/p>\n<p>En 1990, c&rsquo;est le Pdt fran\u00e7ais, Mitterrand et le Guide libyen, Khadafi, qui ont manipul\u00e9 les jeunes Touaregs et arabes, victimes des r\u00e9pressions des ann\u00e9es 60, des s\u00e9cheresses des ann\u00e9es 70 et 80 et enr\u00f4l\u00e9s dans les L\u00e9gions Africaines du Guide. Mitterrand et Khadafi, apr\u00e8s leur confrontation au Tchad, ont d\u00e9cid\u00e9 de coop\u00e9rer au lieu de s&rsquo;affronter sur le Continent Africain.<\/p>\n<p>En plus Khadafi cherchait des alli\u00e9s pour briser l&#8217;embargo am\u00e9ricain dont la Libye \u00e9tait victime et Mitterrand voulait r\u00e9cup\u00e9rer l&rsquo;influence anglo-saxonne perdue sur ce pays, tout en minimisant la port\u00e9e de l&rsquo;influence libyenne sur le pr\u00e9 carr\u00e9 fran\u00e7ais.<\/p>\n<p>D&rsquo;ailleurs un pr\u00e9sident malien, a jou\u00e9 un grand r\u00f4le dans ce rapprochement, puisqu&rsquo;il avait effectu\u00e9 54 voyages entre Bamako et Tripoli, malgre\u0301 l&#8217;embargo, pour transmettre les messages d&rsquo;un pre\u0301sident a\u0300 l&rsquo;autre. D&rsquo;ailleurs il n&rsquo;a jamais communique\u0301 sur ces nombreux voyages.<\/p>\n<p>Le Pdt franc\u0327ais et le Guide libyen, en 1990, avaient de\u0301cide\u0301 de faire tomber le Pdt Moussa Traore\u0301.<\/p>\n<p>L&rsquo;arme\u0301e malienne, se\u0301rieusement malmene\u0301e par la Re\u0301bellion, a e\u0301te\u0301 e\u0301corne\u0301e, mais pas de\u0301faite, au point de se retourner contre le Pouvoir malien. C&rsquo;est pourquoi on a eu recours aux trahisons des proches collaborateurs du Pre\u0301sident Moussa Traore\u0301 pour faire tomber le re\u0301gime.<\/p>\n<p>C&rsquo;est d&rsquo;ailleurs un e\u0301pisode de l&rsquo;histoire du Mali qui m&rsquo;a beaucoup marque\u0301.<\/p>\n<p>Rien ne pouvait ve\u0301ritablement justifier la trahison des proches collaborateurs du pre\u0301sident Moussa Traore\u0301, parce qu&rsquo;ils e\u0301taient au sommet de la chai\u0302ne du pouvoir dont ils jouissaient de tous les avantages de par la confiance dont ils be\u0301ne\u0301ficiaient. Moi-me\u0302me j&rsquo;ai e\u0301te\u0301 approche\u0301 dans le me\u0302me registre, a\u0300 la diffe\u0301rence pre\u0300s que j&rsquo;ai rejete\u0301 l&rsquo;offre sans chercher a\u0300 en tirer un quelconque avantage, ni publicite\u0301.<\/p>\n<p>Cependant ces e\u0301ve\u0301nements m&rsquo;ame\u0300nent a\u0300 formuler un jugement tre\u0300s se\u0301ve\u0300re sur l&rsquo;intelligencia malienne, surtout lorsque le monde entier s&rsquo;est bien rendu compte que la re\u0301volution de 91 a accouche\u0301 de toutes les turpitudes a\u0300 l&rsquo;origine du chaos actuel.<\/p>\n<p>En 91, une fois la manipulation termine\u0301e, quand bien me\u0302me la paix signe\u0301e, les vieilles habitudes de re\u0301pression, d&rsquo;exactions, pillages, sur les populations touaregs et arabes ont repris, sans aucune raison et avec beaucoup d&rsquo;assurance.<\/p>\n<p>Puisque sous la premie\u0300re re\u0301publique tout s&rsquo;est passe\u0301 a\u0300 l\u2019abri des regards, cette fois-ci au nez et a\u0300 la barbe des Journalistes, des Diplomates, des populations civiles autres, comme au temps des are\u0300nes romaines. Ce qui sugge\u0300re que le grand parrain avait donne\u0301 sa grande be\u0301ne\u0301diction a\u0300 tout cela.<\/p>\n<p>D&rsquo;ailleurs pour corroborer cette assertion on n&rsquo;avait pas beaucoup vu ni les diplomates, ni les ONG, ni les journalistes s&rsquo;exprimer sur ces graves e\u0301ve\u0301nements. Comme on le voit, on s&rsquo;est servi de la re\u0301bellion comme un virus inocule\u0301 depuis les anne\u0301es 60, jamais traite\u0301, et qu&rsquo;on peut activer a\u0300 tout moment.<\/p>\n<p>Le sce\u0301nario a e\u0301tait identique pour la re\u0301bellion de 2011.<\/p>\n<p><span style=\"color: #000080;\"><strong>Pouvez-vous sugge\u0301rer des solutions a\u0300 ce douloureux proble\u0300me qui dure depuis 1962 ?<\/strong><\/span><\/p>\n<p>Chaque re\u0301bellion depuis 90, s\u2019est solde\u0301e par un accord qui n\u2019a jamais e\u0301te\u0301 applique\u0301 par les gouvernements du Mali.<\/p>\n<p>Le dernier date 2015, sans aucune avance\u0301e notoire, par la faute de la partie gouvernementale.<\/p>\n<p>Les empires auxquels se re\u0301fe\u0301rent les hommes politiques maliens, ne connaissent pas les syste\u0300mes de gouvernance fortement centralise\u0301e, introduit par la France.<\/p>\n<p>La France a conseille\u0301 aux hommes politiques africains, a\u0300 l\u2019image de sa politique assimilationniste, de singer son syste\u0300me politique. Ils ont oublie\u0301 que l\u2019Afrique avait des institutions politiques propres avant la colonisation et que les africains sont diffe\u0301rents des franc\u0327ais.<\/p>\n<p>Si les hommes politiques maliens lisaient dans leur histoire ils se rendraient compte que les royaumes et empires e\u0301taient fortement de\u0301centralise\u0301s. Aujourd\u2019hui me\u0302me leur mode\u0300le, la France est fortement re\u0301gionalise\u0301e.<\/p>\n<p>La forme de gouvernance actuelle au Mali est antide\u0301mocratique et de\u0301crie\u0301e par toutes les populations.<\/p>\n<p>C\u2019est pourquoi les reformes re\u0301clame\u0301es par les Azawadiens doivent e\u0302tre e\u0301tendues a\u0300 tout le pays.<\/p>\n<p>Au dela\u0300 des reformes politiques qui s\u2019inscrivent dans l\u2019air du temps, il est indispensable de re\u0301gler l\u2019immense contentieux de crimes, de spoliations multiples, de perse\u0301cutions, d\u2019exclusion, dont les populations touaregs et arabes sont victimes depuis l\u2019inde\u0301pendance.<\/p>\n<p>Il est e\u0301tonnant qu\u2019aucun auteur de crimes de sang et autres n\u2019ait e\u0301te\u0301 traduit en justice en 60 ans, ce qui confirme le postulat pose\u0301 par la Premie\u0300re Re\u0301publique, selon lequel, sanctionner la faute d\u2019un Noir c\u2019est donner raison a\u0300 un Blanc.<br \/>\nLa persistance de cette discrimination est perceptible encore a\u0300 l\u2019image de la Commission Justice Ve\u0301rite\u0301 et Re\u0301conciliation ou l\u2019on n\u2019entend les victimes, jamais les bourreaux.<\/p>\n<p><strong><span style=\"color: #000080;\">Qu\u2019est-ce qui explique les morts et disparitions de mauritaniens au Mali ?<\/span><\/strong><\/p>\n<p>Depuis la Premie\u0300re Re\u0301publique les diffe\u0301rents gouvernements maliens excepte\u0301 l\u2019UDPM\/Moussa Traore\u0301, ont adopte\u0301 une politique de discrimination a\u0300 l\u2019endroit des populations blanches touaregs et arabes.<\/p>\n<p>Tous les crimes commis sur ces populations n\u2019ont jamais e\u0301te\u0301 sanctionne\u0301s, assassinats, spoliations, ostracismes, etc.<\/p>\n<p>En 60 ans d\u2019impunite\u0301, il est devenu banal de massacrer des \u2018\u2019peaux rouges\u2019\u2019 au Mali en toute impunite\u0301.<\/p>\n<p>En 2012, les populations Touaregs et Arabes ont e\u0301te\u0301 massacre\u0301es, leurs biens pille\u0301s, sous les regards indiffe\u0301rents des autorite\u0301s Maliennes dans toutes les villes.<br \/>\nLes images des sce\u0300nes de pillages de la pharmacie Alama, du Docteur EL Mehdi, a\u0300 Kati, a fait le tour du monde.<\/p>\n<p>Il est de notorie\u0301te\u0301 publique que l\u2019arme\u0301e malienne, lors de ses campagnes n\u2019e\u0301pargnent gue\u0300re les civils blancs. Elle ne fait pas de diffe\u0301rence entre Touaregs, Arabes, Maliens et Mauritaniens.<\/p>\n<p>Les Civils Mauritaniens exe\u0301cute\u0301s re\u0301cemment par l\u2019arme\u0301e Malienne ne sont pas les premiers, ils ont eu le tort de ressembler aux Azawadiens. C\u2019est pour cela qu\u2019ils ont e\u0301te\u0301 exe\u0301cute\u0301s sans e\u0301tat d\u2019a\u0302me.<\/p>\n<p>Mais dans cette lamentable affaire qui dure depuis plus de 60 ans, les vrais coupables demeurent les gouvernants qui ont donne\u0301 les ordres, tout en restant emmure\u0301s dans le de\u0301ni total.<\/p>\n<p>Puisse cette narration des e\u0301ve\u0301nements donner l\u2019inspiration aux pouvoirs politiques, aux leaders, et a\u0300 l\u2019opinion publique, pour s\u2019investir avec lucidite\u0301 dans le re\u0300glement de\u0301finitif du proble\u0300me des rebellions au Mali.<\/p>\n<p style=\"text-align: right;\"><span style=\"color: #000080;\">Source : alakhbar.info<\/span><\/p>\n","protected":false},"excerpt":{"rendered":"<p>Hamma Ag Mahmoud, un ancien ministre malien, actuellement r\u00e9fugi\u00e9 en Mauritanie, appelle le pouvoir en place \u00e0 Bamako \u00e0 \u00ab prendre ses responsabilit\u00e9s \u00bb en r\u00e9cup\u00e9rant \u00ab tous les fonds d\u00e9tourn\u00e9s par les Chefs militaires, par ce que ceci est \u00e0 l&rsquo;origine de la d\u00e9moralisation des troupes \u00bb face aux terroristes. Dans cette interview, l\u2019ancien &hellip;<\/p>\n","protected":false},"author":2,"featured_media":5536,"comment_status":"open","ping_status":"closed","sticky":false,"template":"","format":"standard","meta":{"jetpack_post_was_ever_published":false,"_jetpack_newsletter_access":"","_jetpack_dont_email_post_to_subs":false,"_jetpack_newsletter_tier_id":0,"_jetpack_memberships_contains_paywalled_content":false,"_jetpack_memberships_contains_paid_content":false,"footnotes":"","jetpack_publicize_message":"","jetpack_publicize_feature_enabled":true,"jetpack_social_post_already_shared":true,"jetpack_social_options":{"image_generator_settings":{"template":"highway","default_image_id":0,"font":"","enabled":false},"version":2}},"categories":[4,11],"tags":[],"class_list":["post-5535","post","type-post","status-publish","format-standard","has-post-thumbnail","","category-interviews","category-touareg"],"jetpack_publicize_connections":[],"jetpack_featured_media_url":"https:\/\/i0.wp.com\/amadalamazigh.press.ma\/fr\/wp-content\/uploads\/2023\/12\/hamma-ag-mahmoud.jpeg?fit=1080%2C720&ssl=1","jetpack_shortlink":"https:\/\/wp.me\/p9uxE2-1rh","jetpack_sharing_enabled":true,"_links":{"self":[{"href":"https:\/\/amadalamazigh.press.ma\/fr\/wp-json\/wp\/v2\/posts\/5535","targetHints":{"allow":["GET"]}}],"collection":[{"href":"https:\/\/amadalamazigh.press.ma\/fr\/wp-json\/wp\/v2\/posts"}],"about":[{"href":"https:\/\/amadalamazigh.press.ma\/fr\/wp-json\/wp\/v2\/types\/post"}],"author":[{"embeddable":true,"href":"https:\/\/amadalamazigh.press.ma\/fr\/wp-json\/wp\/v2\/users\/2"}],"replies":[{"embeddable":true,"href":"https:\/\/amadalamazigh.press.ma\/fr\/wp-json\/wp\/v2\/comments?post=5535"}],"version-history":[{"count":3,"href":"https:\/\/amadalamazigh.press.ma\/fr\/wp-json\/wp\/v2\/posts\/5535\/revisions"}],"predecessor-version":[{"id":5539,"href":"https:\/\/amadalamazigh.press.ma\/fr\/wp-json\/wp\/v2\/posts\/5535\/revisions\/5539"}],"wp:featuredmedia":[{"embeddable":true,"href":"https:\/\/amadalamazigh.press.ma\/fr\/wp-json\/wp\/v2\/media\/5536"}],"wp:attachment":[{"href":"https:\/\/amadalamazigh.press.ma\/fr\/wp-json\/wp\/v2\/media?parent=5535"}],"wp:term":[{"taxonomy":"category","embeddable":true,"href":"https:\/\/amadalamazigh.press.ma\/fr\/wp-json\/wp\/v2\/categories?post=5535"},{"taxonomy":"post_tag","embeddable":true,"href":"https:\/\/amadalamazigh.press.ma\/fr\/wp-json\/wp\/v2\/tags?post=5535"}],"curies":[{"name":"wp","href":"https:\/\/api.w.org\/{rel}","templated":true}]}}