{"id":5594,"date":"2023-12-23T14:18:49","date_gmt":"2023-12-23T13:18:49","guid":{"rendered":"https:\/\/amadalamazigh.press.ma\/fr\/?p=5594"},"modified":"2023-12-23T14:18:49","modified_gmt":"2023-12-23T13:18:49","slug":"loi-immigration","status":"publish","type":"post","link":"https:\/\/amadalamazigh.press.ma\/fr\/loi-immigration\/","title":{"rendered":"Loi immigration"},"content":{"rendered":"<figure id=\"attachment_5595\" aria-describedby=\"caption-attachment-5595\" style=\"width: 234px\" class=\"wp-caption alignleft\"><img data-recalc-dims=\"1\" loading=\"lazy\" decoding=\"async\" class=\"size-medium wp-image-5595\" src=\"https:\/\/i0.wp.com\/amadalamazigh.press.ma\/fr\/wp-content\/uploads\/2023\/12\/IMG-20231223-WA0001.jpg?resize=234%2C250&#038;ssl=1\" alt=\"\" width=\"234\" height=\"250\" srcset=\"https:\/\/i0.wp.com\/amadalamazigh.press.ma\/fr\/wp-content\/uploads\/2023\/12\/IMG-20231223-WA0001.jpg?resize=234%2C250&amp;ssl=1 234w, https:\/\/i0.wp.com\/amadalamazigh.press.ma\/fr\/wp-content\/uploads\/2023\/12\/IMG-20231223-WA0001.jpg?w=498&amp;ssl=1 498w\" sizes=\"auto, (max-width: 234px) 100vw, 234px\" \/><figcaption id=\"caption-attachment-5595\" class=\"wp-caption-text\">Par: Ahmed Benyachi<\/figcaption><\/figure>\n<p>Loi immigration : une ni\u00e8me loi qui vient rappeler aux migrants et \u00e0 leurs descendants qu\u2019ils sont \u00e9trangers chez eux ! Les simplistes et les id\u00e9ologues de l\u2019extr\u00eame droite r\u00e9ussissent \u00e0 entra\u00eener dans leurs sillages ceux et celles qui se disent ou se r\u00e9clament comme d\u00e9fenseurs des droits humains ! La v\u00e9rit\u00e9 \u00e9clate au grand jour , l\u2019argument ethnique et culturel devient l\u2019explication centrale des hommes politiques de droite, de l\u2019extr\u00eame droite et leurs suiveurs de la majorit\u00e9 actuelle ! Droit du sol bafou\u00e9, droit \u00e0 vivre en famille remis en cause pour les migrants , droits sociaux soumis \u00e0 condition !<\/p>\n<p>M\u00eame la d\u00e9linquance et les actes d\u00e9lictueux sont dor\u00e9navant en lien avec l\u2019appartenance ethnique et culturel ! La discrimination est \u00e0 l\u2019\u0153uvre de mani\u00e8re officielle !<\/p>\n<p>Aux descendants de l\u2019immigration qui se croient \u00e9pargn\u00e9s par le rappel de leur \u00e9tranget\u00e9s , ils sont piqu\u00e9s dans leurs d\u00e9ni consomm\u00e9 , par les derni\u00e8res agitations concernant les d\u00e9bats sur la dite loi immigration !<\/p>\n<p>R\u00e9veille toi France des lumi\u00e8res , France du conseil national de la r\u00e9sistance !<\/p>\n<p>Ceux qui pr\u00e9tendent aujourd\u2019hui d\u00e9fendre les fran\u00e7ais, sont issus et se r\u00e9clament des id\u00e9ologies qui \u00e9taient au c\u00f4t\u00e9 des collaborateurs du r\u00e9gime de Vichy !<\/p>\n<p>Leurs proies d\u2019aujourd\u2019hui qu\u2019ils humilient par leurs discours x\u00e9nophobes, eux sont des descendants des tirailleurs de l\u2019Afrique du Nord et de l\u2019Afrique noire qui par leurs engagement ont participe de leur sang \u00e0 la lib\u00e9ration de la France ! Les arguments des fervents d\u00e9fenseurs de la nouvelle et ni\u00e8me loi immigration seront rang\u00e9s \u00e0 la poubelle de l\u2019histoire ! Honte aux manipulateurs et aux falsificateurs des faits sociaux ! R\u00e9veille toi France des lumi\u00e8res et de l\u2019\u00e9galit\u00e9<\/p>\n<p>Un Fran\u00e7ais binational<\/p>\n<p>Un Franco amazigh marocain<\/p>\n","protected":false},"excerpt":{"rendered":"<p>Loi immigration : une ni\u00e8me loi qui vient rappeler aux migrants et \u00e0 leurs descendants qu\u2019ils sont \u00e9trangers chez eux ! Les simplistes et les id\u00e9ologues de l\u2019extr\u00eame droite r\u00e9ussissent \u00e0 entra\u00eener dans leurs sillages ceux et celles qui se disent ou se r\u00e9clament comme d\u00e9fenseurs des droits humains ! La v\u00e9rit\u00e9 \u00e9clate au grand &hellip;<\/p>\n","protected":false},"author":2,"featured_media":5595,"comment_status":"open","ping_status":"closed","sticky":false,"template":"","format":"standard","meta":{"jetpack_post_was_ever_published":false,"_jetpack_newsletter_access":"","_jetpack_dont_email_post_to_subs":false,"_jetpack_newsletter_tier_id":0,"_jetpack_memberships_contains_paywalled_content":false,"_jetpack_memberships_contains_paid_content":false,"footnotes":"","jetpack_publicize_message":"","jetpack_publicize_feature_enabled":true,"jetpack_social_post_already_shared":true,"jetpack_social_options":{"image_generator_settings":{"template":"highway","default_image_id":0,"font":"","enabled":false},"version":2}},"categories":[13],"tags":[],"class_list":["post-5594","post","type-post","status-publish","format-standard","has-post-thumbnail","","category-opinions"],"jetpack_publicize_connections":[],"jetpack_featured_media_url":"https:\/\/i0.wp.com\/amadalamazigh.press.ma\/fr\/wp-content\/uploads\/2023\/12\/IMG-20231223-WA0001.jpg?fit=498%2C533&ssl=1","jetpack_shortlink":"https:\/\/wp.me\/p9uxE2-1se","jetpack_sharing_enabled":true,"_links":{"self":[{"href":"https:\/\/amadalamazigh.press.ma\/fr\/wp-json\/wp\/v2\/posts\/5594","targetHints":{"allow":["GET"]}}],"collection":[{"href":"https:\/\/amadalamazigh.press.ma\/fr\/wp-json\/wp\/v2\/posts"}],"about":[{"href":"https:\/\/amadalamazigh.press.ma\/fr\/wp-json\/wp\/v2\/types\/post"}],"author":[{"embeddable":true,"href":"https:\/\/amadalamazigh.press.ma\/fr\/wp-json\/wp\/v2\/users\/2"}],"replies":[{"embeddable":true,"href":"https:\/\/amadalamazigh.press.ma\/fr\/wp-json\/wp\/v2\/comments?post=5594"}],"version-history":[{"count":1,"href":"https:\/\/amadalamazigh.press.ma\/fr\/wp-json\/wp\/v2\/posts\/5594\/revisions"}],"predecessor-version":[{"id":5596,"href":"https:\/\/amadalamazigh.press.ma\/fr\/wp-json\/wp\/v2\/posts\/5594\/revisions\/5596"}],"wp:featuredmedia":[{"embeddable":true,"href":"https:\/\/amadalamazigh.press.ma\/fr\/wp-json\/wp\/v2\/media\/5595"}],"wp:attachment":[{"href":"https:\/\/amadalamazigh.press.ma\/fr\/wp-json\/wp\/v2\/media?parent=5594"}],"wp:term":[{"taxonomy":"category","embeddable":true,"href":"https:\/\/amadalamazigh.press.ma\/fr\/wp-json\/wp\/v2\/categories?post=5594"},{"taxonomy":"post_tag","embeddable":true,"href":"https:\/\/amadalamazigh.press.ma\/fr\/wp-json\/wp\/v2\/tags?post=5594"}],"curies":[{"name":"wp","href":"https:\/\/api.w.org\/{rel}","templated":true}]}}