{"id":5633,"date":"2024-01-10T13:38:30","date_gmt":"2024-01-10T12:38:30","guid":{"rendered":"https:\/\/amadalamazigh.press.ma\/fr\/?p=5633"},"modified":"2024-01-10T13:38:30","modified_gmt":"2024-01-10T12:38:30","slug":"meknes-lassociation-asidd-celebre-innayr-2974","status":"publish","type":"post","link":"https:\/\/amadalamazigh.press.ma\/fr\/meknes-lassociation-asidd-celebre-innayr-2974\/","title":{"rendered":"MEKNES: L\u2019ASSOCIATION ASIDD CELEBRE INNAYR 2974"},"content":{"rendered":"<p><img data-recalc-dims=\"1\" loading=\"lazy\" decoding=\"async\" class=\"size-medium wp-image-5634 alignleft\" src=\"https:\/\/i0.wp.com\/amadalamazigh.press.ma\/fr\/wp-content\/uploads\/2024\/01\/assid.jpg?resize=177%2C250&#038;ssl=1\" alt=\"\" width=\"177\" height=\"250\" srcset=\"https:\/\/i0.wp.com\/amadalamazigh.press.ma\/fr\/wp-content\/uploads\/2024\/01\/assid.jpg?resize=177%2C250&amp;ssl=1 177w, https:\/\/i0.wp.com\/amadalamazigh.press.ma\/fr\/wp-content\/uploads\/2024\/01\/assid.jpg?resize=724%2C1024&amp;ssl=1 724w, https:\/\/i0.wp.com\/amadalamazigh.press.ma\/fr\/wp-content\/uploads\/2024\/01\/assid.jpg?resize=1086%2C1536&amp;ssl=1 1086w, https:\/\/i0.wp.com\/amadalamazigh.press.ma\/fr\/wp-content\/uploads\/2024\/01\/assid.jpg?w=1448&amp;ssl=1 1448w, https:\/\/i0.wp.com\/amadalamazigh.press.ma\/fr\/wp-content\/uploads\/2024\/01\/assid.jpg?w=1236&amp;ssl=1 1236w\" sizes=\"auto, (max-width: 177px) 100vw, 177px\" \/>L\u2019Association ASIDD de Mekn\u00e8s c\u00e9l\u00e8bre le nouvel an amazighe \u2013 Innayr -, le samedi 13 janvier 2024, \u00e0 partir de 15\u00a0:00 \u00e0 l\u2019Ecole Notre Dame Maris de Mekn\u00e8s. Cette manifestation culturelle s\u2019inscrit dans le cadre des activit\u00e9s culturelles et de rayonnement de cette association qui fait partie des cadres associatifs d\u00e9di\u00e9s au combat identitaire amazighe.<\/p>\n<p>Le programme de l\u2019activit\u00e9, qui sera anim\u00e9 par M. Moukhlis, comporte une table ronde \u00e0 laquelle participeront des chercheurs et experts de la langue et de la civilisation amazighe, en l\u2019occurrence MM\u00a0: Lahcen Oulhaj et Brahim Fouguig, professeurs de l\u2019enseignement sup\u00e9rieur, et Mme Hassana Boulahfa, professeure de langue amazighe au CRFAE de Rabat. Les interventions porteront sur l\u2019apport des Amazighes \u00e0 la civilisation mondiale, une perspective historique du nouvel an amazighe et le r\u00f4le des lexiques dans le domaine de l\u2019enseignement de l\u2019amazighe.<\/p>\n<p>Une soir\u00e9e artistique est \u00e9galement pr\u00e9vue \u00e0 partir de 21\u00a0:00. Y participeront le groupe de musique des Ignawn, une troupe musicale du centre du Maroc et des bardes amazighes.<\/p>\n<p>La manifestation se veut aussi une c\u00e9l\u00e9bration de la reconnaissance officielle du nouvel an amazighe d\u00e9sormais f\u00eate nationale et jour f\u00e9ri\u00e9 et pay\u00e9. Un \u00e9v\u00e9nement qui r\u00e9habilit\u00e9 un pan essentiel de notre m\u00e9moire historique et de notre civilisation amazighe mill\u00e9naire.<\/p>\n","protected":false},"excerpt":{"rendered":"<p>L\u2019Association ASIDD de Mekn\u00e8s c\u00e9l\u00e8bre le nouvel an amazighe \u2013 Innayr -, le samedi 13 janvier 2024, \u00e0 partir de 15\u00a0:00 \u00e0 l\u2019Ecole Notre Dame Maris de Mekn\u00e8s. Cette manifestation culturelle s\u2019inscrit dans le cadre des activit\u00e9s culturelles et de rayonnement de cette association qui fait partie des cadres associatifs d\u00e9di\u00e9s au combat identitaire amazighe. &hellip;<\/p>\n","protected":false},"author":2,"featured_media":5634,"comment_status":"open","ping_status":"closed","sticky":false,"template":"","format":"standard","meta":{"jetpack_post_was_ever_published":false,"_jetpack_newsletter_access":"","_jetpack_dont_email_post_to_subs":false,"_jetpack_newsletter_tier_id":0,"_jetpack_memberships_contains_paywalled_content":false,"_jetpack_memberships_contains_paid_content":false,"footnotes":"","jetpack_publicize_message":"","jetpack_publicize_feature_enabled":true,"jetpack_social_post_already_shared":true,"jetpack_social_options":{"image_generator_settings":{"template":"highway","default_image_id":0,"font":"","enabled":false},"version":2}},"categories":[26,10],"tags":[],"class_list":["post-5633","post","type-post","status-publish","format-standard","has-post-thumbnail","","category-agenda","category-maroc"],"jetpack_publicize_connections":[],"jetpack_featured_media_url":"https:\/\/i0.wp.com\/amadalamazigh.press.ma\/fr\/wp-content\/uploads\/2024\/01\/assid.jpg?fit=1448%2C2048&ssl=1","jetpack_shortlink":"https:\/\/wp.me\/p9uxE2-1sR","jetpack_sharing_enabled":true,"_links":{"self":[{"href":"https:\/\/amadalamazigh.press.ma\/fr\/wp-json\/wp\/v2\/posts\/5633","targetHints":{"allow":["GET"]}}],"collection":[{"href":"https:\/\/amadalamazigh.press.ma\/fr\/wp-json\/wp\/v2\/posts"}],"about":[{"href":"https:\/\/amadalamazigh.press.ma\/fr\/wp-json\/wp\/v2\/types\/post"}],"author":[{"embeddable":true,"href":"https:\/\/amadalamazigh.press.ma\/fr\/wp-json\/wp\/v2\/users\/2"}],"replies":[{"embeddable":true,"href":"https:\/\/amadalamazigh.press.ma\/fr\/wp-json\/wp\/v2\/comments?post=5633"}],"version-history":[{"count":1,"href":"https:\/\/amadalamazigh.press.ma\/fr\/wp-json\/wp\/v2\/posts\/5633\/revisions"}],"predecessor-version":[{"id":5635,"href":"https:\/\/amadalamazigh.press.ma\/fr\/wp-json\/wp\/v2\/posts\/5633\/revisions\/5635"}],"wp:featuredmedia":[{"embeddable":true,"href":"https:\/\/amadalamazigh.press.ma\/fr\/wp-json\/wp\/v2\/media\/5634"}],"wp:attachment":[{"href":"https:\/\/amadalamazigh.press.ma\/fr\/wp-json\/wp\/v2\/media?parent=5633"}],"wp:term":[{"taxonomy":"category","embeddable":true,"href":"https:\/\/amadalamazigh.press.ma\/fr\/wp-json\/wp\/v2\/categories?post=5633"},{"taxonomy":"post_tag","embeddable":true,"href":"https:\/\/amadalamazigh.press.ma\/fr\/wp-json\/wp\/v2\/tags?post=5633"}],"curies":[{"name":"wp","href":"https:\/\/api.w.org\/{rel}","templated":true}]}}