{"id":5782,"date":"2024-03-01T21:22:44","date_gmt":"2024-03-01T20:22:44","guid":{"rendered":"https:\/\/amadalamazigh.press.ma\/fr\/?p=5782"},"modified":"2024-03-01T21:22:44","modified_gmt":"2024-03-01T20:22:44","slug":"festival-international-des-nomades-2024-un-printemps-culturel-nomade-au-coeur-du-desert","status":"publish","type":"post","link":"https:\/\/amadalamazigh.press.ma\/fr\/festival-international-des-nomades-2024-un-printemps-culturel-nomade-au-coeur-du-desert\/","title":{"rendered":"Festival International des Nomades 2024: Un printemps culturel nomade au c\u0153ur du d\u00e9sert"},"content":{"rendered":"<p><img data-recalc-dims=\"1\" loading=\"lazy\" decoding=\"async\" class=\"size-medium wp-image-5786 alignleft\" src=\"https:\/\/i0.wp.com\/amadalamazigh.press.ma\/fr\/wp-content\/uploads\/2024\/03\/Affiche-19eme-Festival-des-Nomades-14-16-mars-2024-2.jpg?resize=169%2C250&#038;ssl=1\" alt=\"\" width=\"169\" height=\"250\" srcset=\"https:\/\/i0.wp.com\/amadalamazigh.press.ma\/fr\/wp-content\/uploads\/2024\/03\/Affiche-19eme-Festival-des-Nomades-14-16-mars-2024-2.jpg?resize=169%2C250&amp;ssl=1 169w, https:\/\/i0.wp.com\/amadalamazigh.press.ma\/fr\/wp-content\/uploads\/2024\/03\/Affiche-19eme-Festival-des-Nomades-14-16-mars-2024-2.jpg?resize=694%2C1024&amp;ssl=1 694w, https:\/\/i0.wp.com\/amadalamazigh.press.ma\/fr\/wp-content\/uploads\/2024\/03\/Affiche-19eme-Festival-des-Nomades-14-16-mars-2024-2.jpg?w=840&amp;ssl=1 840w\" sizes=\"auto, (max-width: 169px) 100vw, 169px\" \/>L\u2019association Nomades du Monde annonce avec enthousiasme une \u00e9dition exceptionnelle du Festival International des Nomades du 14 au 16 mars 2024, mettant en lumi\u00e8re le th\u00e8me captivant du soufisme chez les nomades. Cette c\u00e9l\u00e9bration mystique transformera M\u2019hamid El Ghizlane en un lieu magique accueillant des chanteurs soufis et des derviches tourneurs pour une exp\u00e9rience culturelle unique.<\/p>\n<p>Depuis ses modestes d\u00e9buts en 2004, le Festival International des Nomades s&rsquo;est \u00e9rig\u00e9 en v\u00e9ritable printemps culturel nomade, catalysant l&rsquo;expression, la pr\u00e9servation et la c\u00e9l\u00e9bration des riches traditions nomades. Unissant les communaut\u00e9s nomades, il joue un r\u00f4le f\u00e9d\u00e9rateur essentiel, cr\u00e9ant un espace de dialogue et d\u2019\u00e9changes unique entre populations d\u2019horizons culturels vari\u00e9s et contribuant au d\u00e9veloppement \u00e9conomique et au d\u00e9senclavement de cette r\u00e9gion \u00e9loign\u00e9e des grands p\u00f4les d\u2019activit\u00e9s.<\/p>\n<p>Cette \u00e9dition sp\u00e9ciale plongera au c\u0153ur du soufisme, explorant les dimensions spirituelles et artistiques de cette tradition ancienne. Les visiteurs auront l\u2019opportunit\u00e9 rare d&rsquo;assister \u00e0 des performances envo\u00fbtantes de derviches tourneurs et des chanteurs soufis de Dervish Spirit ou de <strong>Mohssen Zeggaf <\/strong>un des plus grands interpr\u00e8tes de chant spirituel arabo-andalou, qui apporteront une dimension mystique au riche tissu culturel des nomades. Ils pourront de plus se laisser emporter par le spectacle \u00e9poustouflant de Tanoura de Memo Sapour, et s\u2019initier \u00e0 la danse de tournoiement au cours du stage anim\u00e9 par ce fameux danseur professionnel \u00e9gyptien.<\/p>\n<p>Les pratiques artistiques, les expositions et les activit\u00e9s traditionnelles se m\u00ealeront pour offrir une exp\u00e9rience immersive inoubliable, incluant des d\u00e9monstrations de hockey sur sable, de course de dromadaires et la cuisson traditionnelle du pain de sable, et permettant au public de d\u00e9couvrir les pratiques ancestrales des nomades du d\u00e9sert.<\/p>\n<p>Des conf\u00e9rences \u00e9clairantes mettront en lumi\u00e8re l&rsquo;impact du soufisme sur la culture et l&rsquo;identit\u00e9 nomades.<\/p>\n<p>En soir\u00e9e, les festivaliers seront enchant\u00e9s par des performances musicales vari\u00e9es qui mettront en vedette Asm\u00e2a Hamzaoui jeune virtuose du guembri et son groupe Bnat Timbouctou, la chanteuse angolaise T\u00e9 Macedo, les musiques sahraouies et chants soufis du Madih de Mohamed Baaiya, le groupe rock Amazigh Meteor Airlines, Bnat El Ghiwane, les jeunes musiciens de M\u2019hamid Band et d&rsquo;autres artistes renomm\u00e9s, dans une programmation qui valorise la diversit\u00e9 culturelle.<br \/>\nSoutenue par la Province de Zagora, l\u2019ONMT, la R\u00e9gion Dr\u00e2a-Tafilalet, le Minist\u00e8re de la Culture, la Fondation Banque Populaire, l\u2019Institut Fran\u00e7ais du Maroc et de nombreux autres partenaires, cette \u00e9dition particuli\u00e8re, en harmonie avec la nature, apporte un souffle nouveau \u00e0 ce rassemblement traditionnel bien ancr\u00e9 dans le calendrier culturel marocain.<\/p>\n<p>Les organisateurs invitent chaleureusement le public \u00e0 se joindre \u00e0 cette exp\u00e9rience exceptionnelle, o\u00f9 le d\u00e9sert devient le th\u00e9\u00e2tre d&rsquo;une c\u00e9l\u00e9bration unique, unissant la culture nomade et la spiritualit\u00e9 soufie.<br \/>\nRestez connect\u00e9s pour toutes les mises \u00e0 jour avant, pendant et apr\u00e8s l&rsquo;\u00e9v\u00e9nement via nos r\u00e9seaux sociaux et le site web d\u00e9di\u00e9 <a href=\"https:\/\/www.nomadsfestival.org\/\" target=\"_blank\" rel=\"noopener\">www.nomadsfestival.org<\/a><\/p>\n","protected":false},"excerpt":{"rendered":"<p>L\u2019association Nomades du Monde annonce avec enthousiasme une \u00e9dition exceptionnelle du Festival International des Nomades du 14 au 16 mars 2024, mettant en lumi\u00e8re le th\u00e8me captivant du soufisme chez les nomades. Cette c\u00e9l\u00e9bration mystique transformera M\u2019hamid El Ghizlane en un lieu magique accueillant des chanteurs soufis et des derviches tourneurs pour une exp\u00e9rience culturelle &hellip;<\/p>\n","protected":false},"author":2,"featured_media":5786,"comment_status":"open","ping_status":"closed","sticky":false,"template":"","format":"standard","meta":{"jetpack_post_was_ever_published":false,"_jetpack_newsletter_access":"","_jetpack_dont_email_post_to_subs":false,"_jetpack_newsletter_tier_id":0,"_jetpack_memberships_contains_paywalled_content":false,"_jetpack_memberships_contains_paid_content":false,"footnotes":"","jetpack_publicize_message":"","jetpack_publicize_feature_enabled":true,"jetpack_social_post_already_shared":true,"jetpack_social_options":{"image_generator_settings":{"template":"highway","default_image_id":0,"font":"","enabled":false},"version":2}},"categories":[11],"tags":[],"class_list":["post-5782","post","type-post","status-publish","format-standard","has-post-thumbnail","","category-touareg"],"jetpack_publicize_connections":[],"jetpack_featured_media_url":"https:\/\/i0.wp.com\/amadalamazigh.press.ma\/fr\/wp-content\/uploads\/2024\/03\/Affiche-19eme-Festival-des-Nomades-14-16-mars-2024-2.jpg?fit=840%2C1240&ssl=1","jetpack_shortlink":"https:\/\/wp.me\/p9uxE2-1vg","jetpack_sharing_enabled":true,"_links":{"self":[{"href":"https:\/\/amadalamazigh.press.ma\/fr\/wp-json\/wp\/v2\/posts\/5782","targetHints":{"allow":["GET"]}}],"collection":[{"href":"https:\/\/amadalamazigh.press.ma\/fr\/wp-json\/wp\/v2\/posts"}],"about":[{"href":"https:\/\/amadalamazigh.press.ma\/fr\/wp-json\/wp\/v2\/types\/post"}],"author":[{"embeddable":true,"href":"https:\/\/amadalamazigh.press.ma\/fr\/wp-json\/wp\/v2\/users\/2"}],"replies":[{"embeddable":true,"href":"https:\/\/amadalamazigh.press.ma\/fr\/wp-json\/wp\/v2\/comments?post=5782"}],"version-history":[{"count":1,"href":"https:\/\/amadalamazigh.press.ma\/fr\/wp-json\/wp\/v2\/posts\/5782\/revisions"}],"predecessor-version":[{"id":5787,"href":"https:\/\/amadalamazigh.press.ma\/fr\/wp-json\/wp\/v2\/posts\/5782\/revisions\/5787"}],"wp:featuredmedia":[{"embeddable":true,"href":"https:\/\/amadalamazigh.press.ma\/fr\/wp-json\/wp\/v2\/media\/5786"}],"wp:attachment":[{"href":"https:\/\/amadalamazigh.press.ma\/fr\/wp-json\/wp\/v2\/media?parent=5782"}],"wp:term":[{"taxonomy":"category","embeddable":true,"href":"https:\/\/amadalamazigh.press.ma\/fr\/wp-json\/wp\/v2\/categories?post=5782"},{"taxonomy":"post_tag","embeddable":true,"href":"https:\/\/amadalamazigh.press.ma\/fr\/wp-json\/wp\/v2\/tags?post=5782"}],"curies":[{"name":"wp","href":"https:\/\/api.w.org\/{rel}","templated":true}]}}