{"id":5836,"date":"2024-03-14T14:52:52","date_gmt":"2024-03-14T13:52:52","guid":{"rendered":"https:\/\/amadalamazigh.press.ma\/fr\/?p=5836"},"modified":"2024-03-14T14:53:10","modified_gmt":"2024-03-14T13:53:10","slug":"comment-lalgerie-essaie-de-destabiliser-lunion-europeenne","status":"publish","type":"post","link":"https:\/\/amadalamazigh.press.ma\/fr\/comment-lalgerie-essaie-de-destabiliser-lunion-europeenne\/","title":{"rendered":"Comment l\u2019Alg\u00e9rie essaie de d\u00e9stabiliser l\u2019Union Europ\u00e9enne?"},"content":{"rendered":"<p><img data-recalc-dims=\"1\" loading=\"lazy\" decoding=\"async\" class=\"size-medium wp-image-5837 alignright\" src=\"https:\/\/i0.wp.com\/amadalamazigh.press.ma\/fr\/wp-content\/uploads\/2024\/03\/alg.jpg?resize=450%2C235&#038;ssl=1\" alt=\"\" width=\"450\" height=\"235\" srcset=\"https:\/\/i0.wp.com\/amadalamazigh.press.ma\/fr\/wp-content\/uploads\/2024\/03\/alg.jpg?resize=450%2C235&amp;ssl=1 450w, https:\/\/i0.wp.com\/amadalamazigh.press.ma\/fr\/wp-content\/uploads\/2024\/03\/alg.jpg?w=840&amp;ssl=1 840w\" sizes=\"auto, (max-width: 450px) 100vw, 450px\" \/>Excellences,<\/p>\n<ul>\n<li>M. Alexander De Croo, premier ministre du Royaume de Belgique et pr\u00e9sident du Conseil de l\u2019Union europ\u00e9enne<\/li>\n<li>M. Charles Michel, pr\u00e9sident du Conseil europ\u00e9en<\/li>\n<li>Mme. Ursula von der Leyen, pr\u00e9sidente de la Commission europ\u00e9enne<\/li>\n<li>Mme. Roberta Metsola, pr\u00e9sidente du Parlement europ\u00e9en<\/li>\n<li>M. Josep Borrell i Fontelles, Haut repr\u00e9sentant de l&rsquo;Union europ\u00e9enne pour les affaires \u00e9trang\u00e8res et la politique de s\u00e9curit\u00e9 et Vice-pr\u00e9sident de la Commission europ\u00e9enne &amp; Mesdames et Messieurs Eurod\u00e9put\u00e9-e-s du Parlement Europ\u00e9en,<\/li>\n<\/ul>\n<p>Objet :\u00a0<strong>Comment l\u2019Alg\u00e9rie essaie de d\u00e9stabiliser la Belgique et l\u2019Union Europ\u00e9enne apr\u00e8s le blocage de l\u2019Union des Etats de Tamazgha ?<\/strong><\/p>\n<p>Excellences,<\/p>\n<p>Je vous rappelle que j\u2019ai eu le plaisir d\u2019adresser aux eurod\u00e9put\u00e9-e-s une pertinente correspondance, \u00e0 l\u2019occasion du 26\u00e8me anniversaire de la journ\u00e9e internationale de l\u2019adoption du drapeau amazigh (berb\u00e8re), le 30 ao\u00fbt dernier, o\u00f9 je vous ai expos\u00e9 le sujet du n\u00e9faste blocage de l\u2019Union des Etats d\u2019Afrique du Nord (Tamazgha) de la part des g\u00e9n\u00e9raux alg\u00e9riens, et qui porte largement pr\u00e9judice \u00e0 la croissance \u00e9conomique de vos pays d\u2019Union Europ\u00e9enne.<\/p>\n<p>J\u2019avais port\u00e9 \u00e0 votre connaissance que les responsables du pouvoir alg\u00e9rien, en l\u2019occurrence le pr\u00e9sident \u00abill\u00e9gitime\u00bb d\u2019Abdelmajid Tebboune et son chef des Arm\u00e9es, le G\u00e9n\u00e9ral Said Chengriha, avaient d\u00e9ploy\u00e9 tous leurs efforts pour que leur pays s\u2019int\u00e8gre au bloc des BRICS, alors qu\u2019ils auraient d\u00fb s\u2019investir, simplement et naturellement, \u00e0 la reconstruction du bloc r\u00e9gional g\u00e9ographique o\u00f9 ils se trouvent, \u00e0 savoir, celui de l\u2019Union \u00e9conomique des pays du Maghreb. La volont\u00e9 de ces derniers s\u2019inscrit, totalement, \u00e0 l\u2019encontre de l\u2019esprit de l\u2019accord d&rsquo;association de l\u2019Alg\u00e9rie avec l&rsquo;Union europ\u00e9enne, surgit du processus de Barcelone de novembre 1995, sign\u00e9 \u00e0 Valencia le 22 avril 2002 et ayant pris effet le 1er septembre 2005. Son tout premier article \u00e9nonce : \u00ab l\u2019encouragement de l\u2019int\u00e9gration maghr\u00e9bine en favorisant les \u00e9changes et la coop\u00e9ration au sein de l\u2019ensemble maghr\u00e9bin et entre celui-ci et la Communaut\u00e9 europ\u00e9enne et ses \u00c9tats membres \u00bb.<\/p>\n<p>Nous tenons, de prime abord, \u00e0 f\u00e9liciter profond\u00e9ment les honorables eurod\u00e9put\u00e9-e-s d\u2019avoir adopt\u00e9 des r\u00e9solutions opportunes en faveur de la d\u00e9nonciation des atteintes \u00e0 la libert\u00e9 d\u2019expression et des droits de l\u2019homme au Maroc [1] et en Alg\u00e9rie [2], malgr\u00e9 le fait qu\u2019il avait d\u00e9clench\u00e9 de vives protestations de la part des gouvernement marocain et alg\u00e9rien. Ces derniers suscitaient que vous avez intervenu dans l\u2019ing\u00e9rence de leurs affaires int\u00e9rieures, portant atteinte, en quelque sorte, \u00e0 la notion de \u00ab\u00a0pleine et enti\u00e8re souverainet\u00e9 des Etats\u00a0\u00bb. Alors qu\u2019en r\u00e9alit\u00e9, vous \u00eates intervenu en parfaite syntonie avec le contenu de l\u2019accord d\u2019Association que ces deux \u00e9tats avaient ratifi\u00e9 avec l\u2019UE, o\u00f9 l\u2019article 2 stipule clairement que : \u00ab\u00a0Le respect des principes d\u00e9mocratiques et des droits fondamentaux de l\u2019homme, tels qu\u2019 \u00e9nonc\u00e9s dans la d\u00e9claration universelle des droits de l\u2019homme, inspire les politiques internes et internationales des parties et constitue un \u00e9l\u00e9ment essentiel du pr\u00e9sent accord\u00a0\u00bb.<\/p>\n<p>Par contre, par rapport \u00e0 l\u2019actuel r\u00e9gime alg\u00e9rien, nous pouvons assurer qu\u2019il a bien commis une ing\u00e9rence dans les affaires internes de l\u2019un de vos \u00c9tats, en cr\u00e9ant une formation politique \u00e0 vocation s\u00e9paratiste et terroriste au Royaume de Belgique, avec des antennes en Espagne, aux Pays-Bas, en Allemagne, \u2026 Ce qui va manifestement \u00e0 l\u2019encontre de la notion de \u00ab pleine et enti\u00e8re souverainet\u00e9 des \u00c9tats \u00bb, en violant le paragraphe 7 de l\u2019article 2 de la charte des Nations-Unies du 26 juin 1945 [3].<\/p>\n<p>En effet, ces criminels et corrompus g\u00e9n\u00e9raux alg\u00e9riens viennent de cr\u00e9er le soi-disant \u00ab Parti National Rifain \u00bb en plein c\u0153ur de la capitale de votre UE, qu\u2019est Bruxelles, et qu\u2019ils ont dot\u00e9 d\u2019un bureau en plein c\u0153ur d\u2019Alger et d\u2019un budget cons\u00e9quent [4]. Pourquoi ?<\/p>\n<p>Ces derniers, non seulement ils ont r\u00e9ussi \u00e0 entraver l\u2019union des Etats d&rsquo;Afrique du Nord (appel\u00e9e erron\u00e9ment Union du Maghreb Arabe (UMA), alors que les pays maghr\u00e9bins ne sont pas du tout arabes [5] !) \u00e0 travers le soutien politico-militaire inconditionnel de mouvement s\u00e9paratiste de Polisario (qui a priori a d\u00e9j\u00e0 provoqu\u00e9 une guerre \u00e9conomique contre le Maroc depuis cinq d\u00e9cennies !), \u00e0 fermer les fronti\u00e8res terrestres et a\u00e9riennes avec le Maroc, \u00e0 cr\u00e9er les mouvements djihadistes au Sahel, \u00e0 alimenter le terrorisme d\u2019Etat ( qui n\u2019a pas \u00e9pargn\u00e9 des citoyens europ\u00e9ens comme le vil assassinat des sept moines fran\u00e7ais de Tibhirin, et que le journaliste Hicem Aboud a mis en cause directement \u00a0la responsabilit\u00e9 du g\u00e9n\u00e9ral M\u2019henna Djebbar \u00a0[6]), sinon, ils ont os\u00e9 aller encore plus loin, en soutenant la cr\u00e9ation de ce parti s\u00e9paratiste rifain \u00e0 Bruxelles le 17 septembre 2023! Ces sinistres g\u00e9n\u00e9raux alg\u00e9riens [7], emport\u00e9s dans cette nouvelle et sale m\u00e9saventure s\u00e9paratiste par le g\u00e9n\u00e9ral Djebbar, croient qu\u2019on proc\u00e9dant ainsi, ils vont arriver \u00e0 porter atteinte \u00e0 la stabilit\u00e9 du Royaume du Maroc, qui, derni\u00e8rement, a r\u00e9ussi \u00e0 gagner \u00e0 sa cause diplomatique plusieurs pays en faveur de sa th\u00e8se d\u2019octroyer un statut d\u2019autonomie \u00e0 sa r\u00e9gion saharienne !<\/p>\n<p>Excellences,<\/p>\n<p>Sachez bien que ce que les g\u00e9n\u00e9raux alg\u00e9riens n\u00e9gligent, consciemment ou inconsciemment, comme dommages collat\u00e9raux, c\u2019est qu&rsquo;en proc\u00e9dant ainsi, ils sont en train de d\u00e9stabiliser, pas seulement le Maroc, sinon ils portent aussi pr\u00e9judice \u00e0 la stabilit\u00e9 et \u00e0 la s\u00e9curit\u00e9 de vos propres \u00e9tats europ\u00e9ens. Imaginons et pronostiquons ensemble le cas extr\u00eame, tout-\u00e0-fait plausible, que des \u00e9l\u00e9ments de ce parti s\u00e9paratiste rifain, qui ont demand\u00e9 ouvertement des entra\u00eenements militaires en Alg\u00e9rie [8], franchissent le Rubicon et passent \u00e0 l\u2019action. Qu\u2019ils commettent des actions terroristes pour porter atteinte aux int\u00e9r\u00eats marocains. O\u00f9 ils pourront commettre ces probables attentats terroristes ? C\u2019est simple, soit en Europe, o\u00f9 plus de 5 millions d\u2019\u00e9migr\u00e9s marocains ont pris r\u00e9sidence, soit au Maroc, leur pays d\u2019origine. Supposons qu\u2019ils le commettent, loin de Bruxelles, au sein de leur r\u00e9gion d\u2019origine qu\u2019est le Rif, s\u2019ils arrivent \u00e0 contourner les services de renseignement marocains ! Le nord du Maroc, depuis la r\u00e9pression et l\u2019emprisonnement des dirigeants du \u00ab Hirak du Rif \u00bb, la pand\u00e9mie du Covid-19 et la fermeture des fronti\u00e8res commerciales avec les villes de Ceuta et Melilla, est devenue le th\u00e9\u00e2tre d\u2019un permanent trafic de jeunes vers les c\u00f4tes espagnoles. Des attentats, et les crises financi\u00e8res qui s\u2019en suivirent, ne feraient, dans ce panorama catastrophique, qu\u2019encourager et multiplier les vagues d\u2019\u00e9migration vers les c\u00f4tes sud-europ\u00e9ennes, et qui pourraient facilement d\u00e9passer celles \u00e9mises \u00e0 partir des c\u00f4tes libyennes et tunisiennes vers l&rsquo;\u00cele de Lampedusa et les c\u00f4tes italiennes !<\/p>\n<p>Penchons-nous encore vers un sch\u00e9ma plus catastrophique. On pourrait s\u2019attendre \u00e0 tout de la part de ces irresponsables dirigeants alg\u00e9riens, arm\u00e9s d\u2019une profonde haine envers le Maroc, en l\u2019occurrence de la part de duo Said Chengriha et d\u2019Abdelmajid Tebboune (du fait qu\u2019ils agissent vraiment comme des cas psychiatriques !), qui apr\u00e8s avoir ruin\u00e9 les conditions socio-\u00e9conomiques de leur propre peuple de plus de 40 millions de personnes (oblig\u00e9s de faire de longues queues pour s\u2019acqu\u00e9rir des produits de premi\u00e8re n\u00e9cessit\u00e9 dans un pays riche en gaz et en p\u00e9trole !), sont obs\u00e9d\u00e9s \u00e0 l\u2019id\u00e9e de d\u00e9clencher un conflit arm\u00e9 avec le Maroc (comme moyen de camoufler, bien s\u00fbr, leur profonde crise sociale et politique). Dans ce sens, cette d\u00e9sesp\u00e9r\u00e9e man\u0153uvre de soutenir et de cr\u00e9er un nouveau mouvement s\u00e9paratiste rifain n\u2019est, en fait de compte, qu\u2019une nouvelle et ni\u00e8me fois de provoquer le Maroc vers cette guerre fratricide, et que ce dernier essaie d\u2019\u00e9viter \u00e0 tout prix. Apr\u00e8s leur cuisant \u00e9chec diplomatique envers leurs voisins du sud, en l\u2019occurrence le Mali qui a mis fin \u00e0 l\u2019accord de paix sign\u00e9 \u00e0 Alger sur la question d\u2019Azawad [9] et qui s\u2019est tourn\u00e9 \u00e0 nouer, \u00e0 c\u00f4t\u00e9 de Niger et de Bourkina Fasso, de tr\u00e8s bonnes relations diplomatiques avec le Maroc, ils sortent la carte s\u00e9paratiste du Rif et la manipulation de la figure du grand h\u00e9ros d\u2019Abelkrim El Khattabi\u00a0 [10], alors que les Rifains ne sont pas des s\u00e9cessionnistes, comme l\u2019avait manifest\u00e9e sa propre fille, feue Aicha [11] ou l\u2019historienne espagnole, feue Maria Rosa de Madariaga [12]. Bref, une guerre frontale et directe entre les arm\u00e9es des deux pays fr\u00e8res de l\u2019Alg\u00e9rie et du Maroc auraient des cons\u00e9quences \u00e9minemment n\u00e9gatives et des r\u00e9percussions inimaginables sur toute l\u2019Union Europ\u00e9enne, d\u00e9j\u00e0 mise \u00e0 mal par le conflit Ukraino-Russe !<\/p>\n<p>En d\u00e9finitive, tant que vous ne mobilisez pas vos respectifs gouvernements et vous-m\u00eames, afin de prendre de courageuses et fermes mesures pour mettre fin \u00e0 la folie de ces g\u00e9n\u00e9raux \u00a0alg\u00e9riens et de stopper leurs machiav\u00e9liques man\u0153uvres, en commen\u00e7ant par exemple par boycotter l\u2019achat \u00a0de leur gaz naturel (avec lequel il finance la Russie), et, pourquoi pas, en rompant toute relation diplomatique tant qu\u2019ils ne respectent pas les articles 1 et 2 de l\u2019accord d\u2019Association Alg\u00e9rie-UE ainsi que le paragraphe 7 de l\u2019article 2 de la charte des Nations-Unies, ces derniers ne cesseront gu\u00e8re leur obsessionnel dessein, celui de d\u00e9stabiliser Tamazgha et l\u2019Europe.<\/p>\n<p style=\"text-align: center;\"><span style=\"color: #000080;\"><strong>Par Rachid RAHA, Pr\u00e9sident de l\u2019Assembl\u00e9e Mondiale Amazighe<\/strong><\/span><\/p>\n<p>Notes :<br \/>\n[1]- <a href=\"https:\/\/eur-lex.europa.eu\/legal-content\/FR\/TXT\/PDF\/?uri=CELEX:52023IP0014\" target=\"_blank\" rel=\"noopener\">https:\/\/eur-lex.europa.eu\/legal-content\/FR\/TXT\/PDF\/?uri=CELEX:52023IP0014<\/a><br \/>\n[2]- <a href=\"https:\/\/www.europarl.europa.eu\/doceo\/document\/RC-9-2023-0242_FR.pdf\" target=\"_blank\" rel=\"noopener\">https:\/\/www.europarl.europa.eu\/doceo\/document\/RC-9-2023-0242_FR.pdf<\/a><br \/>\n[3]-\u00a0<a href=\"https:\/\/www.un.org\/fr\/about-us\/un-charter\/full-text?fbclid=IwAR30pU4pDWq9aYB4p6s3VUSI1hOjluByqf6HZute4pwzjhLUXfAEbf0gKcw#:~:text=VOTE-,Article%2027,vote%20affirmatif%20de%20neuf%20membres\" target=\"_blank\" rel=\"noopener\">https:\/\/www.un.org\/fr\/about-us\/un-charter\/full-text<\/a><br \/>\n[4]-\u00a0<a href=\"https:\/\/www.maghreb-intelligence.com\/exclusif-comment-le-patron-de-la-ddse-mhenna-djebbar-sest-personnellement-implique-pour-mettre-sur-pied-de-guerre-le-parti-national-rifain\/\" target=\"_blank\" rel=\"noopener\">https:\/\/www.maghreb-intelligence.com\/exclusif-comment-le-patron-de-la-ddse-mhenna-djebbar-sest-personnellement-implique-pour-mettre-sur-pied-de-guerre-le-parti-national-rifain\/<\/a><br \/>\n[5]-\u00a0<a href=\"https:\/\/amadalamazigh.press.ma\/fr\/raha-demande-la-reconstruction-de-lunion-dafrique-du-nord-et-le-denouement-du-drame-libyen\/\" target=\"_blank\" rel=\"noopener\">https:\/\/amadalamazigh.press.ma\/fr\/raha-demande-la-reconstruction-de-lunion-dafrique-du-nord-et-le-denouement-du-drame-libyen\/<\/a><br \/>\n[6]- <a href=\"https:\/\/www.atalayar.com\/fr\/articulo\/politique\/algerie-france-sacrifie-moines-tibhirine-sur-l-autel-d-une-amitie-turbulente\/20230831091855190198.html\" target=\"_blank\" rel=\"noopener\">https:\/\/www.atalayar.com\/fr\/articulo\/politique\/algerie-france-sacrifie-moines-tibhirine-sur-l-autel-d-une-amitie-turbulente\/20230831091855190198.html<\/a><br \/>\n[7]- Hichem ABOUD : La Mafia des g\u00e9n\u00e9raux, JC Latt\u00e8s, 2002.<br \/>\n[8]-\u00a0<a href=\"https:\/\/www.yabiladi.com\/articles\/details\/142859\/parti-separatiste-rifain-demande-l-algerie.html\" target=\"_blank\" rel=\"noopener\">https:\/\/www.yabiladi.com\/articles\/details\/142859\/parti-separatiste-rifain-demande-l-algerie.html<\/a><br \/>\n[9]-\u00a0<a href=\"https:\/\/amadalamazigh.press.ma\/fr\/lunion-europeenne-pourrait-il-sauver-les-hommes-bleus-de-sahara-du-genocide-russo-malien\/\" target=\"_blank\" rel=\"noopener\">https:\/\/amadalamazigh.press.ma\/fr\/lunion-europeenne-pourrait-il-sauver-les-hommes-bleus-de-sahara-du-genocide-russo-malien\/<\/a><br \/>\n[10]- Mohamed Abdelkrim El Khattabi a toujours lutt\u00e9 en faveur de l\u2019union r\u00e9gional des Etats du Maghreb et dont nous nous sommes inspir\u00e9s pour la formulation de notre ambitieux projet politique de \u00abManifeste de Tamazgha\u00bb :\u00a0<a href=\"https:\/\/amamazigh.org\/2013\/11\/manifeste-de-tamazgha-pour-une-confederation-democratique-sociale-et-transfrontaliere-basee-sur-le-droit-a-lautonomie-des-regions\/\" target=\"_blank\" rel=\"noopener\">https:\/\/amamazigh.org\/2013\/11\/manifeste-de-tamazgha-pour-une-confederation-democratique-sociale-et-transfrontaliere-basee-sur-le-droit-a-lautonomie-des-regions\/<\/a><br \/>\n[11]-\u00a0<a href=\"https:\/\/fr.le360.ma\/politique\/video-aicha-el-khattabi-fille-du-heros-de-la-guerre-du-rif-repond-a-ceux-qui-veulent-salir-la-201316\/\" target=\"_blank\" rel=\"noopener\">https:\/\/fr.le360.ma\/politique\/video-aicha-el-khattabi-fille-du-heros-de-la-guerre-du-rif-repond-a-ceux-qui-veulent-salir-la-201316\/<\/a><br \/>\n[12]-\u00a0<a href=\"https:\/\/zamane.ma\/abdelkrim-el-khattabi-na-jamais-ete-secessionniste\/\" target=\"_blank\" rel=\"noopener\">https:\/\/zamane.ma\/abdelkrim-el-khattabi-na-jamais-ete-secessionniste\/<\/a><\/p>\n","protected":false},"excerpt":{"rendered":"<p>Excellences, M. Alexander De Croo, premier ministre du Royaume de Belgique et pr\u00e9sident du Conseil de l\u2019Union europ\u00e9enne M. Charles Michel, pr\u00e9sident du Conseil europ\u00e9en Mme. Ursula von der Leyen, pr\u00e9sidente de la Commission europ\u00e9enne Mme. Roberta Metsola, pr\u00e9sidente du Parlement europ\u00e9en M. Josep Borrell i Fontelles, Haut repr\u00e9sentant de l&rsquo;Union europ\u00e9enne pour les affaires &hellip;<\/p>\n","protected":false},"author":2,"featured_media":5837,"comment_status":"open","ping_status":"closed","sticky":false,"template":"","format":"standard","meta":{"jetpack_post_was_ever_published":false,"_jetpack_newsletter_access":"","_jetpack_dont_email_post_to_subs":false,"_jetpack_newsletter_tier_id":0,"_jetpack_memberships_contains_paywalled_content":false,"_jetpack_memberships_contains_paid_content":false,"footnotes":"","jetpack_publicize_message":"","jetpack_publicize_feature_enabled":true,"jetpack_social_post_already_shared":true,"jetpack_social_options":{"image_generator_settings":{"template":"highway","default_image_id":0,"font":"","enabled":false},"version":2}},"categories":[8],"tags":[],"class_list":["post-5836","post","type-post","status-publish","format-standard","has-post-thumbnail","","category-algerie"],"jetpack_publicize_connections":[],"jetpack_featured_media_url":"https:\/\/i0.wp.com\/amadalamazigh.press.ma\/fr\/wp-content\/uploads\/2024\/03\/alg.jpg?fit=840%2C438&ssl=1","jetpack_shortlink":"https:\/\/wp.me\/p9uxE2-1w8","jetpack_sharing_enabled":true,"_links":{"self":[{"href":"https:\/\/amadalamazigh.press.ma\/fr\/wp-json\/wp\/v2\/posts\/5836","targetHints":{"allow":["GET"]}}],"collection":[{"href":"https:\/\/amadalamazigh.press.ma\/fr\/wp-json\/wp\/v2\/posts"}],"about":[{"href":"https:\/\/amadalamazigh.press.ma\/fr\/wp-json\/wp\/v2\/types\/post"}],"author":[{"embeddable":true,"href":"https:\/\/amadalamazigh.press.ma\/fr\/wp-json\/wp\/v2\/users\/2"}],"replies":[{"embeddable":true,"href":"https:\/\/amadalamazigh.press.ma\/fr\/wp-json\/wp\/v2\/comments?post=5836"}],"version-history":[{"count":2,"href":"https:\/\/amadalamazigh.press.ma\/fr\/wp-json\/wp\/v2\/posts\/5836\/revisions"}],"predecessor-version":[{"id":5839,"href":"https:\/\/amadalamazigh.press.ma\/fr\/wp-json\/wp\/v2\/posts\/5836\/revisions\/5839"}],"wp:featuredmedia":[{"embeddable":true,"href":"https:\/\/amadalamazigh.press.ma\/fr\/wp-json\/wp\/v2\/media\/5837"}],"wp:attachment":[{"href":"https:\/\/amadalamazigh.press.ma\/fr\/wp-json\/wp\/v2\/media?parent=5836"}],"wp:term":[{"taxonomy":"category","embeddable":true,"href":"https:\/\/amadalamazigh.press.ma\/fr\/wp-json\/wp\/v2\/categories?post=5836"},{"taxonomy":"post_tag","embeddable":true,"href":"https:\/\/amadalamazigh.press.ma\/fr\/wp-json\/wp\/v2\/tags?post=5836"}],"curies":[{"name":"wp","href":"https:\/\/api.w.org\/{rel}","templated":true}]}}