{"id":5908,"date":"2024-03-29T21:34:40","date_gmt":"2024-03-29T20:34:40","guid":{"rendered":"https:\/\/amadalamazigh.press.ma\/fr\/?p=5908"},"modified":"2024-03-29T21:34:40","modified_gmt":"2024-03-29T20:34:40","slug":"wahiba-ajouaou-el-ayadi-nee-en-france-fille-dimmigres-et-exemple-meme-de-la-femme-rifaine","status":"publish","type":"post","link":"https:\/\/amadalamazigh.press.ma\/fr\/wahiba-ajouaou-el-ayadi-nee-en-france-fille-dimmigres-et-exemple-meme-de-la-femme-rifaine\/","title":{"rendered":"Wahiba Ajouaou-El Ayadi: n\u00e9e en France, fille d\u2019immigr\u00e9s et exemple m\u00eame de la femme rifaine"},"content":{"rendered":"<p><strong><img data-recalc-dims=\"1\" loading=\"lazy\" decoding=\"async\" class=\"size-medium wp-image-5909 alignleft\" src=\"https:\/\/i0.wp.com\/amadalamazigh.press.ma\/fr\/wp-content\/uploads\/2024\/03\/wahiba.jpg?resize=429%2C250&#038;ssl=1\" alt=\"\" width=\"429\" height=\"250\" srcset=\"https:\/\/i0.wp.com\/amadalamazigh.press.ma\/fr\/wp-content\/uploads\/2024\/03\/wahiba.jpg?resize=429%2C250&amp;ssl=1 429w, https:\/\/i0.wp.com\/amadalamazigh.press.ma\/fr\/wp-content\/uploads\/2024\/03\/wahiba.jpg?w=600&amp;ssl=1 600w\" sizes=\"auto, (max-width: 429px) 100vw, 429px\" \/>Comment vous d\u00e9finiriez-vous\u00a0? Qui est \u00ab\u00a0Wahiba El Ayadi\u00a0\u00bb\u00a0: quelles sont vos origines ainsi que votre parcours scolaire et personnel\u00a0? <\/strong><\/p>\n<p>Je me pr\u00e9sente je suis Wahiba Ajouaou-El Ayadi, j\u2019ai 29 ans et je suis d\u2019origine rifaine de Beni Sa\u00efd dans les hauteurs de Dar el Kebdani. Mes deux parents viennent de ces m\u00eames montagnes\u00a0; ils y sont n\u00e9s, y ont grandi, s\u2019y sont mari\u00e9s et y ont ensuite eu leurs premiers enfants. Cela fait 45 ans qu\u2019ils ont \u00e9migr\u00e9s en France en qu\u00eate d\u2019une vie meilleure pour eux et leur famille. Moi, je suis n\u00e9e en France, et je suis la cadette d\u2019une fratrie de 8 enfants (4 filles \u2013 4 gar\u00e7ons). Je me suis toujours sentie redevable, quelque part, vis-\u00e0-vis de ce p\u00e8re qui a durement travaill\u00e9 40 ans en tant qu\u2019ouvrir dans le b\u00e2timent et de cette m\u00e8re au foyer d\u00e9vou\u00e9e et aimante. Je pense qu\u2019ils ont \u00e9t\u00e9 la source de ma d\u00e9termination et c\u2019est ce qui a permis \u00e0 mes 7 fr\u00e8res et s\u0153urs et moi-m\u00eame d\u2019atteindre nos objectifs personnelles et professionnelles par la suite.<\/p>\n<p>Je suis rifaine et tr\u00e8s attach\u00e9e \u00e0 ma culture, ma langue, mes traditions et mes terres. Une vive \u00e9motion me saisit lorsque je pense \u00e0 mes anc\u00eatres nich\u00e9s l\u00e0-haut dans ces montagnes face \u00e0 la M\u00e9diterran\u00e9e. C\u2019est donc tout naturellement que tr\u00e8s jeune j\u2019ai sollicit\u00e9 mon p\u00e8re (en plus des vacances annuelles en famille au Maroc) pour qu\u2019il me ram\u00e8ne sur sa terre natale. Terre d\u00e9sert\u00e9e par les familles qui sont parties en Europe. Je voulais m\u2019impr\u00e9gner de leur histoire pour donner un sens \u00e0 la mienne. J\u2019\u00e9tais \u00e0 la recherche d\u2019une source de motivation, de compr\u00e9hension aussi, mais surtout je souhaitais donner du sens \u00e0 mon avenir. Face \u00e0 la maison de pierre et de terre de mes anc\u00eatres, partiellement en ruine, j\u2019ai \u00e9t\u00e9 frapp\u00e9 d\u2019une vive \u00e9motion. Une \u00e9motion indescriptible qui vous prend aux tripes. Le paysage est impressionnant mais je constate tr\u00e8s rapidement les difficult\u00e9s auxquelles ils devaient faire face\u00a0: absence totale d\u2019eau courante ou d\u2019\u00e9lectricit\u00e9. Une terre sauvage qui n\u2019a pu \u00eatre dompt\u00e9 que par les rifains. J\u2019y ai alors puis\u00e9 ma force.<\/p>\n<p>J\u2019aime m\u2019informer sur l\u2019Histoire de mon rif, de ses habitants, ses combattants, ses traditions ancestrales et sa mythologie parfois oubli\u00e9e. J\u2019aime apprendre des chants traditionnels et po\u00e9tiques que l\u2019on appelle \u00ab\u00a0izran\u00a0\u00bb et j\u2019aime \u00e9galement parler le rif avec mes proches. J\u2019ai l\u2019impression d\u2019avoir un tr\u00e9sor au fond de moi que je fais vivre en perp\u00e9tuant nos traditions et notre langue avec les personnes que je c\u00f4toie.<\/p>\n<p>Quant \u00e0 mon parcours scolaire, l\u2019enseignement \u00e9tait clairement une vocation, j\u2019ai toujours voulu transmettre des connaissances, des comp\u00e9tences, le chemin se dessinait donc clairement devant moi.\u00a0 C\u2019est pourquoi, j\u2019ai entam\u00e9 des \u00e9tudes d\u2019anglais \u00e0 l\u2019Universit\u00e9 o\u00f9 j\u2019y ai obtenu une licence en lettres langues et civilisations \u00e9trang\u00e8res puis un Master pour pouvoir passer le concours de professeur d\u2019anglais. Je l\u2019ai obtenu en 2016 et du haut de mes 22 ans je me retrouve alors \u00e0 r\u00e9aliser un r\u00eave\u00a0: je me tiens enfin devant une classe en tant que professeur. Depuis je n\u2019ai cess\u00e9 de me former ce qui m\u2019a notamment permis de passer des certifications compl\u00e9mentaires me permettant d\u2019enseigner \u00e9galement le Fran\u00e7ais Langue Seconde\/Etrang\u00e8re.<\/p>\n<p><strong>Dans un premier temps pouvez-vous nous expliquer en quoi consiste r\u00e9ellement votre travail\u00a0? Puis, altruiste que vous \u00eates, pouvez-vous d\u00e9crire vos activit\u00e9s associatives\u00a0?<\/strong><\/p>\n<p>Mon parcours professionnel est tr\u00e8s h\u00e9t\u00e9roclite, j\u2019ai enseign\u00e9 du CP au Master 2. J\u2019ai longtemps enseign\u00e9 dans le secondaire tout en \u00e9tant vacataire dans le sup\u00e9rieur mais depuis 2 ans maintenant j\u2019enseigne exclusivement dans le sup\u00e9rieur \u00e0 L\u2019Universit\u00e9 de Picardie Jules Verne o\u00f9 j\u2019y dirige des cours d\u2019anglais ainsi que des cours de FLE. Je suis \u00e9galement co-responsable du Centre de Ressources des Langues de l\u2019Universit\u00e9, un endroit pens\u00e9 et d\u00e9velopp\u00e9 pour viser l\u2019autonomie dans \u00e9tudiants dans l\u2019apprentissage des langues \u00e9trang\u00e8res. En parall\u00e8le je coordonne \u00e9galement en tant que responsable p\u00e9dagogique le parcours \u00ab\u00a0FLE Public en Exil\u00a0\u00bb qui accueille des r\u00e9fugi\u00e9s politiques et des demandeurs d\u2019asiles qui souhaitent apprendre le fran\u00e7ais une fois en France. Le FLE \u00e9tait une \u00e9vidence \u00e0 un moment donn\u00e9 de ma carri\u00e8re et je pense que cela fait \u00e9cho \u00e0 mon histoire familiale personnelle. En effet, apprendre le fran\u00e7ais aux nouveaux arrivants, me renvoyait constamment \u00e0 mes parents. Eux n\u2019ont pas eu cette chance. Ils sont venus travailler pour faire vivre leurs familles. Aujourd\u2019hui j\u2019explique \u00e0 mes \u00e9tudiants qu\u2019un avenir professionnel se dessine \u00e0 eux en France et qu\u2019il est possible pour eux de reprendre ou continuer leurs \u00e9tudes. Cette exp\u00e9rience professionnelle m\u2019a beaucoup fait m\u00fbrir.<\/p>\n<p>La dimension sociale de mon travail est tr\u00e8s importante pour moi car j\u2019aime pouvoir apporter mon aide \u00e0 l\u2019autre\u00a0; ouvrir le champ des possibles et montrer aux \u00e9tudiants qu\u2019avec un peu de volont\u00e9 et de d\u00e9termination nous pouvons accomplir de grandes choses. L\u2019un des synonymes de \u00ab\u00a0rifains\u00a0\u00bb l\u00e0 d\u2019o\u00f9 je viens est \u00ab\u00a0t\u00e9m\u00e9raire\u00a0\u00bb ou encore \u00ab\u00a0celui qui ose\u00a0\u00bb. Comme j\u2019ai os\u00e9, je souhaite transmettre cette id\u00e9e que les plus belles choses sont accessibles \u00e0 tous. D\u2019ailleurs, pour ce faire, je n\u2019ai pas trouv\u00e9 de meilleur alli\u00e9 que la culture. Afin de transmettre les valeurs, d\u00e9mocratiques, sociales et r\u00e9publicaines fran\u00e7aises, chaque ann\u00e9e je m\u2019engage dans un projet culturel qui s\u2019inscrit dans une th\u00e9matique qui vise l\u2019int\u00e9gration de ces nouveaux arrivants en France. J\u2019ai la chance d\u2019\u00eatre accompagn\u00e9e par une metteuse en sc\u00e8ne extraordinaire. Chaque ann\u00e9e, je dis aux \u00e9tudiants FLE qui viennent apprendre le fran\u00e7ais que nous allons monter un spectacle ensemble\u00a0; chaque ann\u00e9e je fais face \u00e0 des visages apeur\u00e9s de ne pouvoir r\u00e9ussir \u00e0 maitriser la langue\u00a0; chaque ann\u00e9e ils se surpassent et r\u00e9ussissent \u00e0 produire un spectacle qui suscite chaque fois l\u2019admiration du public.<\/p>\n<p>Je pense que pour moi la culture est un outil d\u2019ouverture au monde qu\u2019il ne faut absolument pas sous-estimer. Je suis le fruit d\u2019un m\u00e9lange entre deux cultures. Je suis diff\u00e9rente de mes anc\u00eatres qui avaient peur de perdre une partie de leurs identit\u00e9s en s\u2019installant dans un nouveau pays. Les rifains sont attach\u00e9s \u00e0 leur culture identitaire et ils ne veulent en rien que cette derni\u00e8re soit entach\u00e9e d\u2019autres traditions ou d\u2019autres coutumes. Mes parents, comme beaucoup d\u2019immigr\u00e9s de leurs \u00e9poques, avaient peur de se perdre dans un pays dont ils ne maitrisaient pas les codes sociaux. Craintifs, attach\u00e9s \u00e0 leurs origines amazighes, ils se sont int\u00e9gr\u00e9s \u00e0 la soci\u00e9t\u00e9 tout en conservant une certaine distance. Pour moi, c\u2019est diff\u00e9rent, je suis n\u00e9e en France et j\u2019ai grandi dans l\u2019\u00e9cole de la R\u00e9publique. Bien que je sois fermement attach\u00e9e \u00e0 mes origines rifaines, je me sens \u00e9galement tr\u00e8s concern\u00e9e par ma culture fran\u00e7aise. Je suis un arbre qui s\u2019enracine sur deux continents. Le m\u00e9lange est donc possible et c\u2019est ce que je souhaite v\u00e9hiculer comme message.<\/p>\n<p>\u00ab\u00a0Oser\u00a0\u00bb, je pense que c\u2019est ce qui caract\u00e9rise le plus mon parcours professionnel. Il y maintenant 7 ans, lorsque j\u2019\u00e9tais en poste dans le secondaire, je r\u00eavassais \u00e0 un poste dans le sup\u00e9rieur. J\u2019ai toujours admir\u00e9 mes professeurs \u00e0 l\u2019universit\u00e9. Ils repr\u00e9sentaient pour moi des mod\u00e8les de r\u00e9ussite et d\u2019accomplissement. Alors un mardi soir de septembre, je r\u00e9dige une lettre de motivation et un CV que j\u2019envoie en candidature spontan\u00e9e directement au Pr\u00e9sident de L\u2019universit\u00e9 (au culot\u00a0!)\u00a0 Je me souviens ne pas r\u00e9ussir \u00e0 faire une modification sur mon CV ce qui m\u2019a presque d\u00e9courag\u00e9. Mais je l\u2019ai quand m\u00eame envoy\u00e9\u00a0! Le lendemain matin on me contacte pour prendre en charge mes premi\u00e8res classes. J\u2019ai commenc\u00e9 avec 2h par semaine en plus de mes 18h dans le secondaire\u00a0; j\u2019ai termin\u00e9 l\u2019ann\u00e9e avec 10h en plus. Tout cela parce que j\u2019ai os\u00e9.<\/p>\n<p>En ce qui concerne la suite de ma carri\u00e8re, j\u2019aimerais pouvoir m\u2019installer au Maroc et y enseigner. L\u2019id\u00e9al serait de d\u00e9crocher un poste dans le sup\u00e9rieur ou un poste d\u2019expatri\u00e9e, je me renseigne et j\u2019esp\u00e8re pouvoir d\u00e9crocher les meilleures opportunit\u00e9s. Pour moi, c\u2019est la suite logique de mon cheminement.<\/p>\n<p>En outre, le domaine associatif a beaucoup impact\u00e9 mon parcours. A un moment donn\u00e9 de ma vie. J\u2019ai cette envie presque visc\u00e9rale de me sentir utile. Alors avec mon \u00e9quipe de b\u00e9n\u00e9voles nous avons souvent r\u00e9fl\u00e9chi \u00e0 comment aider sans tomber dans l\u2019assistanat, cela est donc pass\u00e9 par des formations gratuites, des cours et du soutien b\u00e9n\u00e9voles ou encore des aides d\u2019acc\u00e8s au travail. Cela dit, la chose dont je suis le plus fi\u00e8re est intimement li\u00e9e \u00e0 mes origines rifaines, car peu importe o\u00f9 je vais j\u2019y reviens constamment. Il y a deux ans avec mes proches, j\u2019ai \u00e9t\u00e9 \u00e0 l\u2019initiative de la construction d\u2019une maison pour mon oncle qui vit toujours dans des conditions pr\u00e9caires dans les montagnes rifaines. Son ancienne maison mena\u00e7ait de s\u2019\u00e9crouler \u00e0 cause des diverses intemp\u00e9ries et de la non -solidit\u00e9 des fondations. Ce n&rsquo;est non sans mal que nous avons r\u00e9ussi \u00e0 r\u00e9unir la somme de 50\u00a0000euros afin de lui offrir son havre de paix.<\/p>\n<p><strong>Quels conseils donneriez-vous aux femmes pour r\u00e9ussir\u00a0? <\/strong><\/p>\n<p>Si j\u2019ai bien une chose \u00e0 mettre en exergue lorsqu\u2019il en vient des femmes, je leur demanderai d\u2019oser pour r\u00e9ussir. La femme est un joyau qui doit \u00eatre choy\u00e9e et pr\u00e9serv\u00e9e certes, mais chaque femme poss\u00e8de en elle une force incommensurable capable de d\u00e9placer des montagnes. A mon sens, elle n\u2019est pas l\u2019\u00e9gal de l\u2019homme\u00a0; elle est bien plus. Elle repr\u00e9sente la vie, la compl\u00e9mentarit\u00e9, la n\u00e9cessit\u00e9, l\u2019envie, la force, la r\u00e9silience, la cr\u00e9ation\u2026 Une femme s\u00fbre d\u2019elle est une femme heureuse que rien ne peut arr\u00eater. Nous m\u00e9ritons, l\u2019encouragement et le respect qui nous est d\u00fb et je pense que lorsque nous sommes appr\u00e9ci\u00e9s \u00e0 notre juste valeur, nous pouvons alors accomplir de grandes choses. Je n\u2019ai pas forc\u00e9ment qu\u2019une vision f\u00e9ministe et ind\u00e9pendantiste de la femme car je consid\u00e8re qu\u2019avec l\u2019homme nous sommes compl\u00e9mentaires mais je pense sinc\u00e8rement qu\u2019en utilisant ce qui nous diff\u00e9rencie des hommes alors nous pouvons apporter une valeur ajout\u00e9e qualitative \u00e0 ce monde.<\/p>\n<p>Je conseille aux femmes de trouver et de cultiver cette force int\u00e9rieure qui les fait vivre afin d\u2019\u00eatre en harmonie avec leur temps. La culture rifaine peut \u00eatre parfois patriarchale mais j\u2019ai souvent l\u2019impression que la femme rifaine est sa propre limite\u00a0car \u00ab\u00a0un oiseau n\u00e9 en cage pense que voler est une maladie\u00a0\u00bb. J\u2019encourage alors ces femmes qui manquent de confiance en elles, \u00e0 observer le monde qui les entoure pour ne pas passer \u00e0 c\u00f4t\u00e9 de leurs vies. Nous vivons dans une \u00e9poque o\u00f9 tout est possible, peut-\u00eatre faut-il juste s\u2019imposer davantage et aussi d\u00e9montrer plus encore qu\u2019une femme rifaine peut exister autrement qu\u2019\u00e0 travers son beau r\u00f4le, de fille, de s\u0153ur ou d\u2019\u00e9pouse sans pour autant renier son identit\u00e9 amazighe.<\/p>\n<p><strong>Quel est votre rapport \u00e0 l\u2019\u00e9criture\u00a0? Pouvez-vous nous parler de vos diverses publications\u00a0? <\/strong><\/p>\n<p>J\u2019ai toujours aim\u00e9 \u00e9crire. C\u2019est pour moi un exutoire \u00e0 part enti\u00e8re. Pour faire entendre ma voix je gratte le papier avec ma plume et je pense que l\u2019\u00e9criture est le meilleur moyen d\u2019exposer simplement et clairement une id\u00e9e.<\/p>\n<p>En octobre 2019 j\u2019ai d\u2019abord publi\u00e9 un livre intitul\u00e9 <em>Frederick Douglass: the progress of a former slave: \u00ab Education as a liberating weapon that led him to recognition and emancipation \u00bb. <\/em>Ce livre retrace le combat de F. Douglass, ancien esclave qui tente d\u2019\u00e9chapper \u00e0 son destin fatidique \u00e0 travers l\u2019auto-\u00e9ducation. J\u2019ai beaucoup \u00e9tudi\u00e9 la condition des esclaves aux Etats-Unis durant mes \u00e9tudes et c\u2019est donc tout naturellement que j\u2019ai souhait\u00e9 publier mes recherches.<\/p>\n<p>Ensuite en d\u00e9cembre 2020, j\u2019ai publi\u00e9<em>\u00a0Sous le prisme de ma Spiritualit\u00e9<\/em>, une r\u00e9flexion et une analyse philosophique de la religion. Ce livre qui \u00e9tait une partie de mon journal intime n\u2019avait pas pour but la publication mais j\u2019ai d\u00e9cid\u00e9 de le publier afin qu\u2019il soit aussi utile \u00e0 moi qu\u2019aux autres. Dedans je parle de l\u2019\u00e9preuve et de ses cons\u00e9quences sur nous mais aussi des solutions qui sont mises \u00e0 notre disposition pour pouvoir d\u00e9passer ce qui nous emprisonne.<\/p>\n<p>En novembre 2021 j\u2019ai publi\u00e9 <em>Introduction \u00e0 l&rsquo;analyse litt\u00e9raire en d\u00e9but de cycle terminal : L&rsquo;analyse litt\u00e9raire et ses diff\u00e9rentes approches en classe de litt\u00e9rature \u00e9trang\u00e8re en langue \u00e9trang\u00e8re. <\/em>Ce manuel destin\u00e9 aux enseignants (mais pas que) r\u00e9f\u00e8re des strat\u00e9gies d\u2019analyse visant la facilitation de la dissertation et du commentaire de texte dans le cadre scolaire.<\/p>\n<p style=\"text-align: right;\">Nadia Boudra<\/p>\n","protected":false},"excerpt":{"rendered":"<p>Comment vous d\u00e9finiriez-vous\u00a0? Qui est \u00ab\u00a0Wahiba El Ayadi\u00a0\u00bb\u00a0: quelles sont vos origines ainsi que votre parcours scolaire et personnel\u00a0? Je me pr\u00e9sente je suis Wahiba Ajouaou-El Ayadi, j\u2019ai 29 ans et je suis d\u2019origine rifaine de Beni Sa\u00efd dans les hauteurs de Dar el Kebdani. Mes deux parents viennent de ces m\u00eames montagnes\u00a0; ils y &hellip;<\/p>\n","protected":false},"author":2,"featured_media":5909,"comment_status":"open","ping_status":"closed","sticky":false,"template":"","format":"standard","meta":{"jetpack_post_was_ever_published":false,"_jetpack_newsletter_access":"","_jetpack_dont_email_post_to_subs":false,"_jetpack_newsletter_tier_id":0,"_jetpack_memberships_contains_paywalled_content":false,"_jetpack_memberships_contains_paid_content":false,"footnotes":"","jetpack_publicize_message":"","jetpack_publicize_feature_enabled":true,"jetpack_social_post_already_shared":true,"jetpack_social_options":{"image_generator_settings":{"template":"highway","default_image_id":0,"font":"","enabled":false},"version":2}},"categories":[4],"tags":[],"class_list":["post-5908","post","type-post","status-publish","format-standard","has-post-thumbnail","","category-interviews"],"jetpack_publicize_connections":[],"jetpack_featured_media_url":"https:\/\/i0.wp.com\/amadalamazigh.press.ma\/fr\/wp-content\/uploads\/2024\/03\/wahiba.jpg?fit=600%2C350&ssl=1","jetpack_shortlink":"https:\/\/wp.me\/p9uxE2-1xi","jetpack_sharing_enabled":true,"_links":{"self":[{"href":"https:\/\/amadalamazigh.press.ma\/fr\/wp-json\/wp\/v2\/posts\/5908","targetHints":{"allow":["GET"]}}],"collection":[{"href":"https:\/\/amadalamazigh.press.ma\/fr\/wp-json\/wp\/v2\/posts"}],"about":[{"href":"https:\/\/amadalamazigh.press.ma\/fr\/wp-json\/wp\/v2\/types\/post"}],"author":[{"embeddable":true,"href":"https:\/\/amadalamazigh.press.ma\/fr\/wp-json\/wp\/v2\/users\/2"}],"replies":[{"embeddable":true,"href":"https:\/\/amadalamazigh.press.ma\/fr\/wp-json\/wp\/v2\/comments?post=5908"}],"version-history":[{"count":1,"href":"https:\/\/amadalamazigh.press.ma\/fr\/wp-json\/wp\/v2\/posts\/5908\/revisions"}],"predecessor-version":[{"id":5910,"href":"https:\/\/amadalamazigh.press.ma\/fr\/wp-json\/wp\/v2\/posts\/5908\/revisions\/5910"}],"wp:featuredmedia":[{"embeddable":true,"href":"https:\/\/amadalamazigh.press.ma\/fr\/wp-json\/wp\/v2\/media\/5909"}],"wp:attachment":[{"href":"https:\/\/amadalamazigh.press.ma\/fr\/wp-json\/wp\/v2\/media?parent=5908"}],"wp:term":[{"taxonomy":"category","embeddable":true,"href":"https:\/\/amadalamazigh.press.ma\/fr\/wp-json\/wp\/v2\/categories?post=5908"},{"taxonomy":"post_tag","embeddable":true,"href":"https:\/\/amadalamazigh.press.ma\/fr\/wp-json\/wp\/v2\/tags?post=5908"}],"curies":[{"name":"wp","href":"https:\/\/api.w.org\/{rel}","templated":true}]}}