{"id":5958,"date":"2024-04-16T13:55:53","date_gmt":"2024-04-16T12:55:53","guid":{"rendered":"https:\/\/amadalamazigh.press.ma\/fr\/?p=5958"},"modified":"2024-04-16T14:00:43","modified_gmt":"2024-04-16T13:00:43","slug":"le-journaliste-farid-alilate-refoule-arbitrairement-par-les-autorites-algeriennes","status":"publish","type":"post","link":"https:\/\/amadalamazigh.press.ma\/fr\/le-journaliste-farid-alilate-refoule-arbitrairement-par-les-autorites-algeriennes\/","title":{"rendered":"Le journaliste Farid Alilate refoul\u00e9 arbitrairement par les autorit\u00e9s Alg\u00e9riennes"},"content":{"rendered":"<p><img data-recalc-dims=\"1\" loading=\"lazy\" decoding=\"async\" class=\"size-medium wp-image-2911 alignright\" src=\"https:\/\/i0.wp.com\/amadalamazigh.press.ma\/fr\/wp-content\/uploads\/2020\/08\/riposte-internationale-logo.jpg?resize=354%2C250&#038;ssl=1\" alt=\"\" width=\"354\" height=\"250\" srcset=\"https:\/\/i0.wp.com\/amadalamazigh.press.ma\/fr\/wp-content\/uploads\/2020\/08\/riposte-internationale-logo.jpg?resize=354%2C250&amp;ssl=1 354w, https:\/\/i0.wp.com\/amadalamazigh.press.ma\/fr\/wp-content\/uploads\/2020\/08\/riposte-internationale-logo.jpg?w=842&amp;ssl=1 842w\" sizes=\"auto, (max-width: 354px) 100vw, 354px\" \/>Le journaliste Farid Alilat, travaillant pour le magazine panafricain Jeune Afrique, a \u00e9t\u00e9 interpell\u00e9 et refoul\u00e9 apr\u00e8s 11 heures d&rsquo;interpellation et de r\u00e9tention qu&rsquo;il a subie \u00e0 l&rsquo;a\u00e9roport international d&rsquo;Alger.<\/p>\n<p>Cette mesure draconienne contraste avec les normes internationales et met en lumi\u00e8re une d\u00e9rive autoritaire pr\u00e9occupante. Le cas de Farid Alilat t\u00e9moigne de la fragilit\u00e9 des libert\u00e9s individuelles en Alg\u00e9rie et de la n\u00e9cessit\u00e9 urgente de prot\u00e9ger les droits des journalistes.<\/p>\n<p>Riposte internationale condamne avec la plus grande vigueur le pr\u00e9c\u00e9dent que vient de cr\u00e9er le pouvoir alg\u00e9rien \u00e0 l&rsquo;encontre de Farid Alilat, journaliste alg\u00e9rien. Le refoulement de ce dernier \u00e0 son arriv\u00e9e \u00e0 l&rsquo;a\u00e9roport d\u2019Alger rel\u00e8ve d\u2019une \u00e9ni\u00e8me d\u00e9rive particuli\u00e8rement gravissime.<\/p>\n<p>Riposte internationale souligne \u00e9videmment le caract\u00e8re arbitraire et r\u00e9pressif de cette mesure qui n&rsquo;a qu&rsquo;une vis\u00e9e, \u00e0 savoir la p\u00e9rennisation du climat de terreur dans lequel le pouvoir a plong\u00e9 tout le pays.<\/p>\n<p>Riposte internationale condamn\u00e9 l&rsquo;acharnement dont sont victimes les journalistes et exprime ici et maintenant son enti\u00e8re solidarit\u00e9. Apr\u00e8s avoir s\u00e9v\u00e8rement verrouill\u00e9 le champ m\u00e9diatique et \u00abvassalis\u00e9\u00bb le fonctionnement des m\u00e9dias par le double chantage de la menace de fermeture administrative et de la distribution publicitaire, voil\u00e0 que maintenant qu\u2019il entame un nouveau cycle de r\u00e9pression au m\u00e9pris de la Constitution pourtant claire en la mati\u00e8re : \u00ab<em>Tout citoyen a le droit de choisir librement le lieu de sa r\u00e9sidence et de circuler librement sur le territoire national. Le droit d\u2019entr\u00e9e et de sortie du territoire national lui est garanti. Toute restriction \u00e0 ces droits ne peut \u00eatre ordonn\u00e9e que pour une dur\u00e9e d\u00e9termin\u00e9e par une d\u00e9cision motiv\u00e9e de l&rsquo;autorit\u00e9 judiciaire<\/em>\u00bb.<\/p>\n<p>Riposte internationale estime que cette expulsion d\u2019un Alg\u00e9rien de son pays est une grave d\u00e9rive. Elle est aussi un message clair \u00e0 l&rsquo;intention des Alg\u00e9riens r\u00e9sidant \u00e0 l&rsquo;\u00e9tranger engag\u00e9s dans une lutte pour un changement pacifique.<\/p>\n<p>Riposte internationale apporte son soutien au journaliste Farid Alilat et \u00e0 travers lui renouvelle son attachement \u00e0 une presse libre et ind\u00e9pendante.<\/p>\n<p>Riposte internationale exhorte la communaut\u00e9 internationale \u00e0 sortir de son silence complice et rompre avec son Indignation \u00e0 g\u00e9om\u00e9trie variable.<\/p>\n","protected":false},"excerpt":{"rendered":"<p>Le journaliste Farid Alilat, travaillant pour le magazine panafricain Jeune Afrique, a \u00e9t\u00e9 interpell\u00e9 et refoul\u00e9 apr\u00e8s 11 heures d&rsquo;interpellation et de r\u00e9tention qu&rsquo;il a subie \u00e0 l&rsquo;a\u00e9roport international d&rsquo;Alger. Cette mesure draconienne contraste avec les normes internationales et met en lumi\u00e8re une d\u00e9rive autoritaire pr\u00e9occupante. Le cas de Farid Alilat t\u00e9moigne de la fragilit\u00e9 &hellip;<\/p>\n","protected":false},"author":2,"featured_media":2911,"comment_status":"open","ping_status":"closed","sticky":false,"template":"","format":"standard","meta":{"jetpack_post_was_ever_published":false,"_jetpack_newsletter_access":"","_jetpack_dont_email_post_to_subs":false,"_jetpack_newsletter_tier_id":0,"_jetpack_memberships_contains_paywalled_content":false,"_jetpack_memberships_contains_paid_content":false,"footnotes":"","jetpack_publicize_message":"","jetpack_publicize_feature_enabled":true,"jetpack_social_post_already_shared":true,"jetpack_social_options":{"image_generator_settings":{"template":"highway","default_image_id":0,"font":"","enabled":false},"version":2}},"categories":[8],"tags":[],"class_list":["post-5958","post","type-post","status-publish","format-standard","has-post-thumbnail","","category-algerie"],"jetpack_publicize_connections":[],"jetpack_featured_media_url":"https:\/\/i0.wp.com\/amadalamazigh.press.ma\/fr\/wp-content\/uploads\/2020\/08\/riposte-internationale-logo.jpg?fit=842%2C595&ssl=1","jetpack_shortlink":"https:\/\/wp.me\/p9uxE2-1y6","jetpack_sharing_enabled":true,"_links":{"self":[{"href":"https:\/\/amadalamazigh.press.ma\/fr\/wp-json\/wp\/v2\/posts\/5958","targetHints":{"allow":["GET"]}}],"collection":[{"href":"https:\/\/amadalamazigh.press.ma\/fr\/wp-json\/wp\/v2\/posts"}],"about":[{"href":"https:\/\/amadalamazigh.press.ma\/fr\/wp-json\/wp\/v2\/types\/post"}],"author":[{"embeddable":true,"href":"https:\/\/amadalamazigh.press.ma\/fr\/wp-json\/wp\/v2\/users\/2"}],"replies":[{"embeddable":true,"href":"https:\/\/amadalamazigh.press.ma\/fr\/wp-json\/wp\/v2\/comments?post=5958"}],"version-history":[{"count":3,"href":"https:\/\/amadalamazigh.press.ma\/fr\/wp-json\/wp\/v2\/posts\/5958\/revisions"}],"predecessor-version":[{"id":5961,"href":"https:\/\/amadalamazigh.press.ma\/fr\/wp-json\/wp\/v2\/posts\/5958\/revisions\/5961"}],"wp:featuredmedia":[{"embeddable":true,"href":"https:\/\/amadalamazigh.press.ma\/fr\/wp-json\/wp\/v2\/media\/2911"}],"wp:attachment":[{"href":"https:\/\/amadalamazigh.press.ma\/fr\/wp-json\/wp\/v2\/media?parent=5958"}],"wp:term":[{"taxonomy":"category","embeddable":true,"href":"https:\/\/amadalamazigh.press.ma\/fr\/wp-json\/wp\/v2\/categories?post=5958"},{"taxonomy":"post_tag","embeddable":true,"href":"https:\/\/amadalamazigh.press.ma\/fr\/wp-json\/wp\/v2\/tags?post=5958"}],"curies":[{"name":"wp","href":"https:\/\/api.w.org\/{rel}","templated":true}]}}